{"id":36791,"date":"2017-11-16T16:46:31","date_gmt":"2017-11-16T22:46:31","guid":{"rendered":"https:\/\/www.uv.mx\/prensa\/?p=36791"},"modified":"2017-11-16T16:51:19","modified_gmt":"2017-11-16T22:51:19","slug":"alumnas-de-arquitectura-ganaron-el-interfacultades-de-futbol-rapido","status":"publish","type":"post","link":"https:\/\/www.uv.mx\/prensa\/deportes\/alumnas-de-arquitectura-ganaron-el-interfacultades-de-futbol-rapido\/","title":{"rendered":"Alumnas de Arquitectura ganaron el Interfacultades de Futbol R\u00e1pido"},"content":{"rendered":"<ul>\n<li><i><em>En gran juego vencieron 6-2 a Ciencias de la Salud<\/em><\/i><\/li>\n<\/ul>\n<p>&nbsp;<\/p>\n<div id=\"attachment_36792\" style=\"width: 732px\" class=\"wp-caption aligncenter\"><a href=\"https:\/\/www.uv.mx\/prensa\/files\/2017\/11\/161117.-Arquitectura-1-ok.jpg\"><img aria-describedby=\"caption-attachment-36792\" decoding=\"async\" loading=\"lazy\" class=\"size-full wp-image-36792\" src=\"https:\/\/www.uv.mx\/prensa\/files\/2017\/11\/161117.-Arquitectura-1-ok.jpg\" alt=\"\" width=\"722\" height=\"481\" srcset=\"https:\/\/www.uv.mx\/prensa\/files\/2017\/11\/161117.-Arquitectura-1-ok.jpg 722w, https:\/\/www.uv.mx\/prensa\/files\/2017\/11\/161117.-Arquitectura-1-ok-300x200.jpg 300w\" sizes=\"(max-width: 722px) 100vw, 722px\" \/><\/a><p id=\"caption-attachment-36792\" class=\"wp-caption-text\">Arquitectura, campe\u00f3n<\/p><\/div>\n<p>&nbsp;<\/p>\n<p><strong><em>Santiago Morales Ortiz<\/em><\/strong><\/p>\n<p>&nbsp;<\/p>\n<p><strong><em>16\/11\/2017, Xalapa, Ver.-<\/em><\/strong> En un gran encuentro, el representativo de la Facultad de Arquitectura se coron\u00f3 campe\u00f3n del Torneo Interfacultades de Futbol R\u00e1pido Femenil de la Universidad Veracruzana, tras derrotar con marcador de 6-2 a la Unidad de Ciencias de la Salud (UCS).<\/p>\n<p>Ambos equipos llegaron en plan grande: Arquitectura despu\u00e9s de derrotar en semifinales 3-0 a Ciencias Atmosf\u00e9ricas y la UCS hizo lo propio ante Pedagog\u00eda por 5-1.<\/p>\n<p>Ya en la gran final, las arquitectas lucieron contundentes y con goles de Liz Rodr\u00edguez (3), Adriana Vargas, Melisa P\u00e9rez y Karla Amores, mientras que por la UCS descont\u00f3 Mar\u00eda Mapel en dos ocasiones.<\/p>\n<p>&nbsp;<\/p>\n<div id=\"attachment_36794\" style=\"width: 732px\" class=\"wp-caption aligncenter\"><a href=\"https:\/\/www.uv.mx\/prensa\/files\/2017\/11\/161117.-Arquitectura-2-ok.jpg\"><img aria-describedby=\"caption-attachment-36794\" decoding=\"async\" loading=\"lazy\" class=\"size-full wp-image-36794\" src=\"https:\/\/www.uv.mx\/prensa\/files\/2017\/11\/161117.-Arquitectura-2-ok.jpg\" alt=\"\" width=\"722\" height=\"481\" srcset=\"https:\/\/www.uv.mx\/prensa\/files\/2017\/11\/161117.-Arquitectura-2-ok.jpg 722w, https:\/\/www.uv.mx\/prensa\/files\/2017\/11\/161117.-Arquitectura-2-ok-300x200.jpg 300w\" sizes=\"(max-width: 722px) 100vw, 722px\" \/><\/a><p id=\"caption-attachment-36794\" class=\"wp-caption-text\">Encuentro entre Arquitectura y Ciencias de la Salud<\/p><\/div>\n<p>&nbsp;<\/p>\n<p>Al finalizar el juego se llev\u00f3 a cabo la entrega de medallas, a cargo del instructor Miguel \u00c1ngel Maldonado Hern\u00e1ndez, coordinador del Futbol R\u00e1pido en la Direcci\u00f3n de Actividades Deportivas (DADUV), quien felicit\u00f3 a los equipos participantes.<\/p>\n<p>En la rama varonil, el campe\u00f3n fue Pedagog\u00eda al derrotar 6-1 a Econom\u00eda.<\/p>\n<p>Los torneos registraron buena participaci\u00f3n, pues fueron 30 equipos en la rama varonil y 10 en la femenil.<\/p>\n","protected":false},"excerpt":{"rendered":"<p><strong><em> Santiago Morales Ortiz.-<\/em><\/strong> En un gran encuentro, el representativo de la Facultad de Arquitectura se coron\u00f3 campe\u00f3n del Torneo Interfacultades de Futbol R\u00e1pido Femenil de la Universidad Veracruzana, tras derrotar con marcador de 6-2 a la Unidad de Ciencias de la Salud (UCS).<\/p>\n","protected":false},"author":1809,"featured_media":36797,"comment_status":"closed","ping_status":"closed","sticky":false,"template":"","format":"standard","meta":[],"categories":[12],"tags":[],"_links":{"self":[{"href":"https:\/\/www.uv.mx\/prensa\/wp-json\/wp\/v2\/posts\/36791"}],"collection":[{"href":"https:\/\/www.uv.mx\/prensa\/wp-json\/wp\/v2\/posts"}],"about":[{"href":"https:\/\/www.uv.mx\/prensa\/wp-json\/wp\/v2\/types\/post"}],"author":[{"embeddable":true,"href":"https:\/\/www.uv.mx\/prensa\/wp-json\/wp\/v2\/users\/1809"}],"replies":[{"embeddable":true,"href":"https:\/\/www.uv.mx\/prensa\/wp-json\/wp\/v2\/comments?post=36791"}],"version-history":[{"count":0,"href":"https:\/\/www.uv.mx\/prensa\/wp-json\/wp\/v2\/posts\/36791\/revisions"}],"wp:featuredmedia":[{"embeddable":true,"href":"https:\/\/www.uv.mx\/prensa\/wp-json\/wp\/v2\/media\/36797"}],"wp:attachment":[{"href":"https:\/\/www.uv.mx\/prensa\/wp-json\/wp\/v2\/media?parent=36791"}],"wp:term":[{"taxonomy":"category","embeddable":true,"href":"https:\/\/www.uv.mx\/prensa\/wp-json\/wp\/v2\/categories?post=36791"},{"taxonomy":"post_tag","embeddable":true,"href":"https:\/\/www.uv.mx\/prensa\/wp-json\/wp\/v2\/tags?post=36791"}],"curies":[{"name":"wp","href":"https:\/\/api.w.org\/{rel}","templated":true}]}}