{"id":36991,"date":"2017-11-17T21:50:27","date_gmt":"2017-11-18T03:50:27","guid":{"rendered":"https:\/\/www.uv.mx\/prensa\/?p=36991"},"modified":"2018-05-25T09:56:15","modified_gmt":"2018-05-25T14:56:15","slug":"uv-apoya-comunicacion-publica-de-la-ciencia","status":"publish","type":"post","link":"https:\/\/www.uv.mx\/prensa\/general\/uv-apoya-comunicacion-publica-de-la-ciencia\/","title":{"rendered":"UV apoya comunicaci\u00f3n p\u00fablica de la ciencia"},"content":{"rendered":"<ul>\n<li><em>Premi\u00f3 a ganadores del 4\u00ba Concurso Universitario de Divulgaci\u00f3n de la Ciencia<\/em><\/li>\n<li><em>Participaron investigadores, docentes y estudiantes de las cinco regiones universitarias<\/em><\/li>\n<\/ul>\n<p>&nbsp;<\/p>\n<div id=\"attachment_36992\" style=\"width: 732px\" class=\"wp-caption aligncenter\"><a href=\"https:\/\/www.uv.mx\/prensa\/files\/2017\/11\/Premio-UV-a-ganadores-1-211117-ok-ok.jpg\"><img aria-describedby=\"caption-attachment-36992\" decoding=\"async\" loading=\"lazy\" class=\"size-full wp-image-36992\" src=\"https:\/\/www.uv.mx\/prensa\/files\/2017\/11\/Premio-UV-a-ganadores-1-211117-ok-ok.jpg\" alt=\"\" width=\"722\" height=\"481\" srcset=\"https:\/\/www.uv.mx\/prensa\/files\/2017\/11\/Premio-UV-a-ganadores-1-211117-ok-ok.jpg 722w, https:\/\/www.uv.mx\/prensa\/files\/2017\/11\/Premio-UV-a-ganadores-1-211117-ok-ok-300x200.jpg 300w\" sizes=\"(max-width: 722px) 100vw, 722px\" \/><\/a><p id=\"caption-attachment-36992\" class=\"wp-caption-text\">Marely de la Cruz Garc\u00eda S\u00e1nchez, ganadora del primer lugar<\/p><\/div>\n<p>&nbsp;<\/p>\n<p>&nbsp;<\/p>\n<p><strong><em>Jos\u00e9 Luis <\/em><\/strong><strong><em>Couttolenc<\/em><\/strong><strong><em> Soto<\/em><\/strong><\/p>\n<p>&nbsp;<\/p>\n<p><strong><em>21\/11\/2017, Xalapa, Ver.- <\/em><\/strong>Los ganadores del 4\u00ba Concurso Universitario de Divulgaci\u00f3n de la Ciencia 2017, convocado por la Direcci\u00f3n General de Difusi\u00f3n Cultural a trav\u00e9s de la Direcci\u00f3n de Comunicaci\u00f3n de la Ciencia de la Universidad Veracruzana (UV), fueron premiados el viernes 17 de noviembre durante un evento que tuvo lugar en la Sala \u201cCarlos Fuentes Lemus\u201d de la Unidad de Servicios Bibliotecarios y de Informaci\u00f3n (USBI).<\/p>\n<p>Manuel Mart\u00ednez Morales, director de Comunicaci\u00f3n de la Ciencia, dio a conocer que participaron 36 trabajos de la autor\u00eda de investigadores, docentes y estudiantes de las cinco regiones de la UV, \u201ctodos de excelente calidad que ameritan se den a conocer en diversas publicaciones, porque lo que pretendemos es apoyar la comunicaci\u00f3n p\u00fablica de la ciencia para que esta actividad sea generalizada\u201d.<\/p>\n<p>Destac\u00f3 que la UV se contin\u00faa posicionando en este campo de la comunicaci\u00f3n del que, dijo, en otras universidades del mundo tiene ya una categor\u00eda acad\u00e9mica, puesto que no se le considera como un servicio dentro del campo de la difusi\u00f3n, sino una disciplina acad\u00e9mica en sus diferentes vertientes.<\/p>\n<p>Dijo que son tres los ejes rectores dentro de la comunicaci\u00f3n cient\u00edfica: la investigaci\u00f3n y la profesionalizaci\u00f3n en la comunicaci\u00f3n de la ciencia, as\u00ed como la producci\u00f3n y vinculaci\u00f3n con quienes va dirigida.<\/p>\n<p>Las tres ediciones anteriores del concurso fueron en las modalidades de talleres, fotograf\u00eda y video, por lo que en esta ocasi\u00f3n se acord\u00f3 que fuera la comunicaci\u00f3n escrita.<\/p>\n<p>&nbsp;<\/p>\n<div id=\"attachment_36993\" style=\"width: 732px\" class=\"wp-caption aligncenter\"><a href=\"https:\/\/www.uv.mx\/prensa\/files\/2017\/11\/Premio-UV-a-ganadores-2-211117-ok-ok.jpg\"><img aria-describedby=\"caption-attachment-36993\" decoding=\"async\" loading=\"lazy\" class=\"wp-image-36993 size-full\" src=\"https:\/\/www.uv.mx\/prensa\/files\/2017\/11\/Premio-UV-a-ganadores-2-211117-ok-ok.jpg\" alt=\"\" width=\"722\" height=\"481\" srcset=\"https:\/\/www.uv.mx\/prensa\/files\/2017\/11\/Premio-UV-a-ganadores-2-211117-ok-ok.jpg 722w, https:\/\/www.uv.mx\/prensa\/files\/2017\/11\/Premio-UV-a-ganadores-2-211117-ok-ok-300x200.jpg 300w\" sizes=\"(max-width: 722px) 100vw, 722px\" \/><\/a><p id=\"caption-attachment-36993\" class=\"wp-caption-text\">Bernardino Isaac Cerda Cristerna obtuvo el segundo lugar<\/p><\/div>\n<p>&nbsp;<\/p>\n<p>Los tres primeros lugares correspondieron, respectivamente, a Marely de la Cruz Garc\u00eda S\u00e1nchez, de la Facultad de Ciencias Biol\u00f3gicas Agropecuarias regi\u00f3n Orizaba-C\u00f3rdoba, con el art\u00edculo \u201c\u00bfConchas de caracoles en las tortillas?\u201d; Bernardino\u00a0Isaac Cerda Cristerna, de la Facultad de Odontolog\u00eda de la misma regi\u00f3n, con el art\u00edculo \u201cEstomat\u00f3logos cient\u00edficos: dentistas buscando dientes\u201d, y Jorge Manuel Su\u00e1rez Medell\u00edn, del Centro de Investigaciones Cerebrales, con el art\u00edculo \u201cLa rosa con cualquier otro nombre\u201d.<\/p>\n<p>El jurado calificador decidi\u00f3 otorgar una menci\u00f3n especial a Isis Vela Ortiz, del Centro de Investigaciones Tropicales (<em>Citro<\/em>), por su art\u00edculo \u201cLas cucarachas buscan rinc\u00f3n, los girasoles el sol\u201d.<\/p>\n<p>Marely de la Cruz dijo que el art\u00edculo con el que concurs\u00f3 forma parte de su trabajo de tesis \u201cEtnobiolog\u00eda de caracoles de agua dulce en una comunidad de Chiapas\u201d, que es resultado de la informaci\u00f3n que recab\u00f3 en la comunidad Chol, que se localiza en la sierra norte chiapaneca, en donde los pobladores conservan sus costumbres ancestrales.<\/p>\n<p>All\u00ed, explica, consumen el caracol dulce acu\u00edcola, luego hierven la concha y mediante un proceso lo vierten al ma\u00edz para suavizarlo, o bien a su pericarpio (c\u00e1scara de ma\u00edz), para luego de ah\u00ed hacer tortillas.<\/p>\n<p>Originaria del municipio de Salto de Agua, Chiapas, Garc\u00eda S\u00e1nchez reconoci\u00f3 que no esperaba ganar el concurso, pero haberlo logrado le representa una gran satisfacci\u00f3n dado que busc\u00f3 rescatar y revalorar lo que existe en Chiapas y que conservan las comunidades ind\u00edgenas.<\/p>\n<p>Estuvieron presentes Dalia Guti\u00e9rrez Lagunas, jefe de Oficina de Asuntos T\u00e9cnicos de la Direcci\u00f3n de Difusi\u00f3n Cultural, y A\u00edda Pozos Villanueva, miembro del jurado calificador del concurso.<\/p>\n<div id=\"attachment_36994\" style=\"width: 732px\" class=\"wp-caption aligncenter\"><a href=\"https:\/\/www.uv.mx\/prensa\/files\/2017\/11\/Premio-UV-a-ganadores-3-211117-ok-ok.jpg\"><img aria-describedby=\"caption-attachment-36994\" decoding=\"async\" loading=\"lazy\" class=\"size-full wp-image-36994\" src=\"https:\/\/www.uv.mx\/prensa\/files\/2017\/11\/Premio-UV-a-ganadores-3-211117-ok-ok.jpg\" alt=\"\" width=\"722\" height=\"481\" srcset=\"https:\/\/www.uv.mx\/prensa\/files\/2017\/11\/Premio-UV-a-ganadores-3-211117-ok-ok.jpg 722w, https:\/\/www.uv.mx\/prensa\/files\/2017\/11\/Premio-UV-a-ganadores-3-211117-ok-ok-300x200.jpg 300w\" sizes=\"(max-width: 722px) 100vw, 722px\" \/><\/a><p id=\"caption-attachment-36994\" class=\"wp-caption-text\">El tercer lugar fue para Jorge Manuel Su\u00e1rez Medell\u00edn<\/p><\/div>\n<p>&nbsp;<\/p>\n","protected":false},"excerpt":{"rendered":"<p><strong><em>Jos\u00e9 Luis Couttolenc .-<\/em><\/strong>Los ganadores del 4\u00ba Concurso Universitario de Divulgaci\u00f3n de la Ciencia 2017, convocado por la Direcci\u00f3n General de Difusi\u00f3n Cultural a trav\u00e9s de la Direcci\u00f3n de Comunicaci\u00f3n de la Ciencia de la Universidad Veracruzana (UV), fueron premiados el viernes 17 de noviembre durante un evento que tuvo lugar en la Sala \u201cCarlos Fuentes Lemus\u201d de la Unidad de Servicios Bibliotecarios y de Informaci\u00f3n (USBI).<\/p>\n","protected":false},"author":1810,"featured_media":36995,"comment_status":"closed","ping_status":"closed","sticky":false,"template":"","format":"standard","meta":[],"categories":[1],"tags":[3],"_links":{"self":[{"href":"https:\/\/www.uv.mx\/prensa\/wp-json\/wp\/v2\/posts\/36991"}],"collection":[{"href":"https:\/\/www.uv.mx\/prensa\/wp-json\/wp\/v2\/posts"}],"about":[{"href":"https:\/\/www.uv.mx\/prensa\/wp-json\/wp\/v2\/types\/post"}],"author":[{"embeddable":true,"href":"https:\/\/www.uv.mx\/prensa\/wp-json\/wp\/v2\/users\/1810"}],"replies":[{"embeddable":true,"href":"https:\/\/www.uv.mx\/prensa\/wp-json\/wp\/v2\/comments?post=36991"}],"version-history":[{"count":0,"href":"https:\/\/www.uv.mx\/prensa\/wp-json\/wp\/v2\/posts\/36991\/revisions"}],"wp:featuredmedia":[{"embeddable":true,"href":"https:\/\/www.uv.mx\/prensa\/wp-json\/wp\/v2\/media\/36995"}],"wp:attachment":[{"href":"https:\/\/www.uv.mx\/prensa\/wp-json\/wp\/v2\/media?parent=36991"}],"wp:term":[{"taxonomy":"category","embeddable":true,"href":"https:\/\/www.uv.mx\/prensa\/wp-json\/wp\/v2\/categories?post=36991"},{"taxonomy":"post_tag","embeddable":true,"href":"https:\/\/www.uv.mx\/prensa\/wp-json\/wp\/v2\/tags?post=36991"}],"curies":[{"name":"wp","href":"https:\/\/api.w.org\/{rel}","templated":true}]}}