{"id":37925,"date":"2017-11-30T11:09:40","date_gmt":"2017-11-30T17:09:40","guid":{"rendered":"https:\/\/www.uv.mx\/prensa\/?p=37925"},"modified":"2017-11-30T12:08:48","modified_gmt":"2017-11-30T18:08:48","slug":"viejas-practicas-de-control-politico-colapsaron-veracruz-alberto-olvera","status":"publish","type":"post","link":"https:\/\/www.uv.mx\/prensa\/general\/viejas-practicas-de-control-politico-colapsaron-veracruz-alberto-olvera\/","title":{"rendered":"Viejas pr\u00e1cticas de control pol\u00edtico colapsaron Veracruz: Alberto Olvera"},"content":{"rendered":"<ul>\n<li><em>El investigador de la UV expuso que el manejo de los recursos p\u00fablicos en la entidad fue \u201cca\u00f3tico\u201d en los \u00faltimos dos sexenios<\/em><\/li>\n<\/ul>\n<p>&nbsp;<\/p>\n<div id=\"attachment_37932\" style=\"width: 732px\" class=\"wp-caption aligncenter\"><a href=\"https:\/\/www.uv.mx\/prensa\/files\/2017\/11\/Nosotrxs-Alberto-Olvera-1-301117-ok.jpg\"><img aria-describedby=\"caption-attachment-37932\" decoding=\"async\" loading=\"lazy\" class=\"size-full wp-image-37932\" src=\"https:\/\/www.uv.mx\/prensa\/files\/2017\/11\/Nosotrxs-Alberto-Olvera-1-301117-ok.jpg\" alt=\"\" width=\"722\" height=\"482\" srcset=\"https:\/\/www.uv.mx\/prensa\/files\/2017\/11\/Nosotrxs-Alberto-Olvera-1-301117-ok.jpg 722w, https:\/\/www.uv.mx\/prensa\/files\/2017\/11\/Nosotrxs-Alberto-Olvera-1-301117-ok-300x200.jpg 300w\" sizes=\"(max-width: 722px) 100vw, 722px\" \/><\/a><p id=\"caption-attachment-37932\" class=\"wp-caption-text\">El Coloquio Internacional Nosotrxs se desarroll\u00f3 en el IIH-S<\/p><\/div>\n<p>&nbsp;<\/p>\n<p><strong><em>Karina de la Paz Reyes D\u00edaz<\/em><\/strong><\/p>\n<p>&nbsp;<\/p>\n<p><strong><em>30\/11\/2017, Xalapa, Ver.-<\/em><\/strong> Alberto Olvera Rivera, acad\u00e9mico adscrito al Instituto de Investigaciones Hist\u00f3rico-Sociales (IIH-S) de la Universidad Veracruzana (UV), destac\u00f3 que la entidad vive un colapso monumental y que la tarea para la recuperaci\u00f3n del estado de derecho es cuesta arriba.<\/p>\n<p>El historiador habl\u00f3 de \u201cLa situaci\u00f3n de Veracruz en relaci\u00f3n con las causas que promueve el movimiento Nosotrxs\u201d, participaci\u00f3n que inaugur\u00f3 las actividades del Coloquio Internacional Nosotrxs, que se desarroll\u00f3 el martes 28 de noviembre en el Auditorio \u201cGonzalo Aguirre Beltr\u00e1n\u201d del IIH-S.<\/p>\n<p>Nosotrxs es un movimiento pol\u00edtico de ciudadanos organizados, entre cuyas intenciones est\u00e1 la vigilancia de que los partidos, los representantes pol\u00edticos y los gobiernos cumplan con sus obligaciones. Tiene representaci\u00f3n en 25 entidades del pa\u00eds y en esta ocasi\u00f3n se present\u00f3 el Cap\u00edtulo Veracruz.<\/p>\n<p>En su intervenci\u00f3n, Alberto Olvera hizo una minuciosa explicaci\u00f3n de por qu\u00e9 Veracruz ha llegado al grado de deterioro que actualmente padece en materia pol\u00edtica, institucional y moral, \u201cque de alguna forma ejemplifica el desastre nacional, pero radicalizado\u201d.<\/p>\n<p>Parti\u00f3 de recordar que el r\u00e9gimen pol\u00edtico veracruzano ha tenido una larga gestaci\u00f3n y, como en el pa\u00eds, est\u00e1 basado en el control corporativo de los sectores sociales, a trav\u00e9s de sindicatos de trabajadores paraestatales, la base campesina ejidataria y el sector popular aglutinado en organizaciones como la Confederaci\u00f3n Nacional de Organizaciones Populares.<\/p>\n<p>Tras el recuento, remarc\u00f3 que actualmente \u201cVeracruz vive un colapso monumental de lo que hab\u00edan sido las viejas pr\u00e1cticas de control pol\u00edtico\u201d.<\/p>\n<p>&nbsp;<\/p>\n<div id=\"attachment_37934\" style=\"width: 732px\" class=\"wp-caption aligncenter\"><a href=\"https:\/\/www.uv.mx\/prensa\/files\/2017\/11\/Nosotrxs-Alberto-Olvera-2-301117-ok.jpg\"><img aria-describedby=\"caption-attachment-37934\" decoding=\"async\" loading=\"lazy\" class=\"size-full wp-image-37934\" src=\"https:\/\/www.uv.mx\/prensa\/files\/2017\/11\/Nosotrxs-Alberto-Olvera-2-301117-ok.jpg\" alt=\"\" width=\"722\" height=\"482\" srcset=\"https:\/\/www.uv.mx\/prensa\/files\/2017\/11\/Nosotrxs-Alberto-Olvera-2-301117-ok.jpg 722w, https:\/\/www.uv.mx\/prensa\/files\/2017\/11\/Nosotrxs-Alberto-Olvera-2-301117-ok-300x200.jpg 300w\" sizes=\"(max-width: 722px) 100vw, 722px\" \/><\/a><p id=\"caption-attachment-37934\" class=\"wp-caption-text\">Al evento asistieron acad\u00e9micos, estudiantes y p\u00fablico en general<\/p><\/div>\n<p>&nbsp;<\/p>\n<p>A\u00f1adi\u00f3: \u201cEl PRI en Veracruz se bas\u00f3 en el control corporativo ante todo, porque eran numeros\u00edsimos los trabajadores petroleros en este estado, los productores de ca\u00f1a y trabajadores de ingenios, los empleados p\u00fablicos controlados a trav\u00e9s de los sindicatos; pero en la medida en que esta vuelta al neoliberalismo fue debilitando esos sectores beneficiaros, \u00e9ste se vio obligado a hacer una transici\u00f3n hacia mecanismos clientelares y a la compra directa del voto, como mecanismo de triunfo electoral\u201d.<\/p>\n<p>Asimismo, cit\u00f3 que los dos anteriores gobernadores, Fidel Herrera Beltr\u00e1n y Javier Duarte de Ochoa, se convirtieron en expertos compradores del voto ciudadano en forma masiva, \u201ccuesti\u00f3n central de sobrevivencia del PRI\u201d.<\/p>\n<p>Sin embargo, la compra masiva de votos obliga a conseguir recursos ilegales \u2013ya sea de la iniciativa privada o p\u00fablica\u2013. En ese sentido, calific\u00f3 a Herrera Beltr\u00e1n como el ejemplo paradigm\u00e1tico de este tipo de r\u00e9gimen, \u00e9l gener\u00f3 \u201cla explosi\u00f3n de estas pr\u00e1cticas\u201d.<\/p>\n<p>En ese sexenio la compra no s\u00f3lo de votos sino de conciencias fue \u201cabierta, directa y franca\u201d, mecanismo que gener\u00f3 una \u201cpopularidad barata, ilegal, inmoral, pero efectiva electoralmente\u201d y si la reelecci\u00f3n fuera una figura vigente, \u00e9l se habr\u00eda reelegido.<\/p>\n<p>El historiador del IIH-S lament\u00f3 que tal escenario haya dado como resultado \u201cuna democracia sist\u00e9micamente enferma\u201d; asimismo, que el manejo de los recursos p\u00fablicos haya resultado \u201cca\u00f3tico\u201d y lo compar\u00f3 con el infierno de Dante Alighieri en <em>La divina comedia<\/em>.<\/p>\n<p>Aclar\u00f3 que tales acciones fueron permitidas por el Gobierno de la Rep\u00fablica, sobre todo del uso indebido de los subsidios federales a salud y educaci\u00f3n, que son los de mayor monto.<\/p>\n<p>\u201cPrecisamente en un estado como el nuestro, la agenda de defensa de los derechos adquiere centralidad y sobre todo la lucha contra la corrupci\u00f3n.\u201d<\/p>\n<p>Para \u00e9l, la parte m\u00e1s criminal del gobierno anterior fue la desviaci\u00f3n de los recursos del sector salud, porque caus\u00f3 m\u00e1s muertos que todos los que se han registrado a causa de la violencia. \u201cAnte los miles de asesinatos y desapariciones, muchos m\u00e1s, pero much\u00edsimos m\u00e1s murieron por falta de atenci\u00f3n hospitalaria\u201d.<\/p>\n<p>A manera de conclusi\u00f3n, advirti\u00f3 de la crisis de derechos humanos que se vive en la entidad. Por ello, \u201cnuestra tarea es particularmente cuesta arriba\u201d.<\/p>\n<p>En la inauguraci\u00f3n del evento, la directora del IIH-S, Filiberta G\u00f3mez Cruz, destac\u00f3 que lo que distingue a esta entidad acad\u00e9mica es albergar todo tipo de pensamiento y de respetar organizaciones como Nosotrxs, por ello se congratul\u00f3 que hayan sido la sede del Coloquio Internacional Nosotrxs y les dio la bienvenida.<\/p>\n<p>En el pres\u00eddium tambi\u00e9n estuvieron presentes Mauricio Merino y Jos\u00e9 Galindo, coordinador general de Nosotrxs y representante del Cap\u00edtulo Veracruz, respectivamente.<\/p>\n<p>&nbsp;<\/p>\n","protected":false},"excerpt":{"rendered":"<p><strong><em>Karina de la Paz Reyes.-<\/em><\/strong>Alberto Olvera Rivera, acad\u00e9mico adscrito al Instituto de Investigaciones Hist\u00f3rico-Sociales (IIH-S) de la Universidad Veracruzana (UV), destac\u00f3 que la entidad vive un colapso monumental y que la tarea para la recuperaci\u00f3n del estado de derecho es cuesta arriba.<\/p>\n","protected":false},"author":1810,"featured_media":37944,"comment_status":"closed","ping_status":"closed","sticky":false,"template":"","format":"standard","meta":[],"categories":[1],"tags":[3],"_links":{"self":[{"href":"https:\/\/www.uv.mx\/prensa\/wp-json\/wp\/v2\/posts\/37925"}],"collection":[{"href":"https:\/\/www.uv.mx\/prensa\/wp-json\/wp\/v2\/posts"}],"about":[{"href":"https:\/\/www.uv.mx\/prensa\/wp-json\/wp\/v2\/types\/post"}],"author":[{"embeddable":true,"href":"https:\/\/www.uv.mx\/prensa\/wp-json\/wp\/v2\/users\/1810"}],"replies":[{"embeddable":true,"href":"https:\/\/www.uv.mx\/prensa\/wp-json\/wp\/v2\/comments?post=37925"}],"version-history":[{"count":0,"href":"https:\/\/www.uv.mx\/prensa\/wp-json\/wp\/v2\/posts\/37925\/revisions"}],"wp:featuredmedia":[{"embeddable":true,"href":"https:\/\/www.uv.mx\/prensa\/wp-json\/wp\/v2\/media\/37944"}],"wp:attachment":[{"href":"https:\/\/www.uv.mx\/prensa\/wp-json\/wp\/v2\/media?parent=37925"}],"wp:term":[{"taxonomy":"category","embeddable":true,"href":"https:\/\/www.uv.mx\/prensa\/wp-json\/wp\/v2\/categories?post=37925"},{"taxonomy":"post_tag","embeddable":true,"href":"https:\/\/www.uv.mx\/prensa\/wp-json\/wp\/v2\/tags?post=37925"}],"curies":[{"name":"wp","href":"https:\/\/api.w.org\/{rel}","templated":true}]}}