{"id":38022,"date":"2017-11-30T14:55:22","date_gmt":"2017-11-30T20:55:22","guid":{"rendered":"https:\/\/www.uv.mx\/prensa\/?p=38022"},"modified":"2017-11-30T15:36:20","modified_gmt":"2017-11-30T21:36:20","slug":"universidad-de-la-guajira-y-pedagogia-uv-facilitaran-movilidad-academica","status":"publish","type":"post","link":"https:\/\/www.uv.mx\/prensa\/general\/universidad-de-la-guajira-y-pedagogia-uv-facilitaran-movilidad-academica\/","title":{"rendered":"Universidad de La Guajira y Pedagog\u00eda UV facilitar\u00e1n movilidad acad\u00e9mica"},"content":{"rendered":"<ul>\n<li><i><em>Crear\u00e1n redes de colaboraci\u00f3n con el objetivo de formalizar un convenio con la instituci\u00f3n colombiana <\/em><\/i><\/li>\n<\/ul>\n<p>&nbsp;<\/p>\n<div id=\"attachment_38024\" style=\"width: 732px\" class=\"wp-caption aligncenter\"><a href=\"https:\/\/www.uv.mx\/prensa\/files\/2017\/11\/301117-Convenio-Pedagogia-ok.jpg\"><img aria-describedby=\"caption-attachment-38024\" decoding=\"async\" loading=\"lazy\" class=\"size-full wp-image-38024\" src=\"https:\/\/www.uv.mx\/prensa\/files\/2017\/11\/301117-Convenio-Pedagogia-ok.jpg\" alt=\"\" width=\"722\" height=\"481\" srcset=\"https:\/\/www.uv.mx\/prensa\/files\/2017\/11\/301117-Convenio-Pedagogia-ok.jpg 722w, https:\/\/www.uv.mx\/prensa\/files\/2017\/11\/301117-Convenio-Pedagogia-ok-300x200.jpg 300w\" sizes=\"(max-width: 722px) 100vw, 722px\" \/><\/a><p id=\"caption-attachment-38024\" class=\"wp-caption-text\">Roc\u00edo Liliana Gonz\u00e1lez Guerrero<\/p><\/div>\n<p>&nbsp;<\/p>\n<p><strong><em>Carlos Hugo Hermida Rosales<\/em><\/strong><\/p>\n<p>&nbsp;<\/p>\n<p><strong><em>30\/11\/2017, Xalapa, Ver.-<\/em><\/strong> La Facultad de Pedagog\u00eda de la Universidad Veracruzana (UV) recibi\u00f3 la visita de una comitiva compuesta de docentes y estudiantes de la Licenciatura en Educaci\u00f3n Infantil de la Universidad de La Guajira, de Colombia, con miras a crear v\u00ednculos acad\u00e9micos entre estas dos instituciones de educaci\u00f3n superior.<\/p>\n<p>Roc\u00edo Liliana Gonz\u00e1lez Guerrero, directora de la Facultad, declar\u00f3 que para la entidad acad\u00e9mica a su cargo, es un \u00e1rea de oportunidad crear v\u00ednculos con la universidad colombiana ya que la internacionalizaci\u00f3n es una l\u00ednea de trabajo estrat\u00e9gica para cualquier instituci\u00f3n educativa.<\/p>\n<p>\u201cLa vinculaci\u00f3n con la Universidad de La Guajira favorece el intercambio de experiencias de pr\u00e1cticas relacionadas con la educaci\u00f3n, que es el principal objeto de estudio de los pedagogos; podremos ver c\u00f3mo se trabaja y practica en el \u00e1mbito educativo en Colombia, y habr\u00e1 oportunidad de analizar problemas comunes y buscar soluciones a los mismos\u201d, expres\u00f3.<\/p>\n<p>La acad\u00e9mica comparti\u00f3 que tras esta visita se espera crear proyectos acad\u00e9micos para realizar intercambio de docentes entre la UV y la Universidad de La Guajira, as\u00ed como estancias de movilidad estudiantil que contribuyan a la formaci\u00f3n de los alumnos de Pedagog\u00eda.<\/p>\n<p>\u201cLas estancias de movilidad estudiantil sumar\u00e1n experiencia a la formaci\u00f3n de los alumnos, lo cual impactar\u00e1 en el ejercicio profesional que posteriormente desarrollar\u00e1n en el \u00e1mbito educativo\u201d, manifest\u00f3.<\/p>\n<p>Liliana Gonz\u00e1lez afirm\u00f3 que en esta visita tanto los acad\u00e9micos de Pedagog\u00eda UV como los docentes de la Universidad de La Guajira han mostrado gran disposici\u00f3n para realizar trabajos conjuntos; agradeci\u00f3 a la Direcci\u00f3n General de Relaciones Internacionales por hacer posible que la comitiva de la instituci\u00f3n educativa colombiana pudiera venir a M\u00e9xico.<\/p>\n","protected":false},"excerpt":{"rendered":"<p><strong><em> Carlos Hugo Hermida Rosales.-<\/em><\/strong> La Facultad de Pedagog\u00eda de la Universidad Veracruzana (UV) recibi\u00f3 la visita de una comitiva compuesta de docentes y estudiantes de la Licenciatura en Educaci\u00f3n Infantil de la Universidad de La Guajira, de Colombia, con miras a crear v\u00ednculos acad\u00e9micos entre estas dos instituciones de educaci\u00f3n superior.<\/p>\n","protected":false},"author":1809,"featured_media":38027,"comment_status":"closed","ping_status":"closed","sticky":false,"template":"","format":"standard","meta":[],"categories":[1],"tags":[],"_links":{"self":[{"href":"https:\/\/www.uv.mx\/prensa\/wp-json\/wp\/v2\/posts\/38022"}],"collection":[{"href":"https:\/\/www.uv.mx\/prensa\/wp-json\/wp\/v2\/posts"}],"about":[{"href":"https:\/\/www.uv.mx\/prensa\/wp-json\/wp\/v2\/types\/post"}],"author":[{"embeddable":true,"href":"https:\/\/www.uv.mx\/prensa\/wp-json\/wp\/v2\/users\/1809"}],"replies":[{"embeddable":true,"href":"https:\/\/www.uv.mx\/prensa\/wp-json\/wp\/v2\/comments?post=38022"}],"version-history":[{"count":0,"href":"https:\/\/www.uv.mx\/prensa\/wp-json\/wp\/v2\/posts\/38022\/revisions"}],"wp:featuredmedia":[{"embeddable":true,"href":"https:\/\/www.uv.mx\/prensa\/wp-json\/wp\/v2\/media\/38027"}],"wp:attachment":[{"href":"https:\/\/www.uv.mx\/prensa\/wp-json\/wp\/v2\/media?parent=38022"}],"wp:term":[{"taxonomy":"category","embeddable":true,"href":"https:\/\/www.uv.mx\/prensa\/wp-json\/wp\/v2\/categories?post=38022"},{"taxonomy":"post_tag","embeddable":true,"href":"https:\/\/www.uv.mx\/prensa\/wp-json\/wp\/v2\/tags?post=38022"}],"curies":[{"name":"wp","href":"https:\/\/api.w.org\/{rel}","templated":true}]}}