{"id":38126,"date":"2017-12-01T14:46:00","date_gmt":"2017-12-01T20:46:00","guid":{"rendered":"https:\/\/www.uv.mx\/prensa\/?p=38126"},"modified":"2017-12-01T14:46:00","modified_gmt":"2017-12-01T20:46:00","slug":"pensamiento-evolucionista-contemporaneo-atraviesa-crisis-teorica-e-ideologica-ribes","status":"publish","type":"post","link":"https:\/\/www.uv.mx\/prensa\/general\/pensamiento-evolucionista-contemporaneo-atraviesa-crisis-teorica-e-ideologica-ribes\/","title":{"rendered":"Pensamiento evolucionista contempor\u00e1neo atraviesa crisis te\u00f3rica e ideol\u00f3gica: Ribes"},"content":{"rendered":"<ul>\n<li><em>\u201cTeor\u00eda posdarwinista de la evoluci\u00f3n sustituy\u00f3 a Dios por una naturaleza de tipo economicista, y transform\u00f3 a los genes en fondos de inversi\u00f3n\u201d<\/em><\/li>\n<\/ul>\n<p>&nbsp;<\/p>\n<div id=\"attachment_38135\" style=\"width: 732px\" class=\"wp-caption aligncenter\"><a href=\"https:\/\/www.uv.mx\/prensa\/files\/2017\/12\/Existe-la-intencionalidad-3-011217-ok-ok.jpg\"><img aria-describedby=\"caption-attachment-38135\" decoding=\"async\" loading=\"lazy\" class=\"size-full wp-image-38135\" src=\"https:\/\/www.uv.mx\/prensa\/files\/2017\/12\/Existe-la-intencionalidad-3-011217-ok-ok.jpg\" alt=\"\" width=\"722\" height=\"481\" srcset=\"https:\/\/www.uv.mx\/prensa\/files\/2017\/12\/Existe-la-intencionalidad-3-011217-ok-ok.jpg 722w, https:\/\/www.uv.mx\/prensa\/files\/2017\/12\/Existe-la-intencionalidad-3-011217-ok-ok-300x200.jpg 300w\" sizes=\"(max-width: 722px) 100vw, 722px\" \/><\/a><p id=\"caption-attachment-38135\" class=\"wp-caption-text\">Emilio Ribes I\u00f1esta<\/p><\/div>\n<p>&nbsp;<\/p>\n<p><strong><em>Carlos Hugo Hermida Rosales<\/em><\/strong><\/p>\n<p>&nbsp;<\/p>\n<p><strong><em>01\/12\/2017, Xalapa, Ver.-<\/em><\/strong> Emilio Ribes I\u00f1esta, profesor investigador del Centro de Estudios e Investigaciones en Conocimiento y Aprendizaje Humano (CEICAH) de la Universidad Veracruzana (UV), declar\u00f3 que el pensamiento evolucionista contempor\u00e1neo vive una profunda crisis te\u00f3rica e ideol\u00f3gica no reconocida, ya que sufre embates del pensamiento neoliberal para justificar una ideolog\u00eda de la transformaci\u00f3n biol\u00f3gica amparada en el individualismo econ\u00f3mico.<\/p>\n<p>El investigador particip\u00f3 el 30 de noviembre en la mesa \u201c\u00bfExiste la intencionalidad en las acciones humanas?\u201d, que form\u00f3 parte del 2\u00ba Congreso Internacional sobre Pensamiento Evolucionista, realizado por la UV en conjunto con la Universidad Nacional Aut\u00f3noma de M\u00e9xico y el Centro de Estudios Filos\u00f3ficos, Pol\u00edticos y Sociales \u201cVicente Lombardo Toledano\u201d, del 29 de noviembre al 1 de diciembre.<\/p>\n<p>Dentro de este foro tambi\u00e9n particip\u00f3 V\u00edctor Manuel Alcaraz Romero, acad\u00e9mico de la Facultad de Psicolog\u00eda de la UV, y ambos fueron coordinados por Ra\u00fal Guti\u00e9rrez Lombardo, investigador del Centro \u201cLombardo Toledano\u201d.<\/p>\n<p>&nbsp;<\/p>\n<div id=\"attachment_38131\" style=\"width: 732px\" class=\"wp-caption aligncenter\"><a href=\"https:\/\/www.uv.mx\/prensa\/files\/2017\/12\/Existe-la-intencionalidad-1-011217-ok.jpg\"><img aria-describedby=\"caption-attachment-38131\" decoding=\"async\" loading=\"lazy\" class=\"size-full wp-image-38131\" src=\"https:\/\/www.uv.mx\/prensa\/files\/2017\/12\/Existe-la-intencionalidad-1-011217-ok.jpg\" alt=\"\" width=\"722\" height=\"481\" srcset=\"https:\/\/www.uv.mx\/prensa\/files\/2017\/12\/Existe-la-intencionalidad-1-011217-ok.jpg 722w, https:\/\/www.uv.mx\/prensa\/files\/2017\/12\/Existe-la-intencionalidad-1-011217-ok-300x200.jpg 300w\" sizes=\"(max-width: 722px) 100vw, 722px\" \/><\/a><p id=\"caption-attachment-38131\" class=\"wp-caption-text\">V\u00edctor Manuel Alcaraz Romero<\/p><\/div>\n<p>&nbsp;<\/p>\n<p>Emilio Ribes enunci\u00f3 que los supuestos y observaciones evolucionistas actuales distan todav\u00eda de constituir en sentido estricto una teor\u00eda cient\u00edfica.<\/p>\n<p>\u201cEl concepto mismo de evoluci\u00f3n, sin que ello implique aceptar un creacionismo te\u00edsta, no parece adecuado en muchos sentidos para abordar el problema de la aparici\u00f3n de la materia viva y sus m\u00faltiples transformaciones\u201d, sentenci\u00f3.<\/p>\n<p>Mencion\u00f3 que la actual teor\u00eda posdarwinista de la evoluci\u00f3n con base en la evoluci\u00f3n natural ha sustituido a Dios por una naturaleza de tipo economicista, la cual transform\u00f3 a los genes en fondos de inversi\u00f3n.<\/p>\n<p>V\u00edctor Alcaraz coment\u00f3 que la palabra \u201cno\u201d es un claro ejemplo del libre albedr\u00edo del hombre, y asever\u00f3 que posee una gran importancia ya que puede tener muchos significados distintos.<\/p>\n<p>&nbsp;<\/p>\n<div id=\"attachment_38133\" style=\"width: 732px\" class=\"wp-caption aligncenter\"><a href=\"https:\/\/www.uv.mx\/prensa\/files\/2017\/12\/Existe-la-intencionalidad-2-011217-ok.jpg\"><img aria-describedby=\"caption-attachment-38133\" decoding=\"async\" loading=\"lazy\" class=\"size-full wp-image-38133\" src=\"https:\/\/www.uv.mx\/prensa\/files\/2017\/12\/Existe-la-intencionalidad-2-011217-ok.jpg\" alt=\"\" width=\"722\" height=\"481\" srcset=\"https:\/\/www.uv.mx\/prensa\/files\/2017\/12\/Existe-la-intencionalidad-2-011217-ok.jpg 722w, https:\/\/www.uv.mx\/prensa\/files\/2017\/12\/Existe-la-intencionalidad-2-011217-ok-300x200.jpg 300w\" sizes=\"(max-width: 722px) 100vw, 722px\" \/><\/a><p id=\"caption-attachment-38133\" class=\"wp-caption-text\">Ra\u00fal Guti\u00e9rrez Lombardo<\/p><\/div>\n<p>&nbsp;<\/p>\n<p>Muchas veces decir no es un rechazo a realizar determinada acci\u00f3n, mientras que en otras ocasiones refleja la incapacidad para llevar algo a cabo, e incluso puede representar un no ontol\u00f3gico, que es cuando nos referimos a la existencia de algo que no est\u00e1 presente, aunque para que esto ocurra se debe construir una serie de estereotipos din\u00e1micos que permitan saber que la realidad que se vive posee determinadas caracter\u00edsticas.<\/p>\n<p>El investigador afirm\u00f3 que la capacidad de construir s\u00edmbolos y un lenguaje, es lo que permite anticipar y ordenar el comportamiento del ser humano.<\/p>\n","protected":false},"excerpt":{"rendered":"<p><strong><em>Carlos Hugo Hermida .-<\/em><\/strong>Emilio Ribes I\u00f1esta, profesor investigador del Centro de Estudios e Investigaciones en Conocimiento y Aprendizaje Humano (CEICAH) de la Universidad Veracruzana (UV), declar\u00f3 que el pensamiento evolucionista contempor\u00e1neo vive una profunda crisis te\u00f3rica e ideol\u00f3gica no reconocida, ya que sufre embates del pensamiento neoliberal para justificar una ideolog\u00eda de la transformaci\u00f3n biol\u00f3gica amparada en el individualismo econ\u00f3mico.<\/p>\n","protected":false},"author":1810,"featured_media":38140,"comment_status":"closed","ping_status":"closed","sticky":false,"template":"","format":"standard","meta":[],"categories":[1],"tags":[2],"_links":{"self":[{"href":"https:\/\/www.uv.mx\/prensa\/wp-json\/wp\/v2\/posts\/38126"}],"collection":[{"href":"https:\/\/www.uv.mx\/prensa\/wp-json\/wp\/v2\/posts"}],"about":[{"href":"https:\/\/www.uv.mx\/prensa\/wp-json\/wp\/v2\/types\/post"}],"author":[{"embeddable":true,"href":"https:\/\/www.uv.mx\/prensa\/wp-json\/wp\/v2\/users\/1810"}],"replies":[{"embeddable":true,"href":"https:\/\/www.uv.mx\/prensa\/wp-json\/wp\/v2\/comments?post=38126"}],"version-history":[{"count":0,"href":"https:\/\/www.uv.mx\/prensa\/wp-json\/wp\/v2\/posts\/38126\/revisions"}],"wp:featuredmedia":[{"embeddable":true,"href":"https:\/\/www.uv.mx\/prensa\/wp-json\/wp\/v2\/media\/38140"}],"wp:attachment":[{"href":"https:\/\/www.uv.mx\/prensa\/wp-json\/wp\/v2\/media?parent=38126"}],"wp:term":[{"taxonomy":"category","embeddable":true,"href":"https:\/\/www.uv.mx\/prensa\/wp-json\/wp\/v2\/categories?post=38126"},{"taxonomy":"post_tag","embeddable":true,"href":"https:\/\/www.uv.mx\/prensa\/wp-json\/wp\/v2\/tags?post=38126"}],"curies":[{"name":"wp","href":"https:\/\/api.w.org\/{rel}","templated":true}]}}