{"id":40777,"date":"2018-01-23T11:53:19","date_gmt":"2018-01-23T17:53:19","guid":{"rendered":"https:\/\/www.uv.mx\/prensa\/?p=40777"},"modified":"2018-02-01T20:28:29","modified_gmt":"2018-02-02T02:28:29","slug":"el-deporte-en-la-uv-un-plus-para-los-estudiantes","status":"publish","type":"post","link":"https:\/\/www.uv.mx\/prensa\/deportes\/el-deporte-en-la-uv-un-plus-para-los-estudiantes\/","title":{"rendered":"El deporte en la UV, un plus para los estudiantes"},"content":{"rendered":"<ul>\n<li><em>Los j\u00f3venes aprovechan y disfrutan los cursos intersemestrales que esta casa de estudios ofrece a trav\u00e9s de la Direcci\u00f3n de Actividades Deportivas<\/em><\/li>\n<\/ul>\n<p>&nbsp;<\/p>\n<div id='gallery-1' class='gallery galleryid-40777 gallery-columns-2 gallery-size-full'><dl class='gallery-item'>\n\t\t\t<dt class='gallery-icon landscape'>\n\t\t\t\t<a href='https:\/\/www.uv.mx\/prensa\/files\/2018\/01\/230118-Intersemestrales-Invierno-1-ok.jpg'><img width=\"722\" height=\"481\" src=\"https:\/\/www.uv.mx\/prensa\/files\/2018\/01\/230118-Intersemestrales-Invierno-1-ok.jpg\" class=\"attachment-full size-full\" alt=\"\" decoding=\"async\" loading=\"lazy\" aria-describedby=\"gallery-1-40778\" srcset=\"https:\/\/www.uv.mx\/prensa\/files\/2018\/01\/230118-Intersemestrales-Invierno-1-ok.jpg 722w, https:\/\/www.uv.mx\/prensa\/files\/2018\/01\/230118-Intersemestrales-Invierno-1-ok-300x200.jpg 300w\" sizes=\"(max-width: 722px) 100vw, 722px\" \/><\/a>\n\t\t\t<\/dt>\n\t\t\t\t<dd class='wp-caption-text gallery-caption' id='gallery-1-40778'>\n\t\t\t\tUniversitarios en una actividad del curso de Handball\n\t\t\t\t<\/dd><\/dl><dl class='gallery-item'>\n\t\t\t<dt class='gallery-icon landscape'>\n\t\t\t\t<a href='https:\/\/www.uv.mx\/prensa\/files\/2018\/01\/230118-Intersemestralesdeporte.jpg'><img width=\"722\" height=\"482\" src=\"https:\/\/www.uv.mx\/prensa\/files\/2018\/01\/230118-Intersemestralesdeporte.jpg\" class=\"attachment-full size-full\" alt=\"\" decoding=\"async\" loading=\"lazy\" aria-describedby=\"gallery-1-40806\" srcset=\"https:\/\/www.uv.mx\/prensa\/files\/2018\/01\/230118-Intersemestralesdeporte.jpg 722w, https:\/\/www.uv.mx\/prensa\/files\/2018\/01\/230118-Intersemestralesdeporte-300x200.jpg 300w\" sizes=\"(max-width: 722px) 100vw, 722px\" \/><\/a>\n\t\t\t<\/dt>\n\t\t\t\t<dd class='wp-caption-text gallery-caption' id='gallery-1-40806'>\n\t\t\t\tEstudiantes acompa\u00f1ados de la instructora de Judo\n\t\t\t\t<\/dd><\/dl><br style=\"clear: both\" \/>\n\t\t<\/div>\n\n<p>&nbsp;<\/p>\n<p><strong><em>Carlos Hugo Hermida Rosales<\/em><\/strong><\/p>\n<p>&nbsp;<\/p>\n<p><strong><em>23\/01\/2018, Xalapa, Ver.-<\/em><\/strong> Estudiantes de la Universidad Veracruzana (UV) que participan en los cursos intersemestrales que oferta la Direcci\u00f3n de Actividades Deportivas (DADUV), coincidieron en que ejercitarse los relaja y mejora su condici\u00f3n f\u00edsica, lo cual les ayuda a tener una formaci\u00f3n integral.<\/p>\n<p>Juan Carlos Ju\u00e1rez Ram\u00edrez, estudiante de la Facultad de Ingenier\u00eda y quien se inscribi\u00f3 al curso de <em>Handball<\/em>, afirm\u00f3 que la actividad que realizan dentro del mismo es muy din\u00e1mica, debido a que el instructor se encuentra muy bien capacitado.<\/p>\n<p>Declar\u00f3 estar complacido de que la UV les brinde la oportunidad de asistir a este curso, ya que esta experiencia no se vive en el aula.<\/p>\n<p>Rosa \u00c1ngela M\u00e9ndez Utrera, de la Facultad de Derecho y quien participa en la misma actividad, relat\u00f3 que al asistir a estas clases ha podido aprender mucho sobre este deporte, lo cual le ha dejado una gran ense\u00f1anza.<\/p>\n<p>\u201cEs excelente que la Universidad fomente el deporte entre sus estudiantes, ya que los universitarios muchas veces no tenemos la oportunidad de hacer ejercicio\u201d, manifest\u00f3.<\/p>\n<p>Jorge Andr\u00e9s Grajales C\u00f3rdova, estudiante de la Facultad de Nutrici\u00f3n que participa en el curso de Judo, mencion\u00f3 que dentro de las clases realiza un gran ejercicio ya que \u00e9stas se llevan a cabo de una manera pr\u00e1ctica y \u00e1gil, y requieren gran uso de fuerza, t\u00e9cnica, dedicaci\u00f3n y control.<\/p>\n<p>\u201cLas artes marciales, aparte de servir como defensa, representan un estilo de vida que te ayuda a ser una mejor persona\u201d, expres\u00f3.<\/p>\n<p>Cristofer de Jes\u00fas Z\u00e1rate Calder\u00f3n, alumno de la Facultad de F\u00edsica y quien tambi\u00e9n asiste a este curso, asegur\u00f3 que la maestra de esta disciplina tiene una gran preparaci\u00f3n y es muy paciente para ense\u00f1ar ejercicios desde el principio.<\/p>\n<p>\u201cLos estudiantes rara vez hacemos ejercicio durante las vacaciones, por lo cual estos entrenamientos son de gran utilidad, ya que mejoran nuestra condici\u00f3n f\u00edsica y contribuyen a una formaci\u00f3n integral.\u201d<\/p>\n<p>Jos\u00e9 de Jes\u00fas Cid de Le\u00f3n Faces, instructor de <em>Handball<\/em>, comparti\u00f3 que la respuesta de los estudiantes a este curso fue muy buena pues present\u00f3 un lleno total.<\/p>\n<p>\u201cEstas actividades, adem\u00e1s de darles a los estudiantes la oportunidad de realizar actividad f\u00edsica, los motivan ya que les otorgan cr\u00e9ditos necesarios para la culminaci\u00f3n de su licenciatura\u201d, afirm\u00f3.<\/p>\n<p>Juliana Palma Valerio, instructora de Judo, coment\u00f3 que todos los asistentes a esta actividad mostraron una gran disposici\u00f3n por aprender los fundamentos de esta disciplina.<\/p>\n<p>\u201cEs maravilloso que la Universidad brinde a sus estudiantes la oportunidad de aprender este arte marcial que les ayuda mucho para mantenerse saludables y en forma\u201d, declar\u00f3.<\/p>\n","protected":false},"excerpt":{"rendered":"<p><strong><em> Carlos Hermida .-<\/em><\/strong> Los deportes, adem\u00e1s, otorgan cr\u00e9ditos necesarios para la culminaci\u00f3n de las licenciaturas, afirm\u00f3 el instructor de handball.<\/p>\n","protected":false},"author":1809,"featured_media":40787,"comment_status":"closed","ping_status":"closed","sticky":false,"template":"","format":"standard","meta":[],"categories":[12],"tags":[],"_links":{"self":[{"href":"https:\/\/www.uv.mx\/prensa\/wp-json\/wp\/v2\/posts\/40777"}],"collection":[{"href":"https:\/\/www.uv.mx\/prensa\/wp-json\/wp\/v2\/posts"}],"about":[{"href":"https:\/\/www.uv.mx\/prensa\/wp-json\/wp\/v2\/types\/post"}],"author":[{"embeddable":true,"href":"https:\/\/www.uv.mx\/prensa\/wp-json\/wp\/v2\/users\/1809"}],"replies":[{"embeddable":true,"href":"https:\/\/www.uv.mx\/prensa\/wp-json\/wp\/v2\/comments?post=40777"}],"version-history":[{"count":0,"href":"https:\/\/www.uv.mx\/prensa\/wp-json\/wp\/v2\/posts\/40777\/revisions"}],"wp:featuredmedia":[{"embeddable":true,"href":"https:\/\/www.uv.mx\/prensa\/wp-json\/wp\/v2\/media\/40787"}],"wp:attachment":[{"href":"https:\/\/www.uv.mx\/prensa\/wp-json\/wp\/v2\/media?parent=40777"}],"wp:term":[{"taxonomy":"category","embeddable":true,"href":"https:\/\/www.uv.mx\/prensa\/wp-json\/wp\/v2\/categories?post=40777"},{"taxonomy":"post_tag","embeddable":true,"href":"https:\/\/www.uv.mx\/prensa\/wp-json\/wp\/v2\/tags?post=40777"}],"curies":[{"name":"wp","href":"https:\/\/api.w.org\/{rel}","templated":true}]}}