{"id":41076,"date":"2018-01-25T17:33:29","date_gmt":"2018-01-25T23:33:29","guid":{"rendered":"https:\/\/www.uv.mx\/prensa\/?p=41076"},"modified":"2018-01-26T13:44:40","modified_gmt":"2018-01-26T19:44:40","slug":"250118-angoitia","status":"publish","type":"post","link":"https:\/\/www.uv.mx\/prensa\/entrevista\/250118-angoitia\/","title":{"rendered":"Danza, especie de \u00ablocura controlada\u00bb: Rodrigo Angoitia"},"content":{"rendered":"<ul>\n<li><i>El <\/i><i>acad\u00e9mico ingres\u00f3 al Si<\/i><i>s<\/i><i>tem<\/i><i>a Nacional de Creadores de Arte<\/i><\/li>\n<li><i>Es la<\/i><i> segunda ocasi\u00f3n <\/i><i>que <\/i><i>obtiene <\/i><i>este est\u00edmulo<\/i><\/li>\n<li><i>Q<\/i><i>u<\/i><i>i<\/i><i>e<\/i><i>nes<\/i><i> decide<\/i><i>n<\/i><i> dedicarse profesi<\/i><i>o<\/i><i>nalmente a la danza <\/i><i>e<\/i><i>n<\/i><i>frentan barreras <\/i><i>familiares, sociales y econ\u00f3micas<\/i><i>, opin\u00f3<\/i><\/li>\n<\/ul>\n<p>&nbsp;<\/p>\n<div id=\"attachment_41043\" style=\"width: 732px\" class=\"wp-caption aligncenter\"><img aria-describedby=\"caption-attachment-41043\" decoding=\"async\" loading=\"lazy\" class=\"wp-image-41043 size-full\" src=\"https:\/\/www.uv.mx\/prensa\/files\/2018\/01\/250118-Rodrigo-Angoitia-1-100k.jpg\" alt=\"\" width=\"722\" height=\"481\" srcset=\"https:\/\/www.uv.mx\/prensa\/files\/2018\/01\/250118-Rodrigo-Angoitia-1-100k.jpg 722w, https:\/\/www.uv.mx\/prensa\/files\/2018\/01\/250118-Rodrigo-Angoitia-1-100k-300x200.jpg 300w\" sizes=\"(max-width: 722px) 100vw, 722px\" \/><p id=\"caption-attachment-41043\" class=\"wp-caption-text\">Es core\u00f3grafo, bailar\u00edn y acad\u00e9mico de la Facultad de Danza<\/p><\/div>\n<p>&nbsp;<\/p>\n<p><b><i>Karina de la Paz Reyes D\u00edaz<\/i><\/b><\/p>\n<p>&nbsp;<\/p>\n<p><b><i>25<\/i><\/b><b><i>\/01\/2018, Xalapa, <\/i><\/b><b><i>Ver.-<\/i><\/b> El core\u00f3grafo, bailar\u00edn y acad\u00e9mico de la Facultad de Danza de la Universidad Veracruzana (UV), Rodrigo Angoitia, ingres\u00f3 al Sistema Nacional de Creadores de Arte (SNCA) del Fondo Nacional para la Cultura y las Artes (<i>Fonca<\/i>) en la categor\u00eda de Composici\u00f3n en su edici\u00f3n 2017.<\/p>\n<p>Es la segunda ocasi\u00f3n que logra el est\u00edmulo que otorga el Estado mexicano por un periodo de tres a\u00f1os; la primera fue de 2010 a 2013.<\/p>\n<p>Angoitia, acad\u00e9mico de la UV desde 2010, es originario de la Ciudad de M\u00e9xico y desde 1996 radica en Xalapa. Estudi\u00f3 t\u00e9cnica Graham con Antonia Quiroz y Jaime Blanc; danza cl\u00e1sica, con Javier Torres y Oscar Ruvalcaba; actuaci\u00f3n, investigaci\u00f3n y an\u00e1lisis de movimiento, con Abraham Oceransky, Sonia Fern\u00e1ndez y Beate G. Zschiesche; danza Butoh, con Ko Murobushi y Natsu Nakajima.<\/p>\n<p>En entrevista con <i>Universo<\/i>, el tambi\u00e9n director del proyecto Estudio 28 \u2013que fund\u00f3 en 1997 con la core\u00f3grafa alemana Beate Zschiesche\u2013 calific\u00f3 a la danza como una \u00ablocura l\u00facida en la que encontramos esa naturalidad que se pierde cuando nos volvemos civilizados, pero sobre todo es la v\u00eda leg\u00edtima hacia el placer\u00bb.<\/p>\n<p>Asimismo, habl\u00f3 de las limitantes que la disciplina enfrenta en el pa\u00eds y sobre las instituciones que forman bailarines profesionales, como la UV.<\/p>\n<p>&nbsp;<\/p>\n<p><b><i>\u00bfQu\u00e9 le deton\u00f3 su inter\u00e9s por la danza?<\/i><\/b><\/p>\n<p>De adolescente me percat\u00e9 que hab\u00eda perdido cierta libertad corporal que ten\u00eda de ni\u00f1o. En ese entonces ya ten\u00eda una inclinaci\u00f3n hacia las artes y me proyectaba hacia la pintura, la m\u00fasica y las letras.<\/p>\n<p>Pero en un momento me di cuenta de que ten\u00eda que hacer algo loco; porque para m\u00ed as\u00ed era la danza. Esto fue un poco intuitivo y casual. En ese entonces mi hermana audicion\u00f3 para los grupos pilotos de la escuela del Instituto Nacional de Bellas Artes (INBA) y yo dije \u201ceso es lo loco\u201d.<\/p>\n<p>Me fui con ella a la audici\u00f3n, ah\u00ed tuve que conseguir mallas porque llevaba s\u00f3lo mis <i>short<\/i><i>s<\/i> y me seleccionaron. A partir de ah\u00ed todo vino muy r\u00e1pido, porque en esos a\u00f1os de la d\u00e9cada de los ochenta surgieron los grupos independientes.<\/p>\n<p>Despu\u00e9s de un a\u00f1o me di cuenta que la danza me mov\u00eda mucho y decid\u00ed entrar a la Escuela del Ballet Nacional de M\u00e9xico. A los dos a\u00f1os el core\u00f3grafo Ra\u00fal Parrao me invit\u00f3 a participar en el Premio Nacional de Danza y lo ganamos. Entonces, digamos, a los 18 a\u00f1os comenc\u00e9 mi vida profesional.<\/p>\n<p>&nbsp;<\/p>\n<p><b><i>\u00bfSigue<\/i><\/b><b><i> considerando a la danza <\/i><\/b><b><i>\u201c<\/i><\/b><b><i>algo loco<\/i><\/b><b><i>\u201d<\/i><\/b><b><i>?<\/i><\/b><\/p>\n<p>La danza es una especie de locura controlada. Existe cuando hay mucha emoci\u00f3n, exaltaci\u00f3n o sublimaci\u00f3n. En la antropolog\u00eda teatral se define como el comportamiento extracotidiano. De alguna manera, es una locura l\u00facida.<\/p>\n<p>&nbsp;<\/p>\n<p><b><i>\u00bf<\/i><\/b><b><i>La disfruta como <\/i><\/b><b><i>en sus inicios?<\/i><\/b><\/p>\n<p>S\u00ed, porque dentro de la danza hay una naturalidad que perdemos al volvernos civilizados. Pienso que es una locura normal. Es una recuperaci\u00f3n de la animalidad y el instinto.<\/p>\n<p>&nbsp;<\/p>\n<p><b><i>\u00bf<\/i><\/b><b><i>E<\/i><\/b><b><i>s f\u00e1cil dedicarse a la danza de manera profesional<\/i><\/b><b><i> en M\u00e9xico<\/i><\/b><b><i>?<\/i><\/b><\/p>\n<p>No es sencillo. Hay que superar distintas barreras, casi siempre la primera es la familiar, salvo los que son hijos de bailarines o tienen contextos afines.<\/p>\n<p>La danza sigue cargando con un espectro de peyorizaci\u00f3n social; nos gusta mucho, pero cuando se trata de tu hijo piensas que se volver\u00e1 gay. Se proyectan algunas neurosis sociales, por eso creo que el tema del cuerpo sigue siendo tan delicado.<\/p>\n<p>Tengo la teor\u00eda de que la danza ha ido logrando la liberaci\u00f3n de su instrumento, el cuerpo, de una manera m\u00e1s tard\u00eda.<\/p>\n<p>Porque no es lo mismo que un artista gr\u00e1fico dibuje en un papel un cuerpo desnudo o de cualquier otra manera, que ver un desnudo efectivo o a alguien enloquecer por medio de la danza-teatro con una energ\u00eda f\u00edsica desbordada. A la sociedad todav\u00eda le cuesta reconocer nuestros aspectos instintivos ligados al cuerpo; hay un espectro de control y prejuicios.<\/p>\n<p>Tambi\u00e9n para las mujeres es dif\u00edcil. He tenido colegas cuyas familias les han condicionado \u201cla danza o tu casa\u201d. Es una situaci\u00f3n ambigua, porque a la sociedad le gusta mucho la danza. Considero que son aspectos que debe revisar la psicolog\u00eda.<\/p>\n<p>&nbsp;<\/p>\n<p><b><i>\u00bf<\/i><\/b><b><i>Q<\/i><\/b><b><i>u\u00e9 otras <\/i><\/b><b><i>barreras <\/i><\/b><b><i>hay?<\/i><\/b><\/p>\n<p>La social. Por ejemplo, cuando llenas un formulario e indicas que eres bailar\u00edn, no te toman en serio. Se ve como una actividad muy simple.<\/p>\n<p>Otra barrera es la econ\u00f3mica. Dedicarse profesionalmente a la danza es complicado, especialmente a la danza de arte, y hay que generar estrategias diversas. Yo he trabajado en discotecas, en la calle. Es muy complicado.<\/p>\n<p>&nbsp;<\/p>\n<p><b><i>\u00bf<\/i><\/b><b><i>V<\/i><\/b><b><i>islumbra<\/i><\/b><b><i> algunas <\/i><\/b><b><i>mejoras<\/i><\/b><b><i>?<\/i><\/b><\/p>\n<p>S\u00ed, claro. Por ejemplo, est\u00e1 el apoyo del <i>Fonca<\/i>, que me llega despu\u00e9s de 33 a\u00f1os de carrera. Eso me ha rescatado en un par de ocasiones del colapso absoluto; porque adem\u00e1s hay que dedicarse realmente de lleno a la danza para trascender.<\/p>\n<p>Tambi\u00e9n est\u00e1 la autogesti\u00f3n, el inventarse opciones de trabajo. Eso es lo que hay que fortalecer y creo que diversificar las posibilidades de trabajo es una de las cuestiones que hay que construir aqu\u00ed, en la Universidad.<\/p>\n<p>Por ejemplo, ahora hay un movimiento fuerte e interesante de hip-hop. Es interesante porque es una danza de caracter\u00edsticas viriles, cuando casi siempre se le ha considerado como algo femenino. La v\u00eda ser\u00eda abrir la utilidad de lo que nosotros hacemos para todos los espectros sociales: adultos mayores, ni\u00f1os, adolecentes.<\/p>\n<p>La danza tiene mucho que aportar y un ejemplo m\u00e1s es que la psicolog\u00eda ha ido profundizando en que todo es psicosom\u00e1tico, entonces un punto de trabajo es entrar desde el cuerpo al conocimiento propio.<\/p>\n<p>&nbsp;<\/p>\n<p><b><i>\u00bf<\/i><\/b><b><i>E<\/i><\/b><b><i>n qu\u00e9 contribuye la danza a la sociedad<\/i><\/b><b><i>?<\/i><\/b><\/p>\n<p>Esto tiene que ver con el proyecto que desarrollar\u00e9 a trav\u00e9s del apoyo del <i>Fonca<\/i>. Yo veo dos aspectos: que el cuerpo se ve como algo que traemos cargando y nos permite trabajar, a veces determinado placer, pero desde el punto de vista de la danza que podemos resignificarlo.<\/p>\n<p>Me parece que dominan el materialismo y los aspectos de placer que se compran, como si la moneda fuera la que nos llevara a la satisfacci\u00f3n.<\/p>\n<p>Creo que desde el punto de vista religioso o de escuelas metaf\u00edsicas, nuestro valor m\u00e1s importante es la existencia y se da en el cuerpo, entonces el mayor don al que podemos aspirar es explorar el cuerpo.<\/p>\n<p>Es la mejor manera de conocernos, tener placer y comunicaci\u00f3n propia, porque en la danza tambi\u00e9n hay catarsis y drama, no s\u00f3lo placer.<\/p>\n<p>Creo que a trav\u00e9s de la danza podemos recuperar nuestra humanidad y es una v\u00eda para obtener placer de modo leg\u00edtimo. Te ense\u00f1a a sentir felicidad y brinda una capacidad de realizaci\u00f3n, por eso juega un rol importante en el desarrollo del erotismo y el bienestar.<\/p>\n<p>&nbsp;<\/p>\n<p><b><i>Sue<\/i><\/b><b><i>na rom\u00e1ntico <\/i><\/b><b><i>considerar <\/i><\/b><b><i>a<\/i><\/b><b><i> la danza como la v\u00eda para llegar al <\/i><\/b><b><i>\u201c<\/i><\/b><b><i>placer leg\u00edtimo<\/i><\/b><b><i>\u201d<\/i><\/b><\/p>\n<p>Hay toda una l\u00ednea que se ha dado paralela a la religi\u00f3n cristiana y equivocadamente se piensa que el cuerpo es una fuente de pecado; se ha inculcado el miedo al cuerpo y yo creo que desde ah\u00ed se pervierte el acceso al placer y el erotismo, por eso hay que resignificarlo.<\/p>\n<p>Adem\u00e1s, el cuerpo se considera meramente f\u00edsico; por eso en mi proyecto retomo elementos de otros pensamientos, como el hind\u00fa, que ven al cuerpo como un lugar metaf\u00edsico, de trascendencia y reflejo del universo, no como entidad aislada.<\/p>\n<p>&nbsp;<\/p>\n<p><b>Tres a\u00f1os, tres proyectos<\/b><\/p>\n<p>Rodrigo Angoitia detall\u00f3 que durante los tres a\u00f1os que ser\u00e1 parte del SNCA desarrollar\u00e1 igual n\u00famero de proyectos coreogr\u00e1ficos. En ellos, la intenci\u00f3n es asociar la danza con la movilidad y con partes espec\u00edficas del cuerpo para generar po\u00e9ticas, por ejemplo, \u201cderivar una danza de la acci\u00f3n de barrer, como ocurri\u00f3 con las danzas que nacieron de actividades como la cosecha o la maceraci\u00f3n de las uvas\u201d.<\/p>\n<p>Pero tambi\u00e9n hay un \u00e9nfasis en la escenificaci\u00f3n en espacios abiertos, como la Plaza Xallitic o alg\u00fan parque de la ciudad, porque \u201cestamos en una crisis de p\u00fablicos\u201d.<\/p>\n<p>Detall\u00f3 que el proyecto que se presentar\u00e1 en 2020, <i>Bla<\/i><i>c<\/i><i>k in <\/i><i>black<\/i><i>,<\/i> \u201ces la necesidad de hacer un proceso de deconstrucci\u00f3n, por eso tiene ese sentido de inmolaci\u00f3n del yo, con maquillaje corporal negro como elemento simb\u00f3lico. Es un proyecto de desnudo, es despojarse para reencontrarse de alguna manera\u201d.<\/p>\n","protected":false},"excerpt":{"rendered":"<p><strong><em> Karina Reyes.-<\/em><\/strong> El acad\u00e9mico de Danza obtuvo, por segunda ocasi\u00f3n, apoyo del Sistema Nacional de Creadores de Arte<\/p>\n","protected":false},"author":1508,"featured_media":41044,"comment_status":"closed","ping_status":"closed","sticky":false,"template":"","format":"standard","meta":[],"categories":[13,61],"tags":[],"_links":{"self":[{"href":"https:\/\/www.uv.mx\/prensa\/wp-json\/wp\/v2\/posts\/41076"}],"collection":[{"href":"https:\/\/www.uv.mx\/prensa\/wp-json\/wp\/v2\/posts"}],"about":[{"href":"https:\/\/www.uv.mx\/prensa\/wp-json\/wp\/v2\/types\/post"}],"author":[{"embeddable":true,"href":"https:\/\/www.uv.mx\/prensa\/wp-json\/wp\/v2\/users\/1508"}],"replies":[{"embeddable":true,"href":"https:\/\/www.uv.mx\/prensa\/wp-json\/wp\/v2\/comments?post=41076"}],"version-history":[{"count":0,"href":"https:\/\/www.uv.mx\/prensa\/wp-json\/wp\/v2\/posts\/41076\/revisions"}],"wp:featuredmedia":[{"embeddable":true,"href":"https:\/\/www.uv.mx\/prensa\/wp-json\/wp\/v2\/media\/41044"}],"wp:attachment":[{"href":"https:\/\/www.uv.mx\/prensa\/wp-json\/wp\/v2\/media?parent=41076"}],"wp:term":[{"taxonomy":"category","embeddable":true,"href":"https:\/\/www.uv.mx\/prensa\/wp-json\/wp\/v2\/categories?post=41076"},{"taxonomy":"post_tag","embeddable":true,"href":"https:\/\/www.uv.mx\/prensa\/wp-json\/wp\/v2\/tags?post=41076"}],"curies":[{"name":"wp","href":"https:\/\/api.w.org\/{rel}","templated":true}]}}