{"id":42107,"date":"2018-02-16T14:38:40","date_gmt":"2018-02-16T20:38:40","guid":{"rendered":"https:\/\/www.uv.mx\/prensa\/?p=42107"},"modified":"2018-02-16T14:41:58","modified_gmt":"2018-02-16T20:41:58","slug":"cusrs-buen-espacio-para-servicio-social-estudiantes","status":"publish","type":"post","link":"https:\/\/www.uv.mx\/prensa\/general\/cusrs-buen-espacio-para-servicio-social-estudiantes\/","title":{"rendered":"CUSRS, buen espacio para  Servicio Social: estudiantes"},"content":{"rendered":"<ul>\n<li><em>Autoridades de la entidad entregaron cartas de liberaci\u00f3n a los concluyentes y dieron la bienvenida a los nuevos prestadores<\/em><\/li>\n<\/ul>\n<p>&nbsp;<\/p>\n<div id=\"attachment_42105\" style=\"width: 732px\" class=\"wp-caption alignnone\"><a href=\"https:\/\/www.uv.mx\/prensa\/files\/2018\/02\/160218-Servicio-Social-1.jpg\"><img aria-describedby=\"caption-attachment-42105\" decoding=\"async\" loading=\"lazy\" class=\"size-full wp-image-42105\" src=\"https:\/\/www.uv.mx\/prensa\/files\/2018\/02\/160218-Servicio-Social-1.jpg\" alt=\"\" width=\"722\" height=\"482\" srcset=\"https:\/\/www.uv.mx\/prensa\/files\/2018\/02\/160218-Servicio-Social-1.jpg 722w, https:\/\/www.uv.mx\/prensa\/files\/2018\/02\/160218-Servicio-Social-1-300x200.jpg 300w\" sizes=\"(max-width: 722px) 100vw, 722px\" \/><\/a><p id=\"caption-attachment-42105\" class=\"wp-caption-text\">Aurora Prado Bobadilla recibi\u00f3 constancia por Mejor Promedio<\/p><\/div>\n<p>&nbsp;<\/p>\n<p><strong><em>Karina de la Paz Reyes D\u00edaz<\/em><\/strong><\/p>\n<p><strong><em>16\/02\/2018, Xalapa, Ver.-<\/em><\/strong> La Cl\u00ednica Universitaria de Salud Reproductiva y Sexual (CUSRS) de la Universidad Veracruzana (UV) entreg\u00f3 cartas de liberaci\u00f3n de servicio social y dio la bienvenida a nuevos estudiantes.<\/p>\n<p>En la ceremonia realizada el 9 de febrero, quienes prestaron y quienes ahora prestar\u00e1n sus servicios profesionales destacaron que a esta entidad la distingue la atenci\u00f3n y calidad que brinda a la comunidad universitaria y p\u00fablico en general.<\/p>\n<p>Cabe se\u00f1alar que la CUSRS es un espacio para la realizaci\u00f3n de pr\u00e1cticas, servicio social e investigaci\u00f3n de los programas educativos de licenciatura y posgrado de las diferentes regiones universitarias, en materia de prevenci\u00f3n, promoci\u00f3n, educaci\u00f3n y atenci\u00f3n para la reproducci\u00f3n y la salud sexual, fortaleciendo las funciones sustantivas de docencia, investigaci\u00f3n y extensi\u00f3n de los servicios.<\/p>\n<p>Uriel Montero Garc\u00eda, de la Licenciatura en Enfermer\u00eda, es uno de los nueve estudiantes que prestar\u00e1n su servicio social en la CUSRS y admiti\u00f3 que anteriormente desconoc\u00eda de la existencia de \u00e9sta.<\/p>\n<p>\u201cAl platicar con mi tutor me plante\u00f3 la posibilidad de realizar mi servicio social en este lugar. Me puse a investigar qu\u00e9 servicios ofrec\u00eda y qu\u00e9 pod\u00eda hacer y pens\u00e9 \u2018es un muy buen lugar\u2019. Mi inter\u00e9s es pasar por todas las \u00e1reas, aprender de todo lo que se hace aqu\u00ed, incluso participar en la impartici\u00f3n de talleres e investigaciones.\u201d<\/p>\n<p>En los escasos d\u00edas que ha realizado su servicio social, Uriel ha percibido un favorable ambiente laboral, lo cual le agrada. \u201cEso es lo que habla bien de una cl\u00ednica, la atenci\u00f3n y calidad que tiene el personal\u201d, subray\u00f3.<\/p>\n<p>Por su parte, Ana Iveth Mendoza Hern\u00e1ndez, de la Licenciatura en Qu\u00edmica Cl\u00ednica, realiz\u00f3 su servicio social en el periodo Agosto 2017-Enero 2018 y comparti\u00f3 su satisfacci\u00f3n por el aprendizaje que adquiri\u00f3.<\/p>\n<p>\u201cEs una cl\u00ednica donde hay un buen ambiente de trabajo. Las qu\u00edmicas son muy buenas personas, cualquier duda que tuvi\u00e9ramos siempre estaban al pendiente para explicarnos y ayudarnos. Nos dejaban estar en la toma de muestra, para salir expertas al campo laboral. De igual manera, nos evaluaron cada fin de mes respecto a las \u00e1reas que pas\u00e1bamos, para ver el desempe\u00f1o que ten\u00edamos.\u201d<\/p>\n<p>Explic\u00f3 que pas\u00f3 por las \u00e1reas de Bioqu\u00edmica, Inmunolog\u00eda, Hematolog\u00eda, Microbiolog\u00eda, y Uroan\u00e1lisis y Parasitolog\u00eda.<\/p>\n<p>Como parte del programa, se entregaron no s\u00f3lo las cartas de liberaci\u00f3n, sino constancias a los mejores promedios y puntualidad.<\/p>\n<p>Aurora Prado Bobadilla, quien recibi\u00f3 constancia por Mejor Promedio, habl\u00f3 a nombre propio y de sus compa\u00f1eros.<\/p>\n<p>\u201cPara que se hable bien de una instituci\u00f3n, lo m\u00e1s importante son los trabajadores\u201d; \u201cTodo lo que no aprend\u00ed de inmunolog\u00eda en la Facultad, lo aprend\u00ed con ustedes en el servicio social\u201d; \u201cNos dieron la oportunidad de demostrar y demostrarnos que podemos hacer las cosas\u201d, afirm\u00f3 Aurora.<\/p>\n<p>La ceremonia fue presidida por H\u00e9ctor de Leo Tobalina, coordinador de Programas de Extensi\u00f3n de los Servicios; Cynthia Elizabeth D\u00edaz Marte, coordinadora de Docencia e Investigaci\u00f3n, y Cirenia Hern\u00e1ndez Trejo, coordinadora de Servicios Auxiliares de Diagn\u00f3stico.<\/p>\n<p>Todos ellos, a nombre del director de la CUSRS, Alejandro Escobar Mesa, se congratularon con los estudiantes que ya realizaron su servicio social y desearon el mejor de los \u00e9xitos; asimismo, dieron una cordial bienvenida a quienes lo iniciaron.<\/p>\n<p>&nbsp;<\/p>\n<div id='gallery-1' class='gallery galleryid-42107 gallery-columns-2 gallery-size-full'><dl class='gallery-item'>\n\t\t\t<dt class='gallery-icon landscape'>\n\t\t\t\t<a href='https:\/\/www.uv.mx\/prensa\/files\/2018\/02\/160218-Servicio-Social-2.jpg'><img width=\"722\" height=\"482\" src=\"https:\/\/www.uv.mx\/prensa\/files\/2018\/02\/160218-Servicio-Social-2.jpg\" class=\"attachment-full size-full\" alt=\"\" decoding=\"async\" loading=\"lazy\" aria-describedby=\"gallery-1-42108\" srcset=\"https:\/\/www.uv.mx\/prensa\/files\/2018\/02\/160218-Servicio-Social-2.jpg 722w, https:\/\/www.uv.mx\/prensa\/files\/2018\/02\/160218-Servicio-Social-2-300x200.jpg 300w\" sizes=\"(max-width: 722px) 100vw, 722px\" \/><\/a>\n\t\t\t<\/dt>\n\t\t\t\t<dd class='wp-caption-text gallery-caption' id='gallery-1-42108'>\n\t\t\t\tUriel Montero Garc\u00eda \n\t\t\t\t<\/dd><\/dl><dl class='gallery-item'>\n\t\t\t<dt class='gallery-icon landscape'>\n\t\t\t\t<a href='https:\/\/www.uv.mx\/prensa\/files\/2018\/02\/160218-Servicio-Social-3.jpg'><img width=\"722\" height=\"482\" src=\"https:\/\/www.uv.mx\/prensa\/files\/2018\/02\/160218-Servicio-Social-3.jpg\" class=\"attachment-full size-full\" alt=\"\" decoding=\"async\" loading=\"lazy\" aria-describedby=\"gallery-1-42104\" srcset=\"https:\/\/www.uv.mx\/prensa\/files\/2018\/02\/160218-Servicio-Social-3.jpg 722w, https:\/\/www.uv.mx\/prensa\/files\/2018\/02\/160218-Servicio-Social-3-300x200.jpg 300w\" sizes=\"(max-width: 722px) 100vw, 722px\" \/><\/a>\n\t\t\t<\/dt>\n\t\t\t\t<dd class='wp-caption-text gallery-caption' id='gallery-1-42104'>\n\t\t\t\tAna Iveth Mendoza Hern\u00e1ndez \n\t\t\t\t<\/dd><\/dl><br style=\"clear: both\" \/>\n\t\t<\/div>\n\n","protected":false},"excerpt":{"rendered":"<p><strong><em>Karina Reyes.-<\/em><\/strong> La cl\u00ednica UV se distingue por la atenci\u00f3n y calidad que brinda a la comunidad universitaria y p\u00fablico en general, destacaron los j\u00f3venes<\/p>\n","protected":false},"author":1508,"featured_media":0,"comment_status":"closed","ping_status":"closed","sticky":false,"template":"","format":"standard","meta":[],"categories":[1],"tags":[],"_links":{"self":[{"href":"https:\/\/www.uv.mx\/prensa\/wp-json\/wp\/v2\/posts\/42107"}],"collection":[{"href":"https:\/\/www.uv.mx\/prensa\/wp-json\/wp\/v2\/posts"}],"about":[{"href":"https:\/\/www.uv.mx\/prensa\/wp-json\/wp\/v2\/types\/post"}],"author":[{"embeddable":true,"href":"https:\/\/www.uv.mx\/prensa\/wp-json\/wp\/v2\/users\/1508"}],"replies":[{"embeddable":true,"href":"https:\/\/www.uv.mx\/prensa\/wp-json\/wp\/v2\/comments?post=42107"}],"version-history":[{"count":0,"href":"https:\/\/www.uv.mx\/prensa\/wp-json\/wp\/v2\/posts\/42107\/revisions"}],"wp:attachment":[{"href":"https:\/\/www.uv.mx\/prensa\/wp-json\/wp\/v2\/media?parent=42107"}],"wp:term":[{"taxonomy":"category","embeddable":true,"href":"https:\/\/www.uv.mx\/prensa\/wp-json\/wp\/v2\/categories?post=42107"},{"taxonomy":"post_tag","embeddable":true,"href":"https:\/\/www.uv.mx\/prensa\/wp-json\/wp\/v2\/tags?post=42107"}],"curies":[{"name":"wp","href":"https:\/\/api.w.org\/{rel}","templated":true}]}}