{"id":42242,"date":"2018-02-22T10:00:39","date_gmt":"2018-02-22T16:00:39","guid":{"rendered":"https:\/\/www.uv.mx\/prensa\/?p=42242"},"modified":"2018-02-20T11:56:40","modified_gmt":"2018-02-20T17:56:40","slug":"jose-gilberto-moreno-un-aguila-en-el-judo","status":"publish","type":"post","link":"https:\/\/www.uv.mx\/prensa\/deportes\/jose-gilberto-moreno-un-aguila-en-el-judo\/","title":{"rendered":"Jos\u00e9 Gilberto Moreno, un \u201c\u00c1guila\u201d en el judo"},"content":{"rendered":"<style type=\"text\/css\">\n  blockquote p { color: #28519b; font-family: helvetica; font-size: 1.6em; }<br \/>\n<\/style>\n<ul>\n<li><em>Para caminar requiere muletas; en la lucha cuerpo a cuerpo sus piernas son una cerradura<\/em><\/li>\n<li><em>Desde los 10 a\u00f1os necesita una pr\u00f3tesis que no ha podido comprar<\/em> <em>porque <\/em><em>no se vende en el pa\u00eds<\/em><\/li>\n<\/ul>\n<p>&nbsp;<\/p>\n<p><a href=\"https:\/\/www.uv.mx\/prensa\/files\/2018\/02\/200218-Judo-1.jpg\"><img decoding=\"async\" loading=\"lazy\" class=\"aligncenter size-full wp-image-42220\" src=\"https:\/\/www.uv.mx\/prensa\/files\/2018\/02\/200218-Judo-1.jpg\" alt=\"\" width=\"722\" height=\"481\" srcset=\"https:\/\/www.uv.mx\/prensa\/files\/2018\/02\/200218-Judo-1.jpg 722w, https:\/\/www.uv.mx\/prensa\/files\/2018\/02\/200218-Judo-1-300x200.jpg 300w\" sizes=\"(max-width: 722px) 100vw, 722px\" \/><\/a><\/p>\n<p>&nbsp;<\/p>\n<blockquote>\n<p>\u201cMe gusta que el judo requiera disciplina y otros valores b\u00e1sicos de la vida\u201d, comparti\u00f3 el universitario<\/p>\n<\/blockquote>\n<p>&nbsp;<\/p>\n<p>&nbsp;<\/p>\n<p><strong><em>Karina de la Paz Reyes D\u00edaz<\/em><\/strong><\/p>\n<p><strong><em>20\/02\/2018, Xalapa, Ver.-<\/em><\/strong> \u00c1guila es el apellido materno del joven Jos\u00e9 Gilberto Moreno, quien a la hora del combate de judo no necesita de las muletas, apoyos que le acompa\u00f1an desde ni\u00f1o. Es m\u00e1s, su equilibrio es tal que no es sorpresa para sus compa\u00f1eros cuando logra derribar al adversario.<\/p>\n<p>El estudiante de Ingenier\u00eda en Alimentos de la Universidad Veracruzana (UV), naci\u00f3 en la Ciudad de M\u00e9xico y creci\u00f3 en Minatitl\u00e1n. Cuando ten\u00eda 10 a\u00f1os le identificaron un osteosarcoma, tumor maligno en el f\u00e9mur izquierdo. Desde aquellos a\u00f1os usa muletas, pues la pr\u00f3tesis que requiere no se encuentra en el pa\u00eds.<\/p>\n<p>\u201cEso fue algo que me ha llevado a\u00f1os (superar). En total fueron 18 cirug\u00edas, el asunto no fue de un momento a otro. Mentalmente fueron evolucionando muchos aspectos de mi vida y me di cuenta de que aqu\u00ed estoy y para eso estoy.\u201d<\/p>\n<p>El universitario estudiaba Ingenier\u00eda en Biotecnolog\u00eda en la regi\u00f3n Coatzacoalcos, pero por varias razones personales tuvo que dejar el programa educativo; en cambio, revalid\u00f3 materias y el ciclo pasado ingres\u00f3 a Ingenier\u00eda en Alimentos en esta ciudad capital.<\/p>\n<p>\u201cDesde chico me llama mucho la atenci\u00f3n las propiedades de los alimentos\u201d, expres\u00f3 el chico de 25 a\u00f1os. Hace a\u00f1o y medio, amigos de aquella ciudad lo invitaron a un dojo, conoci\u00f3 el judo y le gust\u00f3. A partir de ah\u00ed decidi\u00f3 practicarlo.<\/p>\n<p>\u201cMe pareci\u00f3 muy completo, porque requiere fortaleza f\u00edsica y mental, por eso me gust\u00f3. Ahora me est\u00e1 dando un crecimiento de fortaleza f\u00edsica y personal porque nos ayudamos entre todos para ser mejores.\u201d<\/p>\n<p>Cuando est\u00e1 en combate no experimenta nerviosismo, simplemente pone en pr\u00e1ctica lo que sabe y sobre todo busca disfrutar de este arte marcial que para \u00e9l tiene como esencia el equilibrio, pues con un solo movimiento es posible derribar al adversario.<\/p>\n<p>\u201cMe gusta mucho que con el m\u00ednimo de esfuerzo puedes lograr coas de manera eficaz. Tambi\u00e9n me gusta que el judo requiera disciplina y otros valores b\u00e1sicos de la vida, como la sana alimentaci\u00f3n.\u201d<\/p>\n<p>Adem\u00e1s, prefiere poner el ejemplo a otros j\u00f3venes de las tantas cosas que se pueden lograr en la vida, en lugar de expresarles un discurso que vaya en ese sentido.<\/p>\n<p>El universitario aprovech\u00f3 para mencionar que Xalapa, por sus caracter\u00edsticas geogr\u00e1ficas, tiene muchas subidas y bajadas y le gustar\u00eda que hubiera m\u00e1s rampas que sirvan para una c\u00f3moda movilidad a las personas con alguna discapacidad; eso tambi\u00e9n lo sugiri\u00f3 para la zona UV, para sus facultades, pasillos entre edificios y \u00e1reas deportivas.<\/p>\n<p>De paso, propuso crear un comedor estudiantil en la zona UV en el que se acerque alimentos sanos y de costo accesible a los universitarios.<\/p>\n<p>Jos\u00e9 Gilberto tiene esp\u00edritu emprendedor y deja entrever que m\u00e1s adelante quiz\u00e1 ponga en marcha alg\u00fan negocio relacionado con los alimentos; mientras tanto, est\u00e1 concentrado en cursar de manera eficiente sus experiencias educativas y obtener una beca deportiva.<\/p>\n<p>\u201cQuisiera ver en los j\u00f3venes esa chispa, esas ganas de querer hacer algo, no que s\u00f3lo est\u00e9n pidi\u00e9ndole a sus padres. Me gusta que me vean y piensen \u2018c\u00f3mo \u00e9l hace eso\u2019, de alguna manera se les queda algo de reflexi\u00f3n; (en todo este tiempo) espero haber contagiado y si no, pues le voy a seguir.\u201d<\/p>\n<p>Juliana Palma Valerio, entrenadora responsable de Judo en la Direcci\u00f3n de Actividades Deportivas de la UV, comparti\u00f3 que el hecho de que Jos\u00e9 Gilberto haya elegido esta disciplina deportiva le gener\u00f3 satisfacci\u00f3n.<\/p>\n<p>\u201c\u00c9l ha logrado aprender y derribar a compa\u00f1eros que tienen todas sus extremidades, ha demostrado una actitud muy positiva para practicar este deporte. En muchos torneos ha llamado la atenci\u00f3n porque, a\u00fan con su problema, muestra gran inter\u00e9s en todo lo que tiene que ver con el deporte, no s\u00f3lo con el judo.\u201d<\/p>\n<p>A Juliana Palma no le representa ninguna dificultad tener como alumno a Jos\u00e9 Gilberto, porque le da un trato igual que al resto. \u201c\u00c9l hace todo lo que hacen los dem\u00e1s. Siendo el judo una disciplina tan ruda y fuerte, ha logrado sobrepasar todas las barreras\u201d.<\/p>\n<p>Para ella, Jos\u00e9 Gilberto es \u201cun excelente ejemplo de vida y digno de admiraci\u00f3n\u201d. Mientras tanto, el propio universitario enfatiz\u00f3 un mensaje para la comunidad universitaria: \u201cSigan con sus objetivos, aunque pareciera que no se hace nada, con poco se logra demasiado\u201d.<\/p>\n<p>&nbsp;<\/p>\n<div id=\"attachment_42221\" style=\"width: 732px\" class=\"wp-caption aligncenter\"><a href=\"https:\/\/www.uv.mx\/prensa\/files\/2018\/02\/200218-Judo-2.jpg\"><img aria-describedby=\"caption-attachment-42221\" decoding=\"async\" loading=\"lazy\" class=\"size-full wp-image-42221\" src=\"https:\/\/www.uv.mx\/prensa\/files\/2018\/02\/200218-Judo-2.jpg\" alt=\"\" width=\"722\" height=\"481\" srcset=\"https:\/\/www.uv.mx\/prensa\/files\/2018\/02\/200218-Judo-2.jpg 722w, https:\/\/www.uv.mx\/prensa\/files\/2018\/02\/200218-Judo-2-300x200.jpg 300w\" sizes=\"(max-width: 722px) 100vw, 722px\" \/><\/a><p id=\"caption-attachment-42221\" class=\"wp-caption-text\">Jos\u00e9 Gilberto ha logrado sobrepasar todas las barreras, destac\u00f3 la entrenadora Juliana Palma<\/p><\/div>\n","protected":false},"excerpt":{"rendered":"<p><strong><em>Karina Reyes.-<\/em><\/strong> El estudiante de Ingenier\u00eda en Alimentos, quien se ha sometido a 18 cirug\u00edas en la pierna izquierda, descubri\u00f3 y practica este deporte desde hace a\u00f1o y medio<\/p>\n","protected":false},"author":1869,"featured_media":42243,"comment_status":"closed","ping_status":"closed","sticky":false,"template":"","format":"standard","meta":[],"categories":[12,13,61],"tags":[164],"_links":{"self":[{"href":"https:\/\/www.uv.mx\/prensa\/wp-json\/wp\/v2\/posts\/42242"}],"collection":[{"href":"https:\/\/www.uv.mx\/prensa\/wp-json\/wp\/v2\/posts"}],"about":[{"href":"https:\/\/www.uv.mx\/prensa\/wp-json\/wp\/v2\/types\/post"}],"author":[{"embeddable":true,"href":"https:\/\/www.uv.mx\/prensa\/wp-json\/wp\/v2\/users\/1869"}],"replies":[{"embeddable":true,"href":"https:\/\/www.uv.mx\/prensa\/wp-json\/wp\/v2\/comments?post=42242"}],"version-history":[{"count":0,"href":"https:\/\/www.uv.mx\/prensa\/wp-json\/wp\/v2\/posts\/42242\/revisions"}],"wp:featuredmedia":[{"embeddable":true,"href":"https:\/\/www.uv.mx\/prensa\/wp-json\/wp\/v2\/media\/42243"}],"wp:attachment":[{"href":"https:\/\/www.uv.mx\/prensa\/wp-json\/wp\/v2\/media?parent=42242"}],"wp:term":[{"taxonomy":"category","embeddable":true,"href":"https:\/\/www.uv.mx\/prensa\/wp-json\/wp\/v2\/categories?post=42242"},{"taxonomy":"post_tag","embeddable":true,"href":"https:\/\/www.uv.mx\/prensa\/wp-json\/wp\/v2\/tags?post=42242"}],"curies":[{"name":"wp","href":"https:\/\/api.w.org\/{rel}","templated":true}]}}