{"id":42651,"date":"2018-02-27T14:11:12","date_gmt":"2018-02-27T20:11:12","guid":{"rendered":"https:\/\/www.uv.mx\/prensa\/?p=42651"},"modified":"2018-04-02T12:19:33","modified_gmt":"2018-04-02T17:19:33","slug":"max-expone-obra-sobre-emociones-reprimidas","status":"publish","type":"post","link":"https:\/\/www.uv.mx\/prensa\/cultura\/max-expone-obra-sobre-emociones-reprimidas\/","title":{"rendered":"MAX expone obra sobre emociones reprimidas"},"content":{"rendered":"<ul>\n<li><em>La muestra se denomina<\/em> Ambig\u00fcedad;<em> est\u00e1 compuesta por m\u00e1s de 200 piezas<\/em><\/li>\n<li><em>Puede visitarse en el mezzanine del MAX, ubicado en la Avenida Xalapa sin n\u00famero, de la Unidad Magisterial, hasta el 11 de abril.<\/em><\/li>\n<\/ul>\n<p><strong>\u00a0<\/strong><\/p>\n<div id=\"attachment_42655\" style=\"width: 732px\" class=\"wp-caption aligncenter\"><a href=\"https:\/\/www.uv.mx\/prensa\/files\/2018\/02\/260218-Carlos-Rofoldo-Salmeron-Expo-1.jpg\"><img aria-describedby=\"caption-attachment-42655\" decoding=\"async\" loading=\"lazy\" class=\"size-full wp-image-42655\" src=\"https:\/\/www.uv.mx\/prensa\/files\/2018\/02\/260218-Carlos-Rofoldo-Salmeron-Expo-1.jpg\" alt=\"\" width=\"722\" height=\"542\" srcset=\"https:\/\/www.uv.mx\/prensa\/files\/2018\/02\/260218-Carlos-Rofoldo-Salmeron-Expo-1.jpg 722w, https:\/\/www.uv.mx\/prensa\/files\/2018\/02\/260218-Carlos-Rofoldo-Salmeron-Expo-1-300x225.jpg 300w\" sizes=\"(max-width: 722px) 100vw, 722px\" \/><\/a><p id=\"caption-attachment-42655\" class=\"wp-caption-text\">Las piezas fueron elaboradas con materiales textiles<\/p><\/div>\n<p>&nbsp;<\/p>\n<p><strong><em>Carlos Hugo Hermida Rosales<\/em><\/strong><\/p>\n<p><strong><em>27\/02\/18, Xalapa, Ver.- <\/em><\/strong>Rodolfo Enrique Salmer\u00f3n Guti\u00e9rrez, egresado de la <a href=\"https:\/\/www.uv.mx\/artesplasticas\/\" target=\"_blank\" rel=\"noopener\">Facultad de Artes Pl\u00e1sticas de la Universidad Veracruzana<\/a> (UV), inaugur\u00f3 el 23 de febrero en el mezzanine del <a href=\"https:\/\/www.uv.mx\/max\/\" target=\"_blank\" rel=\"noopener\">Museo de Antropolog\u00eda de Xalapa<\/a> (MAX) la exposici\u00f3n <em>Ambig\u00fcedad<\/em>, muestra que contiene m\u00e1s de 200 piezas de gr\u00e1fica en textil.<\/p>\n<p>El artista pl\u00e1stico explic\u00f3 que cada una de las piezas, las cuales asemejan contenedores, fue intervenida por diferentes procesos que tocan la tem\u00e1tica de las emociones reprimidas.<\/p>\n<p>\u201cEstos monotipos hablan de c\u00f3mo a lo largo de nuestras vidas almacenamos emociones que de una u otra forma salen y cada pieza significa eso, el proceso de la manera en que las llevamos, por ello algunas est\u00e1n abiertas y otras cerradas\u201d, mencion\u00f3.<\/p>\n<p>Rodolfo Salmer\u00f3n coment\u00f3 que estas piezas fueron elaboradas con materiales textiles, debido a que \u00e9stos logran una mayor conexi\u00f3n corporal con el espectador.<\/p>\n<p>&nbsp;<\/p>\n<div id=\"attachment_42656\" style=\"width: 732px\" class=\"wp-caption aligncenter\"><a href=\"https:\/\/www.uv.mx\/prensa\/files\/2018\/02\/260218-Carlos-Rofoldo-Salmeron-Expo-2.jpg\"><img aria-describedby=\"caption-attachment-42656\" decoding=\"async\" loading=\"lazy\" class=\"size-full wp-image-42656\" src=\"https:\/\/www.uv.mx\/prensa\/files\/2018\/02\/260218-Carlos-Rofoldo-Salmeron-Expo-2.jpg\" alt=\"\" width=\"722\" height=\"542\" srcset=\"https:\/\/www.uv.mx\/prensa\/files\/2018\/02\/260218-Carlos-Rofoldo-Salmeron-Expo-2.jpg 722w, https:\/\/www.uv.mx\/prensa\/files\/2018\/02\/260218-Carlos-Rofoldo-Salmeron-Expo-2-300x225.jpg 300w\" sizes=\"(max-width: 722px) 100vw, 722px\" \/><\/a><p id=\"caption-attachment-42656\" class=\"wp-caption-text\">El p\u00fablico respondi\u00f3 y acudi\u00f3 a la inauguraci\u00f3n de esta exposici\u00f3n<\/p><\/div>\n<p>&nbsp;<\/p>\n<p>El joven manifest\u00f3 que mediante esta exposici\u00f3n busca demostrar que existen propuestas art\u00edsticas distintas a la gr\u00e1fica en cuadros o a las pinturas en bastidores.<\/p>\n<p>\u201cExisten otros medios, otros materiales y propuestas que se pueden trabajar, que ayudan y potencian el discurso de la obra\u201d, declar\u00f3.<\/p>\n<p>El artista expres\u00f3 que espera que las personas que visiten esta exposici\u00f3n reflexionen un poco sobre el tema de las emociones y los procesos que \u00e9stas conllevan, los cuales son necesarios en los seres humanos.<\/p>\n<p>La muestra <em>Ambig\u00fcedad<\/em> estar\u00e1 abierta el p\u00fablico en el mezzanine del MAX, ubicado en la Avenida Xalapa sin n\u00famero, de la Unidad Magisterial, hasta el 11 de abril. Puede visitarse de martes a domingo de 9:00 a 17:00 horas. La entrada es libre.<\/p>\n<p>&nbsp;<\/p>\n<div id=\"attachment_42657\" style=\"width: 732px\" class=\"wp-caption aligncenter\"><a href=\"https:\/\/www.uv.mx\/prensa\/files\/2018\/02\/260218-Carlos-Rofoldo-Salmeron-Expo-3.jpg\"><img aria-describedby=\"caption-attachment-42657\" decoding=\"async\" loading=\"lazy\" class=\"size-full wp-image-42657\" src=\"https:\/\/www.uv.mx\/prensa\/files\/2018\/02\/260218-Carlos-Rofoldo-Salmeron-Expo-3.jpg\" alt=\"\" width=\"722\" height=\"542\" srcset=\"https:\/\/www.uv.mx\/prensa\/files\/2018\/02\/260218-Carlos-Rofoldo-Salmeron-Expo-3.jpg 722w, https:\/\/www.uv.mx\/prensa\/files\/2018\/02\/260218-Carlos-Rofoldo-Salmeron-Expo-3-300x225.jpg 300w\" sizes=\"(max-width: 722px) 100vw, 722px\" \/><\/a><p id=\"caption-attachment-42657\" class=\"wp-caption-text\">Rodolfo Enrique Salmer\u00f3n Guti\u00e9rrez<\/p><\/div>\n<p>&nbsp;<\/p>\n","protected":false},"excerpt":{"rendered":"<p><strong><em>Carlos Hermida.-<\/em><\/strong> Rodolfo Salmer\u00f3n coment\u00f3 que su obra usa materiales textiles, debido a que \u00e9stos logran una mayor conexi\u00f3n corporal con el espectador.<\/p>\n","protected":false},"author":1508,"featured_media":42655,"comment_status":"closed","ping_status":"closed","sticky":false,"template":"","format":"standard","meta":[],"categories":[11],"tags":[102],"_links":{"self":[{"href":"https:\/\/www.uv.mx\/prensa\/wp-json\/wp\/v2\/posts\/42651"}],"collection":[{"href":"https:\/\/www.uv.mx\/prensa\/wp-json\/wp\/v2\/posts"}],"about":[{"href":"https:\/\/www.uv.mx\/prensa\/wp-json\/wp\/v2\/types\/post"}],"author":[{"embeddable":true,"href":"https:\/\/www.uv.mx\/prensa\/wp-json\/wp\/v2\/users\/1508"}],"replies":[{"embeddable":true,"href":"https:\/\/www.uv.mx\/prensa\/wp-json\/wp\/v2\/comments?post=42651"}],"version-history":[{"count":0,"href":"https:\/\/www.uv.mx\/prensa\/wp-json\/wp\/v2\/posts\/42651\/revisions"}],"wp:featuredmedia":[{"embeddable":true,"href":"https:\/\/www.uv.mx\/prensa\/wp-json\/wp\/v2\/media\/42655"}],"wp:attachment":[{"href":"https:\/\/www.uv.mx\/prensa\/wp-json\/wp\/v2\/media?parent=42651"}],"wp:term":[{"taxonomy":"category","embeddable":true,"href":"https:\/\/www.uv.mx\/prensa\/wp-json\/wp\/v2\/categories?post=42651"},{"taxonomy":"post_tag","embeddable":true,"href":"https:\/\/www.uv.mx\/prensa\/wp-json\/wp\/v2\/tags?post=42651"}],"curies":[{"name":"wp","href":"https:\/\/api.w.org\/{rel}","templated":true}]}}