{"id":43179,"date":"2018-03-07T20:35:31","date_gmt":"2018-03-08T02:35:31","guid":{"rendered":"https:\/\/www.uv.mx\/prensa\/?p=43179"},"modified":"2018-03-09T19:33:24","modified_gmt":"2018-03-10T01:33:24","slug":"presentaran-primer-numero-de-eduscientia-revista-digital","status":"publish","type":"post","link":"https:\/\/www.uv.mx\/prensa\/eventos\/presentaran-primer-numero-de-eduscientia-revista-digital\/","title":{"rendered":"Presentar\u00e1n primer n\u00famero de Eduscientia, revista digital"},"content":{"rendered":"<ul>\n<li><em>Tendr\u00e1 lugar el 9 de marzo, a las 10:00 horas, en el auditorio de la Facultad de Contadur\u00eda y Administraci\u00f3n<\/em><\/li>\n<\/ul>\n<p>&nbsp;<\/p>\n<div id=\"attachment_43176\" style=\"width: 732px\" class=\"wp-caption aligncenter\"><a href=\"https:\/\/www.uv.mx\/prensa\/files\/2018\/03\/070318-EDUSCIENTIA.jpg\"><img aria-describedby=\"caption-attachment-43176\" decoding=\"async\" loading=\"lazy\" class=\"size-full wp-image-43176\" src=\"https:\/\/www.uv.mx\/prensa\/files\/2018\/03\/070318-EDUSCIENTIA.jpg\" alt=\"\" width=\"722\" height=\"481\" srcset=\"https:\/\/www.uv.mx\/prensa\/files\/2018\/03\/070318-EDUSCIENTIA.jpg 722w, https:\/\/www.uv.mx\/prensa\/files\/2018\/03\/070318-EDUSCIENTIA-300x200.jpg 300w\" sizes=\"(max-width: 722px) 100vw, 722px\" \/><\/a><p id=\"caption-attachment-43176\" class=\"wp-caption-text\">Armando Jes\u00fas Mart\u00ednez Chac\u00f3n es uno de los editores del proyecto<\/p><\/div>\n<p>&nbsp;<\/p>\n<p><strong><em>Claudia Peralta V\u00e1zquez<\/em><\/strong><\/p>\n<p><strong><em>07\/03\/18, Xalapa, Ver.- <\/em><\/strong>El Instituto de Neuroetolog\u00eda de la Universidad Veracruzana (UV) y la Direcci\u00f3n de Educaci\u00f3n Normal, adscrita a la Secretar\u00eda de Educaci\u00f3n de Veracruz (SEV), realizar\u00e1n la presentaci\u00f3n oficial de la revista digital <em>Eduscientia. Divulgaci\u00f3n de la ciencia educativa<\/em>, el viernes 9 de marzo, a las 10:00 horas, en el auditorio de la Facultad de Contadur\u00eda y Administraci\u00f3n (FCA).<\/p>\n<p>Armando Jes\u00fas Mart\u00ednez Chac\u00f3n, uno de los editores es integrante del Instituto de Neuroetolog\u00eda, coment\u00f3 que este proyecto surge como una interacci\u00f3n acad\u00e9mica entre investigadores de ambas instancias interesados en aspectos relacionados con el desarrollo educativo.<\/p>\n<p>Se pretende que a trav\u00e9s de este medio, docentes y egresados de Escuelas Normales del estado de Veracruz y dependencias educativas publiquen los resultados de sus estudios de maestr\u00eda o doctorado con impacto directo en la din\u00e1mica educativa de M\u00e9xico.<\/p>\n<p>Anteriormente, dijo, no era com\u00fan que alumnos graduados de este sistema centraran su inter\u00e9s en la investigaci\u00f3n para abordar diversos aspectos relacionados con los procesos cognitivos y de neurociencias y otras \u00e1reas como la pedagog\u00eda, psicolog\u00eda, uso de las tecnolog\u00edas de la informaci\u00f3n y la comunicaci\u00f3n (TIC), entre otras.<\/p>\n<p>\u201cSe cre\u00eda que eran formados para ser exclusivamente docentes, pero hoy en d\u00eda muchos de los normalistas tienen inter\u00e9s por la investigaci\u00f3n.\u201d<\/p>\n<p>El primer volumen de la revista, que ser\u00e1 publicada semestralmente a trav\u00e9s del sitio <em>web<\/em>: <a href=\"http:\/\/www.Eduscientia.com\">www.Eduscientia.com<\/a>, cuenta ya con 10 trabajos de investigaci\u00f3n y de divulgaci\u00f3n escritos por investigadores del Instituto de Ecolog\u00eda, A.C. (<em>Inecol<\/em>); de la UV; del Centro de Investigaci\u00f3n Cient\u00edfica y de Educaci\u00f3n Superior de Ensenada (CICESE); miembros del Sistema Nacional de Investigadores (SNI) y de la Benem\u00e9rita Escuela Normal Veracruzana.<\/p>\n<p>Algunos de sus apartados tienen que ver con investigaci\u00f3n educativa, trabajos de revisi\u00f3n, divulgaci\u00f3n, y estrategias innovadoras en la educaci\u00f3n.<\/p>\n<p>\u201cTiene varias tem\u00e1ticas en las cuales los interesados en escribir pueden ajustarse a los lineamientos de la revista.\u201d<\/p>\n<p>Entre los temas que aborda el primer volumen destaca el de s\u00edndrome de <em>Burnout<\/em>, entendido como el agotamiento por carga de trabajo, lo cual desencadena estr\u00e9s cr\u00f3nico y, a su vez, agotamiento emocional, fatiga cr\u00f3nica, as\u00ed como una serie de aspectos psicol\u00f3gicos y f\u00edsicos que pueden mermar el desempe\u00f1o acad\u00e9mico.<\/p>\n<p>Otro art\u00edculo muestra la perspectiva de g\u00e9nero y el desempe\u00f1o de las mujeres en la investigaci\u00f3n, su inclusi\u00f3n al SNI y cifras que dimensionan la incorporaci\u00f3n de este sector a la ciencia.<\/p>\n<p>Asimismo, los lectores tendr\u00e1n un panorama de la forma en que se percibe la educaci\u00f3n desde un contexto hist\u00f3rico, y cu\u00e1les ser\u00edan las estrategias para mejorarla en armon\u00eda bajo el contexto en el cual vivimos.<\/p>\n<p>Un art\u00edculo m\u00e1s explica que el aprendizaje activo es un elemento importante para que los alumnos puedan incorporar informaci\u00f3n de forma eficaz en comparaci\u00f3n con los m\u00e9todos anteriores.<\/p>\n<p>Otro de los trabajos muestra con videos los tipos de microscopio, tecnolog\u00eda que debe ser incorporada desde la educaci\u00f3n b\u00e1sica.<\/p>\n<p>El impacto de este trabajo editorial ser\u00e1 a favor de la poblaci\u00f3n normalista interesada en publicar trabajos de investigaci\u00f3n, pues actualmente no hay revistas al nivel de Escuelas Normales, expres\u00f3.<\/p>\n<p>\u201cEn M\u00e9xico son muy pocas las revistas sobre investigaci\u00f3n educativa, es un campo poco explorado pero con muchas necesidades de implementar estrategias para publicar los art\u00edculos, tesis, trabajos de innovaci\u00f3n educativa; evidentemente esto tiene que ir a la par de la Reforma Educativa.\u201d<\/p>\n<p>Junto con Armando Jes\u00fas Mart\u00ednez, tambi\u00e9n intervienen como editoras Grecia Herrera y Mar\u00eda Cristina Lara Bada, quienes conformaron un grupo de editores asociados de diversas instituciones.<\/p>\n<p>\u201cLa idea es que pr\u00f3ximamente sea coeditada por la UV y la SEV, particularmente entre el Instituto de Neuroetolog\u00eda y la Direcci\u00f3n de Educaci\u00f3n Normal, y en el mediano plazo indexarla al padr\u00f3n de revistas del Consejo Nacional de Ciencia y Tecnolog\u00eda (<em>Conacyt<\/em>).\u201d<\/p>\n<p><em>Eduscientia<\/em> ser\u00e1 difundida inicialmente en los institutos de investigaci\u00f3n, centros y Escuelas Normales, y posteriormente al p\u00fablico en general, puesto que se encuentra en el portal del Open Journal System (OJS), el cual es de acceso libre.<\/p>\n","protected":false},"excerpt":{"rendered":"<p><strong><em>Claudia Peralta.-<\/em><\/strong> Es producto de una interacci\u00f3n acad\u00e9mica entre el Instituto de Neuroetolog\u00eda de la UV y la Direcci\u00f3n de Educaci\u00f3n Normal de la SEV<\/p>\n","protected":false},"author":1508,"featured_media":43176,"comment_status":"closed","ping_status":"closed","sticky":false,"template":"","format":"standard","meta":[],"categories":[47],"tags":[],"_links":{"self":[{"href":"https:\/\/www.uv.mx\/prensa\/wp-json\/wp\/v2\/posts\/43179"}],"collection":[{"href":"https:\/\/www.uv.mx\/prensa\/wp-json\/wp\/v2\/posts"}],"about":[{"href":"https:\/\/www.uv.mx\/prensa\/wp-json\/wp\/v2\/types\/post"}],"author":[{"embeddable":true,"href":"https:\/\/www.uv.mx\/prensa\/wp-json\/wp\/v2\/users\/1508"}],"replies":[{"embeddable":true,"href":"https:\/\/www.uv.mx\/prensa\/wp-json\/wp\/v2\/comments?post=43179"}],"version-history":[{"count":0,"href":"https:\/\/www.uv.mx\/prensa\/wp-json\/wp\/v2\/posts\/43179\/revisions"}],"wp:featuredmedia":[{"embeddable":true,"href":"https:\/\/www.uv.mx\/prensa\/wp-json\/wp\/v2\/media\/43176"}],"wp:attachment":[{"href":"https:\/\/www.uv.mx\/prensa\/wp-json\/wp\/v2\/media?parent=43179"}],"wp:term":[{"taxonomy":"category","embeddable":true,"href":"https:\/\/www.uv.mx\/prensa\/wp-json\/wp\/v2\/categories?post=43179"},{"taxonomy":"post_tag","embeddable":true,"href":"https:\/\/www.uv.mx\/prensa\/wp-json\/wp\/v2\/tags?post=43179"}],"curies":[{"name":"wp","href":"https:\/\/api.w.org\/{rel}","templated":true}]}}