{"id":43411,"date":"2018-03-13T07:00:22","date_gmt":"2018-03-13T13:00:22","guid":{"rendered":"https:\/\/www.uv.mx\/prensa\/?p=43411"},"modified":"2021-10-20T10:54:14","modified_gmt":"2021-10-20T15:54:14","slug":"jovenes-enfrentan-realidad-compleja-iip","status":"publish","type":"post","link":"https:\/\/www.uv.mx\/prensa\/general\/jovenes-enfrentan-realidad-compleja-iip\/","title":{"rendered":"J\u00f3venes enfrentan realidad compleja: IIP"},"content":{"rendered":"<style type=\"text\/css\">\n  blockquote p { color: #28519b; font-family: helvetica; font-size: 1.4em; }<br \/><\/style>\n<ul>\n<li><em>Hoy en d\u00eda la juventud representa un tercio de la poblaci\u00f3n nacional<\/em><\/li>\n<li><em>En 2030 ser\u00e1n la poblaci\u00f3n econ\u00f3micamente activa, pero en la actualidad enfrentan desempleo<\/em><\/li>\n<\/ul>\n<p><a href=\"https:\/\/www.uv.mx\/prensa\/files\/2018\/03\/130318-Leon-Beltran-100k.jpg\"><img decoding=\"async\" loading=\"lazy\" class=\"size-full wp-image-43412 aligncenter\" src=\"https:\/\/www.uv.mx\/prensa\/files\/2018\/03\/130318-Leon-Beltran-100k.jpg\" alt=\"\" width=\"722\" height=\"483\" srcset=\"https:\/\/www.uv.mx\/prensa\/files\/2018\/03\/130318-Leon-Beltran-100k.jpg 722w, https:\/\/www.uv.mx\/prensa\/files\/2018\/03\/130318-Leon-Beltran-100k-300x201.jpg 300w\" sizes=\"(max-width: 722px) 100vw, 722px\" \/><\/a><\/p>\n<blockquote><p>\u201cEl segmento joven est\u00e1 perdiendo la confianza en las instituciones \u2013escuela, iglesia, gobierno, partidos pol\u00edticos\u2013, parecer\u00eda que vamos encaminados a un estado de incertidumbre\u201d:<br \/>\nLe\u00f3n Felipe Beltr\u00e1n Guerra<\/p><\/blockquote>\n<p>&nbsp;<\/p>\n<p><strong><em>David Sandoval Rodr\u00edguez<\/em><\/strong><\/p>\n<p><strong><em>13\/03\/2018, Xalapa, Ver.-<\/em><\/strong> En el estado de Veracruz imperan muchos contextos que afectan la situaci\u00f3n de los j\u00f3venes e inciden directamente en sus condiciones de bienestar y calidad de vida, expresaron acad\u00e9micos del Instituto de Investigaciones Psicol\u00f3gicas (IIP) de la Universidad Veracruzana (UV).<\/p>\n<p>Al presentar los resultados de su \u201cDiagn\u00f3stico de la juventud en Naolinco: un estudio sobre bienestar, violencia y adicciones\u201d, en el auditorio de la <a href=\"https:\/\/www.uv.mx\/investigacion\/\" target=\"_blank\" rel=\"noopener\">Direcci\u00f3n General de Investigaciones<\/a>, los investigadores Le\u00f3n Felipe Beltr\u00e1n Guerra, Jorge Luis Arellanez Hern\u00e1ndez y Enrique Romero Pedraza, integrantes del cuerpo acad\u00e9mico (CA) Psique y Logos, recalcaron que poner atenci\u00f3n en este segmento de la poblaci\u00f3n implica entender un fen\u00f3meno bastante complejo y multidimensional.<\/p>\n<p>Beltr\u00e1n Guerra reconoci\u00f3 que a pesar de que se ejecutan desde hace 20 a\u00f1os en el pa\u00eds, las perspectivas para describir la situaci\u00f3n actual de los j\u00f3venes generan cada vez mayor inter\u00e9s entre los tomadores de decisiones y han adquirido m\u00e1s importancia en las entidades y municipios.<\/p>\n<p>\u201cLo que s\u00ed es un hecho es que la poblaci\u00f3n joven representa un tercio de la poblaci\u00f3n del pa\u00eds\u201d, dijo el acad\u00e9mico y puntualiz\u00f3 que se encuestaron a 960 j\u00f3venes de secundaria y bachillerato, de entre 12 y 21 a\u00f1os de edad.<\/p>\n<p>Detall\u00f3 que el Programa de las Naciones Unidas para el Desarrollo (PNUD) ha iniciado varias pol\u00edticas a nivel mundial para tratar de incidir en el desarrollo de las naciones y se ha descubierto que invertir en la juventud parece brindar mejores resultados que hacerlo en otros elementos.<\/p>\n<p>\u201cEn el caso particular de M\u00e9xico, la mitad de las personas tenemos por lo menos un tipo de pobreza y esto refleja una situaci\u00f3n compleja para entender lo que sucede con las personas en cada una de las entidades federativas\u201d, agreg\u00f3 el investigador.<\/p>\n<p>Es un hecho que para 2030 la mitad de la poblaci\u00f3n en el pa\u00eds estar\u00e1 constituida por j\u00f3venes en edad de trabajar y esto tiene \u201cserias implicaciones, porque significa no s\u00f3lo que generar\u00e1n el producto interno bruto (PIB), sino deber\u00e1n tomar decisiones en funci\u00f3n de c\u00f3mo generar calidad de vida para todos\u201d, agreg\u00f3.<\/p>\n<p>Por otro lado, la juventud actual tiene mayores dificultades para ingresar al campo laboral y el n\u00famero de j\u00f3venes sin posibilidades de estudio o empleo, conocidos coloquialmente como \u201cninis\u201d, crecen de manera exponencial.<\/p>\n<p>\u201cSi a esto sumamos que de manera muy particular el segmento joven est\u00e1 perdiendo la confianza en las instituciones \u2013escuela, iglesia, gobierno, partidos pol\u00edticos\u2013, parecer\u00eda que vamos encaminados a un estado de incertidumbre.\u201d<\/p>\n<p>El acad\u00e9mico opin\u00f3 que \u201crealmente tenemos una situaci\u00f3n compleja en torno a las condiciones de bienestar en que estamos hoy en d\u00eda los ciudadanos, la poblaci\u00f3n joven en todo el mundo est\u00e1 manifestando demandas importantes respecto a sus condiciones, su calidad de vida y el bienestar\u201d.<\/p>\n<p>El trabajo de investigaci\u00f3n del que dieron cuenta el mi\u00e9rcoles 7 de marzo es parte del Seminario Permanente de Investigaci\u00f3n Interdisciplinar, dentro del cual colaboran los tres CA del IIP.<\/p>\n<p>Uno de los prop\u00f3sitos de la investigaci\u00f3n es que la informaci\u00f3n sea utilizada por los tomadores de decisiones en el municipio para atender las problem\u00e1ticas espec\u00edficas que enfrentan los j\u00f3venes de la localidad.<\/p>\n","protected":false},"excerpt":{"rendered":"<p><strong><em>David Sandoval.-<\/em><\/strong> El segmento joven est\u00e1 perdiendo la confianza en las instituciones, \u00abparecer\u00eda que vamos encaminados a un estado de incertidumbre\u00bb: Le\u00f3n Beltr\u00e1n Guerra<\/p>\n","protected":false},"author":1775,"featured_media":43412,"comment_status":"closed","ping_status":"closed","sticky":false,"template":"","format":"standard","meta":[],"categories":[1],"tags":[2496,753,752,4159,3145,4217,949,948,4216,4215,966,63],"_links":{"self":[{"href":"https:\/\/www.uv.mx\/prensa\/wp-json\/wp\/v2\/posts\/43411"}],"collection":[{"href":"https:\/\/www.uv.mx\/prensa\/wp-json\/wp\/v2\/posts"}],"about":[{"href":"https:\/\/www.uv.mx\/prensa\/wp-json\/wp\/v2\/types\/post"}],"author":[{"embeddable":true,"href":"https:\/\/www.uv.mx\/prensa\/wp-json\/wp\/v2\/users\/1775"}],"replies":[{"embeddable":true,"href":"https:\/\/www.uv.mx\/prensa\/wp-json\/wp\/v2\/comments?post=43411"}],"version-history":[{"count":1,"href":"https:\/\/www.uv.mx\/prensa\/wp-json\/wp\/v2\/posts\/43411\/revisions"}],"predecessor-version":[{"id":103195,"href":"https:\/\/www.uv.mx\/prensa\/wp-json\/wp\/v2\/posts\/43411\/revisions\/103195"}],"wp:featuredmedia":[{"embeddable":true,"href":"https:\/\/www.uv.mx\/prensa\/wp-json\/wp\/v2\/media\/43412"}],"wp:attachment":[{"href":"https:\/\/www.uv.mx\/prensa\/wp-json\/wp\/v2\/media?parent=43411"}],"wp:term":[{"taxonomy":"category","embeddable":true,"href":"https:\/\/www.uv.mx\/prensa\/wp-json\/wp\/v2\/categories?post=43411"},{"taxonomy":"post_tag","embeddable":true,"href":"https:\/\/www.uv.mx\/prensa\/wp-json\/wp\/v2\/tags?post=43411"}],"curies":[{"name":"wp","href":"https:\/\/api.w.org\/{rel}","templated":true}]}}