{"id":45410,"date":"2018-04-23T07:00:05","date_gmt":"2018-04-23T12:00:05","guid":{"rendered":"https:\/\/www.uv.mx\/prensa\/?p=45410"},"modified":"2021-10-22T11:07:34","modified_gmt":"2021-10-22T16:07:34","slug":"uv-exhibe-carteles-de-la-bienal-de-arquitectura-del-golfo","status":"publish","type":"post","link":"https:\/\/www.uv.mx\/prensa\/eventos\/uv-exhibe-carteles-de-la-bienal-de-arquitectura-del-golfo\/","title":{"rendered":"UV exhibe carteles de la Bienal de Arquitectura del Golfo"},"content":{"rendered":"<ul>\n<li><em>La exhibici\u00f3n se encuentra en el Aula Magna de la Facultad de Arquitectura<\/em><\/li>\n<li><em>Est\u00e1 abierta al p\u00fablico del 23 al 27 de abril<\/em><\/li>\n<\/ul>\n<div id=\"attachment_45413\" style=\"width: 732px\" class=\"wp-caption aligncenter\"><a href=\"https:\/\/www.uv.mx\/prensa\/files\/2018\/04\/200418-Arquitecura-100k.jpg\"><img aria-describedby=\"caption-attachment-45413\" decoding=\"async\" loading=\"lazy\" class=\"size-full wp-image-45413\" src=\"https:\/\/www.uv.mx\/prensa\/files\/2018\/04\/200418-Arquitecura-100k.jpg\" alt=\"\" width=\"722\" height=\"483\" srcset=\"https:\/\/www.uv.mx\/prensa\/files\/2018\/04\/200418-Arquitecura-100k.jpg 722w, https:\/\/www.uv.mx\/prensa\/files\/2018\/04\/200418-Arquitecura-100k-300x201.jpg 300w\" sizes=\"(max-width: 722px) 100vw, 722px\" \/><\/a><p id=\"caption-attachment-45413\" class=\"wp-caption-text\">V\u00edctor Ruiz Arce y Ariadna Velasco<\/p><\/div>\n<p><strong><em>Karina de la Paz Reyes D\u00edaz<\/em><\/strong><\/p>\n<p><strong><em>23\/04\/18, Xalapa, Ver.- <\/em><\/strong>La <a href=\"https:\/\/www.uv.mx\/arquitectura\/\/\" target=\"_blank\" rel=\"noopener\">Facultad de Arquitectura<\/a> de la Universidad Veracruzana (UV) aloja la exhibici\u00f3n carteles de las 15 obras ganadoras de la I Bienal de Arquitectura del Golfo 2017.<\/p>\n<p>V\u00edctor Ruiz Arce y Ariadna Velasco, acad\u00e9micos de la Facultad, precisaron que la exposici\u00f3n estar\u00e1 abierta al p\u00fablico del lunes 23 al viernes 27 de abril en el Aula Magna, de 9:00 a 14:00 y de 16:00 a 19:00 horas. La entrada es libre.<\/p>\n<p>Precisaron que el Colegio de Arquitectos del Puerto de Veracruz convoc\u00f3 a la I Bienal de Arquitectura del Golfo 2017, a prop\u00f3sito de su 50 aniversario y con el objetivo de reconocer, valorar y difundir la arquitectura sobresaliente realizada en los estados de Yucat\u00e1n, Campeche, Tabasco y Veracruz en el transcurso de 2015 a 2017.<\/p>\n<p>Entre los aspectos que se destacaron en esta bienal fueron la calidad, excepcional nivel de las propuestas y aportaciones a la arquitectura regional, el valor de la arquitectura como huella de nuestra sociedad y tiempo.<\/p>\n<p>Los acad\u00e9micos destacaron que esta exposici\u00f3n es una iniciativa del cuerpo acad\u00e9mico (CA) Arquitect\u00f3nica. Grupo de Investigaci\u00f3n, como parte de sus actividades de difusi\u00f3n de la cultura arquitect\u00f3nica, el arte y el urbanismo.<\/p>\n<p>\u201cConsideramos que es importante que se conozca la obra que se est\u00e1 construyendo en la regi\u00f3n del Golfo. Generalmente, cuando buscas al respecto en cualquier medio de informaci\u00f3n, encuentras obras de la zona metropolitana o de las ciudades m\u00e1s grandes y \u00e9sta es una oportunidad para saber qu\u00e9 se est\u00e1 haciendo en la regi\u00f3n que habitamos, obra de calidad ya construida\u201d, dijo Ariadna Velasco.<\/p>\n<p>V\u00edctor Ruiz,a\u00f1adi\u00f3: \u201cApreciar obras como \u00e9stas es importante para los alumnos y para los que ya somos arquitectos, porque vemos c\u00f3mo se est\u00e1 tratando la arquitectura en esta zona. Adem\u00e1s, a los estudiantes les hace mucho bien ver obra que ya est\u00e1 realizada y confirmar la capacidad para hacer arquitectura\u201d.<\/p>\n<p>La serie de carteles que se presentan en la Facultad de Arquitectura exhiben las 15 obras ganadoras de las 11 categor\u00edas de la bienal (entre ellas Vivienda, Oficinas, Restauraci\u00f3n, Dise\u00f1o de espacios exteriores, Arquitectura del paisaje), mismas que est\u00e1n construidas en Xalapa, Alvarado, Veracruz puerto, C\u00f3rdoba, Medell\u00edn, Boca del R\u00edo, as\u00ed como en M\u00e9rida, Yucat\u00e1n y Pachuca de Soto, Hidalgo.<\/p>\n","protected":false},"excerpt":{"rendered":"<p>La exhibici\u00f3n se encuentra en el Aula Magna de la Facultad de Arquitectura y consta de 15 carteles sobre las obras ganadoras<\/p>\n","protected":false},"author":1775,"featured_media":45413,"comment_status":"closed","ping_status":"closed","sticky":false,"template":"","format":"standard","meta":[],"categories":[47],"tags":[4460,2180,419,4015],"_links":{"self":[{"href":"https:\/\/www.uv.mx\/prensa\/wp-json\/wp\/v2\/posts\/45410"}],"collection":[{"href":"https:\/\/www.uv.mx\/prensa\/wp-json\/wp\/v2\/posts"}],"about":[{"href":"https:\/\/www.uv.mx\/prensa\/wp-json\/wp\/v2\/types\/post"}],"author":[{"embeddable":true,"href":"https:\/\/www.uv.mx\/prensa\/wp-json\/wp\/v2\/users\/1775"}],"replies":[{"embeddable":true,"href":"https:\/\/www.uv.mx\/prensa\/wp-json\/wp\/v2\/comments?post=45410"}],"version-history":[{"count":1,"href":"https:\/\/www.uv.mx\/prensa\/wp-json\/wp\/v2\/posts\/45410\/revisions"}],"predecessor-version":[{"id":103424,"href":"https:\/\/www.uv.mx\/prensa\/wp-json\/wp\/v2\/posts\/45410\/revisions\/103424"}],"wp:featuredmedia":[{"embeddable":true,"href":"https:\/\/www.uv.mx\/prensa\/wp-json\/wp\/v2\/media\/45413"}],"wp:attachment":[{"href":"https:\/\/www.uv.mx\/prensa\/wp-json\/wp\/v2\/media?parent=45410"}],"wp:term":[{"taxonomy":"category","embeddable":true,"href":"https:\/\/www.uv.mx\/prensa\/wp-json\/wp\/v2\/categories?post=45410"},{"taxonomy":"post_tag","embeddable":true,"href":"https:\/\/www.uv.mx\/prensa\/wp-json\/wp\/v2\/tags?post=45410"}],"curies":[{"name":"wp","href":"https:\/\/api.w.org\/{rel}","templated":true}]}}