{"id":45885,"date":"2018-04-27T17:16:48","date_gmt":"2018-04-27T22:16:48","guid":{"rendered":"https:\/\/www.uv.mx\/prensa\/?p=45885"},"modified":"2021-11-08T08:27:11","modified_gmt":"2021-11-08T14:27:11","slug":"cecda-presente-en-la-filu-2018","status":"publish","type":"post","link":"https:\/\/www.uv.mx\/prensa\/cultura\/cecda-presente-en-la-filu-2018\/","title":{"rendered":"CECDA, presente en la FILU 2018"},"content":{"rendered":"<ul>\n<li><em>Esta entidad acad\u00e9mica presentar\u00e1 cinco libros y el m\u00e1s reciente n\u00famero de su revista <\/em>Investigaci\u00f3n Teatral<\/li>\n<\/ul>\n<p>&nbsp;<\/p>\n<div id=\"attachment_45886\" style=\"width: 732px\" class=\"wp-caption aligncenter\"><a href=\"https:\/\/www.uv.mx\/prensa\/files\/2018\/04\/270418-CECDA.jpg\"><img aria-describedby=\"caption-attachment-45886\" decoding=\"async\" loading=\"lazy\" class=\"size-full wp-image-45886\" src=\"https:\/\/www.uv.mx\/prensa\/files\/2018\/04\/270418-CECDA.jpg\" alt=\"\" width=\"722\" height=\"722\" srcset=\"https:\/\/www.uv.mx\/prensa\/files\/2018\/04\/270418-CECDA.jpg 722w, https:\/\/www.uv.mx\/prensa\/files\/2018\/04\/270418-CECDA-150x150.jpg 150w, https:\/\/www.uv.mx\/prensa\/files\/2018\/04\/270418-CECDA-300x300.jpg 300w, https:\/\/www.uv.mx\/prensa\/files\/2018\/04\/270418-CECDA-120x120.jpg 120w, https:\/\/www.uv.mx\/prensa\/files\/2018\/04\/270418-CECDA-360x360.jpg 360w\" sizes=\"(max-width: 722px) 100vw, 722px\" \/><\/a><p id=\"caption-attachment-45886\" class=\"wp-caption-text\">Las presentaciones del CECDA se realizar\u00e1n los d\u00edas 28 y 29 de abril<\/p><\/div>\n<p>&nbsp;<\/p>\n<p><strong><em>Carlos Hugo Hermida Rosales<\/em><\/strong><\/p>\n<p><strong><em>27\/04\/18, Xalapa, Ver.- <\/em><\/strong>El Centro de Estudios, Creaci\u00f3n y Documentaci\u00f3n de las Artes (CECDA) de la Universidad Veracruzana (UV) tendr\u00e1 una amplia participaci\u00f3n dentro de la XXV Feria Internacional del Libro Universitario (FILU), que se realizar\u00e1 del 27 de abril al 6 de mayo en diversas sedes de Xalapa.<\/p>\n<p>Resultado de sus diversas l\u00edneas de investigaci\u00f3n, esta entidad acad\u00e9mica presentar\u00e1 cinco libros y el m\u00e1s reciente n\u00famero de la revista <em>Investigaci\u00f3<\/em><em>n Teatral<\/em>.<\/p>\n<p>El s\u00e1bado 28 de abril a las 12:00 horas en el Sal\u00f3n \u201cRam\u00f3n Rodr\u00edguez\u201d del Complejo Deportivo Omega, se llevar\u00e1 a cabo la mesa \u201cProductos de investigaci\u00f3n en artes del CECDA-L\u00edneas de investigaci\u00f3n: Las artes en Veracruz y Artes esc\u00e9nicas\u201d, en la que se presentar\u00e1 el libro <em>Artes y regi\u00f3n. Producci\u00f3n art\u00edstica, cultura y territorio<\/em>, editado por Elka Fediuk y Mar\u00eda Teresa Gonz\u00e1lez, investigadoras del centro.<\/p>\n<p>La obra re\u00fane textos de varios autores en torno al teatro, la m\u00fasica, la danza, las artes pl\u00e1sticas y las artes populares, y pone \u00e9nfasis en Veracruz como regi\u00f3n, espacio y territorio.<\/p>\n<p>Dentro de esta mesa tambi\u00e9n se presentar\u00e1 <em>Pina Bausch. Cuerpo y danza-teatro<\/em>, de Gloria Luz God\u00ednez Rivas, uno de los primeros libros en espa\u00f1ol que recoge todo el repertorio de esta artista y analiza su obra, la cual abri\u00f3 nuevos paradigmas para la danza esc\u00e9nica de los a\u00f1os setenta y ochenta.<\/p>\n<p>Finalmente, se conmemorar\u00e1n 25 a\u00f1os de la creaci\u00f3n de la revista <em>Investigaci\u00f3<\/em><em>n Teatral<\/em> con el n\u00famero 13, que contiene un dossier titulado \u201cPerformatividad, imagen y etnograf\u00eda\u201d, con trabajos de investigadores que abordan fen\u00f3menos como el teatro documental, el <em>performance queer<\/em>, la representaci\u00f3n del boxeador, y la teatralidad de las ofrendas por los desaparecidos en Guerrero, entre otros.<\/p>\n<p>El domingo 29 a las 12:00 horas en el Sal\u00f3n \u201cRam\u00f3n Rodr\u00edguez\u201d, en la mesa \u201cProductos de investigaci\u00f3n en Artes del CECDA-L\u00edneas de investigaci\u00f3n: M\u00fasica y Artes esc\u00e9nicas\u201d, Emil Awad presentar\u00e1 <em>Investigaci\u00f3n Musical Vol. 2: Reflexiones sobre creaci\u00f3<\/em><em>n e interpretaci\u00f3<\/em><em>n musical<\/em>, editado por Fabrizio Ammetto, <em>e-book<\/em> dedicado a la reflexi\u00f3n de las dos \u00e1reas m\u00e1s importantes de la investigaci\u00f3n musical: la composici\u00f3n y la interpretaci\u00f3n.<\/p>\n<p>En la misma mesa, Domingo Adame presentar\u00e1 su libro <em>M\u00e1<\/em><em>s all\u00e1 de la gesticulaci\u00f3n. Ensayos sobre teatro y cultura en M<\/em><em>\u00e9<\/em><em>xico<\/em>, que re\u00fane varios ensayos en los que se establece la relaci\u00f3n entre teatro y cultura en M\u00e9xico con una perspectiva transdisciplinaria, y en los cuales se plantea trascender el estigma lanzado por Rodolfo Usigli sobre la gesticulaci\u00f3n como rasgo fundamental de la conducta del mexicano.<\/p>\n<p>Por \u00faltimo, dentro de esta mesa se presentar\u00e1 el texto <em>Conocimiento en vivo. Una experiencia desde la teatralidad<\/em>, de Domingo Adame y Antonio G\u00f3mez Yepes, que propone una v\u00eda para transitar desde el conocimiento <em>in vitro<\/em>, disciplinario, a otro transdisciplinario, \u201cen vivo\u201d, tomando como punto de partida el autoconocimiento.<\/p>\n","protected":false},"excerpt":{"rendered":"<p>Las obras del CECDA se presentar\u00e1n el s\u00e1bado 28 de abril a las 12:00 horas en el Sal\u00f3n \u201cRam\u00f3n Rodr\u00edguez\u201d del Complejo Deportivo Omega<\/p>\n","protected":false},"author":1869,"featured_media":45886,"comment_status":"closed","ping_status":"closed","sticky":false,"template":"","format":"standard","meta":[],"categories":[11,5128],"tags":[],"_links":{"self":[{"href":"https:\/\/www.uv.mx\/prensa\/wp-json\/wp\/v2\/posts\/45885"}],"collection":[{"href":"https:\/\/www.uv.mx\/prensa\/wp-json\/wp\/v2\/posts"}],"about":[{"href":"https:\/\/www.uv.mx\/prensa\/wp-json\/wp\/v2\/types\/post"}],"author":[{"embeddable":true,"href":"https:\/\/www.uv.mx\/prensa\/wp-json\/wp\/v2\/users\/1869"}],"replies":[{"embeddable":true,"href":"https:\/\/www.uv.mx\/prensa\/wp-json\/wp\/v2\/comments?post=45885"}],"version-history":[{"count":1,"href":"https:\/\/www.uv.mx\/prensa\/wp-json\/wp\/v2\/posts\/45885\/revisions"}],"predecessor-version":[{"id":104690,"href":"https:\/\/www.uv.mx\/prensa\/wp-json\/wp\/v2\/posts\/45885\/revisions\/104690"}],"wp:featuredmedia":[{"embeddable":true,"href":"https:\/\/www.uv.mx\/prensa\/wp-json\/wp\/v2\/media\/45886"}],"wp:attachment":[{"href":"https:\/\/www.uv.mx\/prensa\/wp-json\/wp\/v2\/media?parent=45885"}],"wp:term":[{"taxonomy":"category","embeddable":true,"href":"https:\/\/www.uv.mx\/prensa\/wp-json\/wp\/v2\/categories?post=45885"},{"taxonomy":"post_tag","embeddable":true,"href":"https:\/\/www.uv.mx\/prensa\/wp-json\/wp\/v2\/tags?post=45885"}],"curies":[{"name":"wp","href":"https:\/\/api.w.org\/{rel}","templated":true}]}}