{"id":46515,"date":"2018-05-05T12:09:55","date_gmt":"2018-05-05T17:09:55","guid":{"rendered":"https:\/\/www.uv.mx\/prensa\/?p=46515"},"modified":"2021-11-08T08:26:05","modified_gmt":"2021-11-08T14:26:05","slug":"colectivo-semana-del-cerebro-recibio-premio-la-ciencia-y-el-hombre-2018","status":"publish","type":"post","link":"https:\/\/www.uv.mx\/prensa\/cultura\/colectivo-semana-del-cerebro-recibio-premio-la-ciencia-y-el-hombre-2018\/","title":{"rendered":"Colectivo \u201cSemana del Cerebro\u201d recibi\u00f3 Premio La Ciencia y el Hombre 2018"},"content":{"rendered":"<ul>\n<li><em>El director general de Comunicaci\u00f3n de la Ciencia, Manuel Mart\u00ednez Morales, entreg\u00f3 el premio a la coordinadora del colectivo, Rebeca Toledo C\u00e1rdenas<\/em><\/li>\n<\/ul>\n<p>&nbsp;<\/p>\n<div id=\"attachment_46510\" style=\"width: 732px\" class=\"wp-caption aligncenter\"><a href=\"https:\/\/www.uv.mx\/prensa\/files\/2018\/05\/050518-Semana-del-cerebro-1.jpg\"><img aria-describedby=\"caption-attachment-46510\" decoding=\"async\" loading=\"lazy\" class=\"size-full wp-image-46510\" src=\"https:\/\/www.uv.mx\/prensa\/files\/2018\/05\/050518-Semana-del-cerebro-1.jpg\" alt=\"\" width=\"722\" height=\"481\" srcset=\"https:\/\/www.uv.mx\/prensa\/files\/2018\/05\/050518-Semana-del-cerebro-1.jpg 722w, https:\/\/www.uv.mx\/prensa\/files\/2018\/05\/050518-Semana-del-cerebro-1-300x200.jpg 300w\" sizes=\"(max-width: 722px) 100vw, 722px\" \/><\/a><p id=\"caption-attachment-46510\" class=\"wp-caption-text\">Autoridades universitarias reconocieron la labor del colectivo del<em> Cice<\/em><\/p><\/div>\n<p>&nbsp;<\/p>\n<p><strong><em>Karina de la Paz Reyes D\u00edaz<\/em><\/strong><\/p>\n<p><strong><em>05\/05\/18, Xalapa, Ver.- <\/em><\/strong>En el marco de la Jornada de actividades de la revista <em>La Ciencia y el Hombre<\/em>, que se desarroll\u00f3 en la Feria Internacional del Libro Universitario (FILU) 2018, la Direcci\u00f3n de Comunicaci\u00f3n de la Ciencia de la Universidad Veracruzana (UV) entreg\u00f3 el Premio hom\u00f3nimo al Colectivo \u201cSemana del Cerebro\u201d del Centro de Investigaciones Cerebrales (<em>Cice<\/em>).<\/p>\n<p>La actividad se desarroll\u00f3 en el Sal\u00f3n \u201cJuan Vicente Melo\u201d del Complejo Deportivo Omega, sede de la FILU 2018, el viernes 4 de mayo. Ah\u00ed, el premio fue entregado por el director general de Comunicaci\u00f3n de la Ciencia, Manuel Mart\u00ednez Morales, a la coordinadora del colectivo, Rebeca Toledo C\u00e1rdenas, y le acompa\u00f1aron Jorge Manzo Denes y Mar\u00eda Elena Hern\u00e1ndez Aguilar, cient\u00edfico y coordinador del <em>Cice<\/em>.<\/p>\n<p>Toledo C\u00e1rdenas agradeci\u00f3 el reconocimiento y celebr\u00f3 que la semilla haya germinado hacia exalumnos que hoy son investigadores o est\u00e1n en otras entidades, pues all\u00e1 realizan la Semana del Cerebro (evento anual de car\u00e1cter internacional que el colectivo desarrolla desde hace 11 a\u00f1os).<\/p>\n<p>Tambi\u00e9n agradeci\u00f3 a sus compa\u00f1eros y cit\u00f3: \u201cHay algo que caracteriza al Centro de Investigaciones Cerebrales, a pesar de que tenemos personalidades heterog\u00e9neas, el liderazgo de Jorge Manzo ha hecho que siempre estemos juntos, unidos y trabajando, \u00e9sa es nuestra caracter\u00edstica principal, el trabajo en equipo\u201d.<\/p>\n<p>Enseguida, el investigador del Instituto de Neuroetolog\u00eda de la UV, Porfirio Carrillo Castilla, ofreci\u00f3 la conferencia magistral \u201cLa b\u00fasqueda m\u00e1s dif\u00edcil: \u00bfqu\u00e9 es nuestro cerebro?\u201d y aclar\u00f3 que a la fecha los expertos en la materia s\u00f3lo han construido una imagen borrosa de lo que es tal \u00f3rgano.<\/p>\n<p>\u201cEstudiar el cerebro es un asunto realmente complejo, por muchas razones. No les voy a hablar de certezas, conocimientos o verdades absolutas, porque en cuanto al cerebro no existen; estamos construyendo apenas una imagen borrosa de lo que es, de ah\u00ed a entenderlo y comprenderlo hay una distancia enorme.\u201d<\/p>\n<p>La intenci\u00f3n del cient\u00edfico fue provocar e interesar al p\u00fablico el lugar en una reflexi\u00f3n en torno al cerebro, pues como todo lo que pertenece al mundo vivo, es posible estudiarlo por su estructura, pero tambi\u00e9n por lo que produce, tal es el caso de las emociones, creatividad, pensamiento, deseo, adiciones, entre otras.<\/p>\n<p>Esta jornada tuvo como punto de partida la presentaci\u00f3n del volumen XXXI, n\u00famero 2 de la revista <em>La Ciencia y el Hombre<\/em>, cuyo tema es la biomedicina. En la actividad intervinieron el director general de Investigaciones, \u00c1ngel Trigos Landa; el miembro del Comit\u00e9 Editorial, Heriberto Contreras Garibay, as\u00ed como A\u00edda Pozos, editora responsable de la revista.<\/p>\n<p>&nbsp;<\/p>\n<div id=\"attachment_46508\" style=\"width: 732px\" class=\"wp-caption aligncenter\"><a href=\"https:\/\/www.uv.mx\/prensa\/files\/2018\/05\/050518-semana-del-cerebro-2.jpg\"><img aria-describedby=\"caption-attachment-46508\" decoding=\"async\" loading=\"lazy\" class=\"size-full wp-image-46508\" src=\"https:\/\/www.uv.mx\/prensa\/files\/2018\/05\/050518-semana-del-cerebro-2.jpg\" alt=\"\" width=\"722\" height=\"483\" srcset=\"https:\/\/www.uv.mx\/prensa\/files\/2018\/05\/050518-semana-del-cerebro-2.jpg 722w, https:\/\/www.uv.mx\/prensa\/files\/2018\/05\/050518-semana-del-cerebro-2-300x201.jpg 300w\" sizes=\"(max-width: 722px) 100vw, 722px\" \/><\/a><p id=\"caption-attachment-46508\" class=\"wp-caption-text\">Porfirio Carrillo Castilla fue el conferencista magistral<\/p><\/div>\n","protected":false},"excerpt":{"rendered":"<p>El director general de Comunicaci\u00f3n de la Ciencia, Manuel Mart\u00ednez Morales, entreg\u00f3 el premio a la coordinadora del colectivo, Rebeca Toledo C\u00e1rdenas<\/p>\n","protected":false},"author":1508,"featured_media":46510,"comment_status":"closed","ping_status":"closed","sticky":false,"template":"","format":"standard","meta":[],"categories":[11,5128],"tags":[],"_links":{"self":[{"href":"https:\/\/www.uv.mx\/prensa\/wp-json\/wp\/v2\/posts\/46515"}],"collection":[{"href":"https:\/\/www.uv.mx\/prensa\/wp-json\/wp\/v2\/posts"}],"about":[{"href":"https:\/\/www.uv.mx\/prensa\/wp-json\/wp\/v2\/types\/post"}],"author":[{"embeddable":true,"href":"https:\/\/www.uv.mx\/prensa\/wp-json\/wp\/v2\/users\/1508"}],"replies":[{"embeddable":true,"href":"https:\/\/www.uv.mx\/prensa\/wp-json\/wp\/v2\/comments?post=46515"}],"version-history":[{"count":1,"href":"https:\/\/www.uv.mx\/prensa\/wp-json\/wp\/v2\/posts\/46515\/revisions"}],"predecessor-version":[{"id":104637,"href":"https:\/\/www.uv.mx\/prensa\/wp-json\/wp\/v2\/posts\/46515\/revisions\/104637"}],"wp:featuredmedia":[{"embeddable":true,"href":"https:\/\/www.uv.mx\/prensa\/wp-json\/wp\/v2\/media\/46510"}],"wp:attachment":[{"href":"https:\/\/www.uv.mx\/prensa\/wp-json\/wp\/v2\/media?parent=46515"}],"wp:term":[{"taxonomy":"category","embeddable":true,"href":"https:\/\/www.uv.mx\/prensa\/wp-json\/wp\/v2\/categories?post=46515"},{"taxonomy":"post_tag","embeddable":true,"href":"https:\/\/www.uv.mx\/prensa\/wp-json\/wp\/v2\/tags?post=46515"}],"curies":[{"name":"wp","href":"https:\/\/api.w.org\/{rel}","templated":true}]}}