{"id":46888,"date":"2018-05-08T20:00:26","date_gmt":"2018-05-09T01:00:26","guid":{"rendered":"https:\/\/www.uv.mx\/prensa\/?p=46888"},"modified":"2021-10-27T10:56:40","modified_gmt":"2021-10-27T15:56:40","slug":"estudiantes-de-excelencia-citibanamex-visitaron-planta-siderurgica","status":"publish","type":"post","link":"https:\/\/www.uv.mx\/prensa\/regiones\/orizaba\/estudiantes-de-excelencia-citibanamex-visitaron-planta-siderurgica\/","title":{"rendered":"Estudiantes de Excelencia <em>Citibanamex<\/em>  visitaron planta sider\u00fargica"},"content":{"rendered":"<ul>\n<li><em>Las metas pueden cumplirse siempre y cuando haya disciplina en lo que uno hace, dijo la Rectora a los estudiantes UV que visitaron TYASA<\/em><\/li>\n<li>\n<p class=\"Cuerpo\"><em><span class=\"Ninguno\">El programa J\u00f3venes de Excelencia Citibanamex apoya a estudiantes sobresalientes de las instituciones de educaci\u00f3n superior del pa\u00ed<\/span><span class=\"Ninguno\"><span lang=\"PT\">s, a trav<\/span><\/span><span class=\"Ninguno\">\u00e9s de un proceso de acompa\u00f1amiento y preparaci\u00f3<\/span><span class=\"Ninguno\"><span lang=\"NL\">n en matem<\/span><\/span><span class=\"Ninguno\">\u00e1<\/span><span class=\"Ninguno\"><span lang=\"PT\">ticas e ingl<\/span><\/span><span class=\"Ninguno\">\u00e9s de alta exigencia acad\u00e9<\/span><span class=\"Ninguno\"><span lang=\"IT\">mica<\/span><\/span><\/em><\/p>\n<\/li>\n<\/ul>\n<div id=\"attachment_46889\" style=\"width: 732px\" class=\"wp-caption aligncenter\"><a href=\"https:\/\/www.uv.mx\/prensa\/files\/2018\/05\/Foto-1-y-banner-SOLO-UV-100k.jpg\"><img aria-describedby=\"caption-attachment-46889\" decoding=\"async\" loading=\"lazy\" class=\"size-full wp-image-46889\" src=\"https:\/\/www.uv.mx\/prensa\/files\/2018\/05\/Foto-1-y-banner-SOLO-UV-100k.jpg\" alt=\"\" width=\"722\" height=\"250\" srcset=\"https:\/\/www.uv.mx\/prensa\/files\/2018\/05\/Foto-1-y-banner-SOLO-UV-100k.jpg 722w, https:\/\/www.uv.mx\/prensa\/files\/2018\/05\/Foto-1-y-banner-SOLO-UV-100k-300x104.jpg 300w\" sizes=\"(max-width: 722px) 100vw, 722px\" \/><\/a><p id=\"caption-attachment-46889\" class=\"wp-caption-text\">Estudiantes acompa\u00f1ados por las autoridades universitarias, directivos de la empresa y representantes de Citibanamex<\/p><\/div>\n<p class=\"Cuerpo\"><em><strong><span class=\"Ninguno\"><span lang=\"PT\">Eduardo Ca<\/span><\/span><span class=\"Ninguno\">\u00f1<\/span><span class=\"Ninguno\"><span lang=\"PT\">edo Lom<\/span><\/span><span class=\"Ninguno\">\u00e1n<\/span><\/strong><\/em><\/p>\n<p class=\"Cuerpo\"><span class=\"Ninguno\"><em><strong>08\/05\/18, Ixtaczoquitl\u00e1n, Ver.-<\/strong><\/em> Estudiantes de diferentes programas educativos (PE) y regiones de la Universidad Veracruzana (UV), becados por el programa J\u00f3venes de Excelencia <i>Citibanamex<\/i>, visitaron el martes 8 de mayo la planta TYASA (Talleres y Aceros, Sociedad An\u00f3nima), en el municipio de Ixtaczoquitl\u00e1n, con la finalidad de conocer el desarrollo, los procesos industriales y tener un acercamiento con la empresa.<\/span><\/p>\n<p class=\"Cuerpo\"><span class=\"Ninguno\"><span lang=\"DE\">Edgar Chah<\/span><\/span><span class=\"Ninguno\">\u00edn Trueba, director de TYASA, ofreci\u00f3 a los estudiantes una charla y destac\u00f3 la importancia de la actitud ante los retos del entorno laboral: \u201cLos conocimientos siempre ser\u00e1n los cimientos del crecimiento, pero el esfuerzo y la actitud que pongamos en todo aquello que hagamos ser\u00e1 lo que nos haga sobresalir\u201d<\/span><span class=\"Ninguno\"><span lang=\"IT\">, puntualiz<\/span><\/span><span class=\"Ninguno\">\u00f3.<\/span><\/p>\n<p class=\"Cuerpo\"><span class=\"Ninguno\">De igual manera remembr\u00f3 los inicios de la empresa, siendo \u00e9sta un legado familiar que inici\u00f3 operaciones en 1980 con el prop\u00f3sito de abastecer las necesidades sider\u00fargicas de un mercado creciente, convirti\u00e9ndose hoy en un ejemplo a nivel nacional con diversos reconocimientos que avalan sus productos y procesos.<\/span><\/p>\n<div id=\"attachment_46890\" style=\"width: 732px\" class=\"wp-caption aligncenter\"><a href=\"https:\/\/www.uv.mx\/prensa\/files\/2017\/11\/Foto-2-100k.jpg\"><img aria-describedby=\"caption-attachment-46890\" decoding=\"async\" loading=\"lazy\" class=\"size-full wp-image-46890\" src=\"https:\/\/www.uv.mx\/prensa\/files\/2017\/11\/Foto-2-100k.jpg\" alt=\"\" width=\"722\" height=\"482\" srcset=\"https:\/\/www.uv.mx\/prensa\/files\/2017\/11\/Foto-2-100k.jpg 722w, https:\/\/www.uv.mx\/prensa\/files\/2017\/11\/Foto-2-100k-300x200.jpg 300w\" sizes=\"(max-width: 722px) 100vw, 722px\" \/><\/a><p id=\"caption-attachment-46890\" class=\"wp-caption-text\">Edgar Chah\u00edn Trueba, director de TYASA, durante su discurso<\/p><\/div>\n<p class=\"Cuerpo\"><span class=\"Ninguno\">\u201cCelebro mucho ejercicios como \u00e9ste en donde a trav\u00e9s de una empresa bancaria, la cual est\u00e1 tomando en cuenta el talento de nuestros j\u00f3venes mexicanos, se ha dado a la tarea de vincular a las universidades con la industria; estoy seguro que ustedes \u2013estudiantes de la UV\u2013 sabr\u00e1n aprovechar esta oportunidad y sobre todo retribuir a su entorno a trav\u00e9s de conocimientos y compromiso\u201d, mencion\u00f3 Chah\u00edn Trueba.<\/span><\/p>\n<p class=\"Cuerpo\"><span class=\"Ninguno\">Por su parte Sara Ladr\u00f3n de Guevara, la rectora de la Universidad, reconoci\u00f3 a los estudiantes que se han ganado un lugar en el programa J\u00f3venes de Excelencia <i>Citibanamex<\/i>. \u201c<\/span><span class=\"Ninguno\"><span lang=\"IT\">La convocatoria sale cada a<\/span><\/span><span class=\"Ninguno\">\u00f1o, ustedes corresponden a la cuarta generaci\u00f3n y algunos a la tercera, pero algo que los distingue es que tuvieron una visi\u00f3n a futuro, decidieron sacrificar un poco m\u00e1s de tiempo, de esfuerzo y de entrega a sus estudios y estoy segura que eso a la larga les redituar\u00e1 en mejores oportunidades\u201d.<\/span><\/p>\n<div id=\"attachment_46891\" style=\"width: 732px\" class=\"wp-caption aligncenter\"><a href=\"https:\/\/www.uv.mx\/prensa\/files\/2018\/05\/FOTO-3-100k.jpg\"><img aria-describedby=\"caption-attachment-46891\" decoding=\"async\" loading=\"lazy\" class=\"size-full wp-image-46891\" src=\"https:\/\/www.uv.mx\/prensa\/files\/2018\/05\/FOTO-3-100k.jpg\" alt=\"\" width=\"722\" height=\"481\" srcset=\"https:\/\/www.uv.mx\/prensa\/files\/2018\/05\/FOTO-3-100k.jpg 722w, https:\/\/www.uv.mx\/prensa\/files\/2018\/05\/FOTO-3-100k-300x200.jpg 300w\" sizes=\"(max-width: 722px) 100vw, 722px\" \/><\/a><p id=\"caption-attachment-46891\" class=\"wp-caption-text\">La rectora Sara Ladr\u00f3n de Guevara exhort\u00f3 a los estudiantes a aprovechar esta oportunidad<\/p><\/div>\n<p class=\"Cuerpo\"><span class=\"Ninguno\">Asimismo, agradeci\u00f3 la hospitalidad de los directivos de la empresa, siendo esta visita un importante insumo para que los estudiantes puedan conocer historias de \u00e9xito, a fin de darse cuenta que las metas se pueden cumplir siempre y cuando haya disciplina en lo que uno hace.<\/span><\/p>\n<p class=\"Cuerpo\"><span class=\"Ninguno\"><span lang=\"PT\">Recordemos que <\/span><\/span><span class=\"Ninguno\">el programa J\u00f3venes de Excelencia Citibanamex apoya a estudiantes sobresalientes de las instituciones de educaci\u00f3n superior del pa\u00ed<\/span><span class=\"Ninguno\"><span lang=\"PT\">s, a trav<\/span><\/span><span class=\"Ninguno\">\u00e9s de un proceso de acompa\u00f1amiento y preparaci\u00f3<\/span><span class=\"Ninguno\"><span lang=\"NL\">n en matem<\/span><\/span><span class=\"Ninguno\">\u00e1<\/span><span class=\"Ninguno\"><span lang=\"PT\">ticas e ingl<\/span><\/span><span class=\"Ninguno\">\u00e9s de alta exigencia acad\u00e9<\/span><span class=\"Ninguno\"><span lang=\"IT\">mica<\/span><\/span><span class=\"Ninguno\">, para que al concluir su PE puedan realizar estudios de maestr\u00eda en el extranjero en una universidad de prestigio y que a su regreso contribuyan al desarrollo de su estado.<\/span><\/p>\n<p class=\"Cuerpo\"><span class=\"Ninguno\">Por \u00faltimo, se realiz\u00f3 un recorrido por las principales \u00e1reas de producci\u00f3n industrial, en donde se mostraron los procesos y maquinaria de \u00faltima generaci\u00f3n con las que cuenta la empresa sider\u00fa<\/span><span class=\"Ninguno\"><span lang=\"IT\">rgica.<\/span><\/span><\/p>\n<div id=\"attachment_46892\" style=\"width: 732px\" class=\"wp-caption aligncenter\"><a href=\"https:\/\/www.uv.mx\/prensa\/files\/2018\/05\/Foto-4-100k.jpg\"><img aria-describedby=\"caption-attachment-46892\" decoding=\"async\" loading=\"lazy\" class=\"size-full wp-image-46892\" src=\"https:\/\/www.uv.mx\/prensa\/files\/2018\/05\/Foto-4-100k.jpg\" alt=\"\" width=\"722\" height=\"481\" srcset=\"https:\/\/www.uv.mx\/prensa\/files\/2018\/05\/Foto-4-100k.jpg 722w, https:\/\/www.uv.mx\/prensa\/files\/2018\/05\/Foto-4-100k-300x200.jpg 300w\" sizes=\"(max-width: 722px) 100vw, 722px\" \/><\/a><p id=\"caption-attachment-46892\" class=\"wp-caption-text\">Estudiantes becarios despejaron dudas con respecto al logro del \u00e9xito de la empresa<\/p><\/div>\n","protected":false},"excerpt":{"rendered":"<p>A los J\u00f3venes de Excelencia Citibanamex los distingue su visi\u00f3n a futuro, la entrega y el esfuerzo por ser mejores en sus \u00e1reas de estudio: Sara Ladr\u00f3n de Guevara<\/p>\n","protected":false},"author":1775,"featured_media":46889,"comment_status":"closed","ping_status":"closed","sticky":false,"template":"","format":"standard","meta":[],"categories":[53],"tags":[4172,559,4662,1613,507,908,4659,506,4661,4660],"_links":{"self":[{"href":"https:\/\/www.uv.mx\/prensa\/wp-json\/wp\/v2\/posts\/46888"}],"collection":[{"href":"https:\/\/www.uv.mx\/prensa\/wp-json\/wp\/v2\/posts"}],"about":[{"href":"https:\/\/www.uv.mx\/prensa\/wp-json\/wp\/v2\/types\/post"}],"author":[{"embeddable":true,"href":"https:\/\/www.uv.mx\/prensa\/wp-json\/wp\/v2\/users\/1775"}],"replies":[{"embeddable":true,"href":"https:\/\/www.uv.mx\/prensa\/wp-json\/wp\/v2\/comments?post=46888"}],"version-history":[{"count":1,"href":"https:\/\/www.uv.mx\/prensa\/wp-json\/wp\/v2\/posts\/46888\/revisions"}],"predecessor-version":[{"id":103854,"href":"https:\/\/www.uv.mx\/prensa\/wp-json\/wp\/v2\/posts\/46888\/revisions\/103854"}],"wp:featuredmedia":[{"embeddable":true,"href":"https:\/\/www.uv.mx\/prensa\/wp-json\/wp\/v2\/media\/46889"}],"wp:attachment":[{"href":"https:\/\/www.uv.mx\/prensa\/wp-json\/wp\/v2\/media?parent=46888"}],"wp:term":[{"taxonomy":"category","embeddable":true,"href":"https:\/\/www.uv.mx\/prensa\/wp-json\/wp\/v2\/categories?post=46888"},{"taxonomy":"post_tag","embeddable":true,"href":"https:\/\/www.uv.mx\/prensa\/wp-json\/wp\/v2\/tags?post=46888"}],"curies":[{"name":"wp","href":"https:\/\/api.w.org\/{rel}","templated":true}]}}