{"id":47891,"date":"2018-05-23T20:10:12","date_gmt":"2018-05-24T01:10:12","guid":{"rendered":"https:\/\/www.uv.mx\/prensa\/?p=47891"},"modified":"2018-05-23T20:14:59","modified_gmt":"2018-05-24T01:14:59","slug":"juan-carlos-ortega-fue-nombrado-coordinador-del-ciies","status":"publish","type":"post","link":"https:\/\/www.uv.mx\/prensa\/general\/juan-carlos-ortega-fue-nombrado-coordinador-del-ciies\/","title":{"rendered":"Juan Carlos Ortega fue nombrado coordinador del CIIES"},"content":{"rendered":"<ul>\n<li><i>\u00c1ngel Trigos, titular de la DGI, le tom\u00f3 protesta el martes 22 de mayo<\/i><\/li>\n<li><i>\u201cNuestro objetivo es ser una entidad acad\u00e9mica que desarrolle investigaci\u00f3n educativa b\u00e1sica y aplicada\u201d, expres\u00f3 el universitario<\/i><\/li>\n<\/ul>\n<p>&nbsp;<\/p>\n<div id=\"attachment_47826\" style=\"width: 732px\" class=\"wp-caption aligncenter\"><a href=\"https:\/\/www.uv.mx\/prensa\/files\/2018\/05\/220518-PAOLA-Coordinador-CIIES-1-100k.jpg\"><img aria-describedby=\"caption-attachment-47826\" decoding=\"async\" loading=\"lazy\" class=\"size-full wp-image-47826\" src=\"https:\/\/www.uv.mx\/prensa\/files\/2018\/05\/220518-PAOLA-Coordinador-CIIES-1-100k.jpg\" alt=\"\" width=\"722\" height=\"481\" srcset=\"https:\/\/www.uv.mx\/prensa\/files\/2018\/05\/220518-PAOLA-Coordinador-CIIES-1-100k.jpg 722w, https:\/\/www.uv.mx\/prensa\/files\/2018\/05\/220518-PAOLA-Coordinador-CIIES-1-100k-300x200.jpg 300w\" sizes=\"(max-width: 722px) 100vw, 722px\" \/><\/a><p id=\"caption-attachment-47826\" class=\"wp-caption-text\">Juan Carlos Ortega explic\u00f3 que se desarrollar\u00e1 investigaci\u00f3n educativa b\u00e1sica y aplicada<\/p><\/div>\n<p>&nbsp;<\/p>\n<p><b><i>Paola Cort\u00e9s P\u00e9rez<\/i><\/b><\/p>\n<p><b><i>23\/05\/18, Xalapa, Ver.-<\/i><\/b> Juan Carlos Ortega Guerrero fue nombrado coordinador del Centro de Investigaci\u00f3n e Innovaci\u00f3n en Educaci\u00f3n Superior (CIIES), adscrito a la Direcci\u00f3n General de Investigaciones (DGI) de la Universidad Veracruzana.<\/p>\n<p>La ceremonia de toma protesta fue encabezada por el titular de la DGI, \u00c1ngel Rafael Trigos Landa, acompa\u00f1ado del director general del \u00c1rea Acad\u00e9mica de Humanidades, Jos\u00e9 Luis Mart\u00ednez Su\u00e1rez, y la responsable de las C\u00e1tedras de Excelencia de la UV, Norma Ang\u00e9lica Cuevas Velasco.<\/p>\n<p>\u00c1ngel Trigos dijo que el CIIES ser\u00e1 un centro de investigaci\u00f3n muy productivo e interesante, en tanto que la Universidad es una fuente de conocimiento y de educaci\u00f3n.<\/p>\n<p>En tanto, Ortega Guerrero dijo que este nombramiento es un logro para todos los integrantes del CIIES y detall\u00f3 que durante dos a\u00f1os han trabajado arduamente para lograr la conformaci\u00f3n y aprobaci\u00f3n de esta entidad acad\u00e9mica.<\/p>\n<p>\u201cLa espera ha tenido sus ventajas: nos permiti\u00f3 atemperar \u00e1nimos, afinar nuestras propuestas acad\u00e9micas y pensamos claramente cu\u00e1les ser\u00edan nuestras aportaciones a la UV.\u201d<\/p>\n<p>Durante la etapa de transici\u00f3n, record\u00f3, trabajaron con la Secretar\u00eda Acad\u00e9mica, la DGI y su cuerpo acad\u00e9mico (CA) alcanz\u00f3 el nivel de consolidado, trabajaron en la formaci\u00f3n de estudiantes de licenciatura y posgrado, publicaron libros y art\u00edculos acad\u00e9micos, participaron en redes y eventos acad\u00e9micos, y contin\u00faan con su labor como investigadores.<\/p>\n<p>Entre los trabajos realizados durante este periodo en materia de innovaci\u00f3n educativa para la UV, enumer\u00f3: el redise\u00f1o del programa educativo de computaci\u00f3n b\u00e1sica, intervinieron 18 programas educativos para la definici\u00f3n de desarrollos digitales de los egresados, realizaron estudios sobre la percepci\u00f3n de los estudiantes universitarios, se dise\u00f1aron y desarrollaron sistemas de informaci\u00f3n y aplicaci\u00f3n de <i>software<\/i> con otras \u00e1reas de la Universidad.<\/p>\n<p>\u201cNuestro objetivo es ser una entidad acad\u00e9mica que desarrolle investigaci\u00f3n educativa b\u00e1sica y aplicada, a trav\u00e9s de trabajos que centren su atenci\u00f3n en demandas y necesidades institucionales; nos asumimos como una entidad de investigaci\u00f3n que apoye y d\u00e9 servicio para el an\u00e1lisis, dise\u00f1o y operaci\u00f3n de programas de desarrollo para nuestra Universidad.\u201d<\/p>\n<p>Por \u00faltimo, agradeci\u00f3 a cada uno de los integrantes del CIIES: Miguel \u00c1ngel Casillas Alvarado, Ragueb Chain Revuelta, Nadia Denise Hern\u00e1ndez y Hern\u00e1ndez, Nancy J\u00e1come \u00c1vila, Roc\u00edo L\u00f3pez Gonz\u00e1lez, Ricardo Mercado del Collado, Alberto Ram\u00edrez Martinell, Oliva Adela Rosales Rodr\u00edguez y Karla Alejandra Valencia Gonz\u00e1lez Romero.<\/p>\n<p>&nbsp;<\/p>\n<div id=\"attachment_47842\" style=\"width: 732px\" class=\"wp-caption aligncenter\"><a href=\"https:\/\/www.uv.mx\/prensa\/files\/2018\/05\/220518-PAOLA-Coordinador-CIIES-2-100k.jpg\"><img aria-describedby=\"caption-attachment-47842\" decoding=\"async\" loading=\"lazy\" class=\"size-full wp-image-47842\" src=\"https:\/\/www.uv.mx\/prensa\/files\/2018\/05\/220518-PAOLA-Coordinador-CIIES-2-100k.jpg\" alt=\"\" width=\"722\" height=\"481\" srcset=\"https:\/\/www.uv.mx\/prensa\/files\/2018\/05\/220518-PAOLA-Coordinador-CIIES-2-100k.jpg 722w, https:\/\/www.uv.mx\/prensa\/files\/2018\/05\/220518-PAOLA-Coordinador-CIIES-2-100k-300x200.jpg 300w\" sizes=\"(max-width: 722px) 100vw, 722px\" \/><\/a><p id=\"caption-attachment-47842\" class=\"wp-caption-text\">El nuevo funcionario con \u00c1ngel Rafael Trigos Landa, titular de la DGI<\/p><\/div>\n","protected":false},"excerpt":{"rendered":"<p>\u00c1ngel Trigos, titular de la Direcci\u00f3n General de Investigaciones, le tom\u00f3 protesta y confi\u00f3 en que el Centro de Investigaci\u00f3n e Innovaci\u00f3n en Educaci\u00f3n Superior ser\u00e1 productivo e interesante<\/p>\n","protected":false},"author":1508,"featured_media":47826,"comment_status":"closed","ping_status":"closed","sticky":false,"template":"","format":"standard","meta":[],"categories":[1],"tags":[],"_links":{"self":[{"href":"https:\/\/www.uv.mx\/prensa\/wp-json\/wp\/v2\/posts\/47891"}],"collection":[{"href":"https:\/\/www.uv.mx\/prensa\/wp-json\/wp\/v2\/posts"}],"about":[{"href":"https:\/\/www.uv.mx\/prensa\/wp-json\/wp\/v2\/types\/post"}],"author":[{"embeddable":true,"href":"https:\/\/www.uv.mx\/prensa\/wp-json\/wp\/v2\/users\/1508"}],"replies":[{"embeddable":true,"href":"https:\/\/www.uv.mx\/prensa\/wp-json\/wp\/v2\/comments?post=47891"}],"version-history":[{"count":0,"href":"https:\/\/www.uv.mx\/prensa\/wp-json\/wp\/v2\/posts\/47891\/revisions"}],"wp:featuredmedia":[{"embeddable":true,"href":"https:\/\/www.uv.mx\/prensa\/wp-json\/wp\/v2\/media\/47826"}],"wp:attachment":[{"href":"https:\/\/www.uv.mx\/prensa\/wp-json\/wp\/v2\/media?parent=47891"}],"wp:term":[{"taxonomy":"category","embeddable":true,"href":"https:\/\/www.uv.mx\/prensa\/wp-json\/wp\/v2\/categories?post=47891"},{"taxonomy":"post_tag","embeddable":true,"href":"https:\/\/www.uv.mx\/prensa\/wp-json\/wp\/v2\/tags?post=47891"}],"curies":[{"name":"wp","href":"https:\/\/api.w.org\/{rel}","templated":true}]}}