{"id":48318,"date":"2018-05-29T17:57:22","date_gmt":"2018-05-29T22:57:22","guid":{"rendered":"https:\/\/www.uv.mx\/prensa\/?p=48318"},"modified":"2021-10-28T11:15:14","modified_gmt":"2021-10-28T16:15:14","slug":"directivos-se-capacitaron-en-materia-de-contratos-colectivos","status":"publish","type":"post","link":"https:\/\/www.uv.mx\/prensa\/regiones\/coatzacoalcos\/directivos-se-capacitaron-en-materia-de-contratos-colectivos\/","title":{"rendered":"Directivos se capacitaron en materia de contratos colectivos"},"content":{"rendered":"<ul>\n<li><i>Participaron funcionarios, coordinadores y secretarios de la regi\u00f3n Coatzacoalcos-Minatitl\u00e1n<\/i><\/li>\n<\/ul>\n<div id=\"attachment_48319\" style=\"width: 732px\" class=\"wp-caption aligncenter\"><a href=\"https:\/\/www.uv.mx\/prensa\/files\/2018\/05\/290518-COATZA-RL-1-100k.jpg\"><img aria-describedby=\"caption-attachment-48319\" decoding=\"async\" loading=\"lazy\" class=\"size-full wp-image-48319\" src=\"https:\/\/www.uv.mx\/prensa\/files\/2018\/05\/290518-COATZA-RL-1-100k.jpg\" alt=\"\" width=\"722\" height=\"365\" srcset=\"https:\/\/www.uv.mx\/prensa\/files\/2018\/05\/290518-COATZA-RL-1-100k.jpg 722w, https:\/\/www.uv.mx\/prensa\/files\/2018\/05\/290518-COATZA-RL-1-100k-300x152.jpg 300w\" sizes=\"(max-width: 722px) 100vw, 722px\" \/><\/a><p id=\"caption-attachment-48319\" class=\"wp-caption-text\">Asistentes al curso<\/p><\/div>\n<p><b><i>Cecilia Escribano Reyes<\/i><\/b><\/p>\n<p><b><i>29\/05\/2018, Coatzacoalcos, Ver.- <\/i><\/b>La Universidad Veracruzana (UV), a trav\u00e9s de la Direcci\u00f3n de Relaciones Laborales, imparti\u00f3 el lunes 28 de mayo, a directivos de la regi\u00f3n Coatzacoalcos-Minatitl\u00e1n, el curso Contratos Colectivos.<\/p>\n<p>La capacitaci\u00f3n, desarrollada en el aula seis de la <a href=\"https:\/\/www.uv.mx\/fca\/\" target=\"_blank\" rel=\"noopener\">Facultad de Contadur\u00eda y Administraci\u00f3n,<\/a> fue encabezada por Guadalupe Perea Contreras, directora de Relaciones Laborales, y Carlos Lamothe Zavaleta, vicerrector regional.<\/p>\n<p>El funcionario destac\u00f3 que este curso es de gran importancia pues permite ejercer las funciones de forma adecuada y con apego a la ley para el correcto avance de la Universidad.<\/p>\n<p>Por su parte, Guadalupe Perea se\u00f1al\u00f3 que a trav\u00e9s del di\u00e1logo y el ejercicio de las responsabilidades y obligaciones, la UV ha encontrado las formas de resolver sus problemas.<\/p>\n<p>Explic\u00f3 que el curso aborda los derechos y obligaciones de los trabajadores se\u00f1alados en los contratos colectivos. \u201cLa finalidad es aclarar dudas e informar a los funcionarios para que tengan presentes las responsabilidades de los trabajadores administrativos, t\u00e9cnicos o manuales, as\u00ed como las del personal acad\u00e9mico, incluso que conozcan a fondo sus propias responsabilidades\u201d.<\/p>\n<p>Guadalupe Perea agreg\u00f3 que el curso trata de ser motivacional para que los funcionarios interpreten de forma adecuada y a conciencia las responsabilidades de cada trabajador.<span class=\"Apple-converted-space\">\u00a0<\/span><\/p>\n<p>Como parte del mismo se abordaron dos contratos colectivos: el del personal acad\u00e9mico, y el del personal administrativo, t\u00e9cnico y manual.<\/p>\n<p>Adem\u00e1s, se invit\u00f3 a los asistentes a observar y comprender las responsabilidades, \u201cser conscientes de hasta d\u00f3nde estamos obligados a hacer que los dem\u00e1s cumplan con sus funciones\u201d.<\/p>\n<p>Cabe se\u00f1alar que este curso se imparti\u00f3 tambi\u00e9n en las regiones de Xalapa, Orizaba-C\u00f3rdoba, Veracruz y Poza Rica-Tuxpan.<\/p>\n","protected":false},"excerpt":{"rendered":"<p>Participaron funcionarios, coordinadores y secretarios de la regi\u00f3n Coatzacoalcos-Minatitl\u00e1n<\/p>\n","protected":false},"author":1775,"featured_media":48319,"comment_status":"closed","ping_status":"closed","sticky":false,"template":"","format":"standard","meta":[],"categories":[52],"tags":[4167,4759,490,4758,699,2798],"_links":{"self":[{"href":"https:\/\/www.uv.mx\/prensa\/wp-json\/wp\/v2\/posts\/48318"}],"collection":[{"href":"https:\/\/www.uv.mx\/prensa\/wp-json\/wp\/v2\/posts"}],"about":[{"href":"https:\/\/www.uv.mx\/prensa\/wp-json\/wp\/v2\/types\/post"}],"author":[{"embeddable":true,"href":"https:\/\/www.uv.mx\/prensa\/wp-json\/wp\/v2\/users\/1775"}],"replies":[{"embeddable":true,"href":"https:\/\/www.uv.mx\/prensa\/wp-json\/wp\/v2\/comments?post=48318"}],"version-history":[{"count":1,"href":"https:\/\/www.uv.mx\/prensa\/wp-json\/wp\/v2\/posts\/48318\/revisions"}],"predecessor-version":[{"id":104022,"href":"https:\/\/www.uv.mx\/prensa\/wp-json\/wp\/v2\/posts\/48318\/revisions\/104022"}],"wp:featuredmedia":[{"embeddable":true,"href":"https:\/\/www.uv.mx\/prensa\/wp-json\/wp\/v2\/media\/48319"}],"wp:attachment":[{"href":"https:\/\/www.uv.mx\/prensa\/wp-json\/wp\/v2\/media?parent=48318"}],"wp:term":[{"taxonomy":"category","embeddable":true,"href":"https:\/\/www.uv.mx\/prensa\/wp-json\/wp\/v2\/categories?post=48318"},{"taxonomy":"post_tag","embeddable":true,"href":"https:\/\/www.uv.mx\/prensa\/wp-json\/wp\/v2\/tags?post=48318"}],"curies":[{"name":"wp","href":"https:\/\/api.w.org\/{rel}","templated":true}]}}