{"id":48750,"date":"2018-06-05T15:40:10","date_gmt":"2018-06-05T20:40:10","guid":{"rendered":"https:\/\/www.uv.mx\/prensa\/?p=48750"},"modified":"2018-06-05T18:46:23","modified_gmt":"2018-06-05T23:46:23","slug":"uv-buscara-vincularse-con-empresas-tecnologicas-con-pertinencia-y-pertenencia","status":"publish","type":"post","link":"https:\/\/www.uv.mx\/prensa\/banner\/uv-buscara-vincularse-con-empresas-tecnologicas-con-pertinencia-y-pertenencia\/","title":{"rendered":"UV buscar\u00e1 vincularse con empresas tecnol\u00f3gicas"},"content":{"rendered":"<ul>\n<li><i>Se tiene la posibilidad de desarrollar proyectos con empresas como Amazon, IBM, <\/i>Microsoft<i>, <\/i>Telmex<i>, Huawei y <\/i>Cisco<i>, detall\u00f3 Juan Carlos Jim\u00e9nez, titular de la DGTI<\/i><\/li>\n<li><i>\u201cTenemos que estar al d\u00eda en una realidad que ha cambiado los paradigmas y este cambio requiere de un cambio de actitudes\u201d, asegur\u00f3 la rectora Sara Ladr\u00f3n de Guevara<\/i><\/li>\n<\/ul>\n<p>&nbsp;<\/p>\n<div id=\"attachment_48740\" style=\"width: 732px\" class=\"wp-caption aligncenter\"><a href=\"https:\/\/www.uv.mx\/prensa\/files\/2018\/06\/050618-Alianzas-estrategicas-1.jpg\"><img aria-describedby=\"caption-attachment-48740\" decoding=\"async\" loading=\"lazy\" class=\"size-full wp-image-48740\" src=\"https:\/\/www.uv.mx\/prensa\/files\/2018\/06\/050618-Alianzas-estrategicas-1.jpg\" alt=\"\" width=\"722\" height=\"358\" srcset=\"https:\/\/www.uv.mx\/prensa\/files\/2018\/06\/050618-Alianzas-estrategicas-1.jpg 722w, https:\/\/www.uv.mx\/prensa\/files\/2018\/06\/050618-Alianzas-estrategicas-1-300x149.jpg 300w\" sizes=\"(max-width: 722px) 100vw, 722px\" \/><\/a><p id=\"caption-attachment-48740\" class=\"wp-caption-text\">La rectora Sara Ladr\u00f3n de Guevara se\u00f1al\u00f3 la importancia de apoyar proyectos de vinculaci\u00f3n con las empresas tecnol\u00f3gicas<\/p><\/div>\n<p>&nbsp;<\/p>\n<p><b><i>David Sandoval Rodr\u00edguez<\/i><\/b><\/p>\n<p><b><i>05\/06\/18 Xalapa, Ver.-<\/i><\/b> El que la Universidad Veracruzana (UV) se abra a nuevas tecnolog\u00edas es una muestra de su pertinencia en cuanto al desarrollo de capacidades a nivel mundial y de su pertenencia con respecto al desarrollo de la innovaci\u00f3n en su formaci\u00f3n de profesionales, puntualiz\u00f3 Sara Ladr\u00f3n de Guevara, rectora de la UV, al presidir la reuni\u00f3n informativa sobre las oportunidades de alianzas estrat\u00e9gicas con empresas del rubro.<\/p>\n<p>Este martes, las autoridades universitarias encabezadas por la Rectora, atendieron el informe presentado por Juan Carlos Jim\u00e9nez M\u00e1rquez, director general de Tecnolog\u00eda de Informaci\u00f3n (DGTI) sobre las posibilidades de vinculaci\u00f3n y relaci\u00f3n con 10 empresas: el Consejo Zacatecano de Ciencia Tecnolog\u00eda e Innovaci\u00f3n (<i>Cozyt<\/i>), <em>Telmex<\/em>, Amazon, IBM, <em>Microsoft<\/em>, <em>Fortinet<\/em>, <em>Iotnet<\/em>, <em>Cisco<\/em>, Huawei e ICDL.<\/p>\n<p>\u201cAbrirnos a los nuevos paradigmas y las nuevas tecnolog\u00edas significa el valor de la pertenencia de la Universidad Veracruzana frente a las nuevas capacidades en todo el mundo y esta pertinencia que tiene que ver con el desarrollo de nuestra innovaci\u00f3n para que las formaciones profesionales sigan siendo \u00fatiles\u201d, expres\u00f3 la Rectora.<\/p>\n<p>Para estar al d\u00eda \u201cse requiere un cambio de actitudes\u201d, pues en la actualidad los v\u00ednculos se establecen desde cualquier parte del mundo y en todo \u00e1mbito, sostuvo Sara Ladr\u00f3n de Guevara.<\/p>\n<p>Octavio Ochoa Contreras, secretario de Desarrollo Institucional, observ\u00f3 que las empresas tecnol\u00f3gicas est\u00e1n extendi\u00e9ndose hacia la academia a trav\u00e9s de distintas estrategias y se cuenta ya con convenios que requieren una inversi\u00f3n m\u00ednima e incluso algunos no tienen costo, adem\u00e1s de ofrecer la posibilidad de convertir a la instituci\u00f3n en un centro certificador registrado a nivel nacional, proveyendo as\u00ed un servicio no s\u00f3lo a la comunidad universitaria sino a la sociedad en general.<\/p>\n<p>En el mismo sentido, Jim\u00e9nez M\u00e1rquez plante\u00f3 que las empresas est\u00e1n invirtiendo en recursos acad\u00e9micos para capacitar estudiantes y profesores a trav\u00e9s de certificaciones, cursos gratuitos y estancias de investigaci\u00f3n en sus centros, por ello lo consider\u00f3 como una gran oportunidad para que la instituci\u00f3n fomente la innovaci\u00f3n en diversos programas educativos.<\/p>\n<p>\u201cEstamos hablando de 10 empresas que ya est\u00e1n identificadas, ya tenemos contacto con ellos e inclusive en algunos casos estamos en negociaciones\u201d, coment\u00f3.<\/p>\n<p>Subray\u00f3 el potencial de impactar en temas sustantivos de la instituci\u00f3n como es la movilidad y reconoci\u00f3 el trabajo colaborativo con la Direcci\u00f3n General del \u00c1rea Acad\u00e9mica Econ\u00f3mico-Administrativa (DGAAEA) y la Direcci\u00f3n General de Relaciones Internacionales (DGRI).<\/p>\n<p>Al respecto, Mario Oliva Su\u00e1rez, titular de la DGRI, coment\u00f3 que el Programa de Movilidad de la instituci\u00f3n (<i>Promuv<\/i>) ha crecido de manera constante y para la actual convocatoria contempla una tercera opci\u00f3n de movilidad: la vinculaci\u00f3n.<\/p>\n<p>Con \u00e9sta, los estudiantes podr\u00e1n acudir a una de las empresas a realizar trabajos y en consecuencia, la entidad econ\u00f3mica en cuesti\u00f3n se compromete a apoyar la movilidad, \u201cde esta forma podr\u00edamos tener una mayor cantidad de estudiantes movilizados, este escenario facilitar\u00eda lograr lo planeado\u201d, dijo el directivo.<\/p>\n<p>Asimismo, Liliana Betancourt Trevedhan, quien encabeza la DGAAEA, refiri\u00f3 que se ha establecido una alianza tambi\u00e9n con la Direcci\u00f3n General del \u00c1rea Acad\u00e9mica T\u00e9cnica para vincularse con la empresa IoTnet, orientada al Internet de las cosas, con la que se han tenido reuniones operativas.<\/p>\n<p>\u201cEs un hecho que tenemos que adecuarnos a los nuevos tiempos y con la gama de posibilidades que nos brindan las empresas se convierten en el camino por el que podemos transitar todas las \u00e1reas acad\u00e9micas\u201d, afirm\u00f3 la funcionaria.<\/p>\n<p>En el evento estuvieron presentes: Magdalena Hern\u00e1ndez Alarc\u00f3n, secretaria Acad\u00e9mica; Salvador Tapia Spinoso, secretario de Administraci\u00f3n y Finanzas; directores generales de \u00e1reas acad\u00e9micas y administrativas, al igual que, por videoconferencia, los vicerrectores y equipos de trabajo de las regiones universitarias.<\/p>\n<p>&nbsp;<\/p>\n<div id=\"attachment_48739\" style=\"width: 732px\" class=\"wp-caption aligncenter\"><a href=\"https:\/\/www.uv.mx\/prensa\/files\/2018\/06\/050618-Alianzas-estrategicas-2.jpg\"><img aria-describedby=\"caption-attachment-48739\" decoding=\"async\" loading=\"lazy\" class=\"size-full wp-image-48739\" src=\"https:\/\/www.uv.mx\/prensa\/files\/2018\/06\/050618-Alianzas-estrategicas-2.jpg\" alt=\"\" width=\"722\" height=\"375\" srcset=\"https:\/\/www.uv.mx\/prensa\/files\/2018\/06\/050618-Alianzas-estrategicas-2.jpg 722w, https:\/\/www.uv.mx\/prensa\/files\/2018\/06\/050618-Alianzas-estrategicas-2-300x156.jpg 300w\" sizes=\"(max-width: 722px) 100vw, 722px\" \/><\/a><p id=\"caption-attachment-48739\" class=\"wp-caption-text\">Juan Carlos Jim\u00e9nez y Octavio Ochoa informaron del potencial de colaboraci\u00f3n que tiene la UV<\/p><\/div>\n","protected":false},"excerpt":{"rendered":"<p>La Rectora se reuni\u00f3 con sus principales colaboradores para analizar la posibilidad de abrir paso a nuevas tecnolog\u00edas, que impacten en las \u00e1reas sustantivas de la m\u00e1xima casa de estudios de Veracruz<\/p>\n","protected":false},"author":1508,"featured_media":48738,"comment_status":"closed","ping_status":"closed","sticky":false,"template":"","format":"standard","meta":[],"categories":[61],"tags":[],"_links":{"self":[{"href":"https:\/\/www.uv.mx\/prensa\/wp-json\/wp\/v2\/posts\/48750"}],"collection":[{"href":"https:\/\/www.uv.mx\/prensa\/wp-json\/wp\/v2\/posts"}],"about":[{"href":"https:\/\/www.uv.mx\/prensa\/wp-json\/wp\/v2\/types\/post"}],"author":[{"embeddable":true,"href":"https:\/\/www.uv.mx\/prensa\/wp-json\/wp\/v2\/users\/1508"}],"replies":[{"embeddable":true,"href":"https:\/\/www.uv.mx\/prensa\/wp-json\/wp\/v2\/comments?post=48750"}],"version-history":[{"count":0,"href":"https:\/\/www.uv.mx\/prensa\/wp-json\/wp\/v2\/posts\/48750\/revisions"}],"wp:featuredmedia":[{"embeddable":true,"href":"https:\/\/www.uv.mx\/prensa\/wp-json\/wp\/v2\/media\/48738"}],"wp:attachment":[{"href":"https:\/\/www.uv.mx\/prensa\/wp-json\/wp\/v2\/media?parent=48750"}],"wp:term":[{"taxonomy":"category","embeddable":true,"href":"https:\/\/www.uv.mx\/prensa\/wp-json\/wp\/v2\/categories?post=48750"},{"taxonomy":"post_tag","embeddable":true,"href":"https:\/\/www.uv.mx\/prensa\/wp-json\/wp\/v2\/tags?post=48750"}],"curies":[{"name":"wp","href":"https:\/\/api.w.org\/{rel}","templated":true}]}}