{"id":49725,"date":"2018-06-21T18:45:21","date_gmt":"2018-06-21T23:45:21","guid":{"rendered":"https:\/\/www.uv.mx\/prensa\/?p=49725"},"modified":"2018-06-21T18:45:21","modified_gmt":"2018-06-21T23:45:21","slug":"desobediencia-se-presentara-en-teatro-la-caja","status":"publish","type":"post","link":"https:\/\/www.uv.mx\/prensa\/cultura\/desobediencia-se-presentara-en-teatro-la-caja\/","title":{"rendered":"<em>Desobediencia<\/em> se presentar\u00e1 en Teatro La Caja"},"content":{"rendered":"<ul>\n<li><i>La temporada contempla tres fines de semana, del 22 de junio al 8 de julio<span class=\"Apple-converted-space\">\u00a0<\/span><\/i><\/li>\n<\/ul>\n<p>&nbsp;<\/p>\n<div id=\"attachment_49726\" style=\"width: 732px\" class=\"wp-caption aligncenter\"><a href=\"https:\/\/www.uv.mx\/prensa\/files\/2018\/06\/210618-CULTURA-Desobediencia.jpg\"><img aria-describedby=\"caption-attachment-49726\" decoding=\"async\" loading=\"lazy\" class=\"size-full wp-image-49726\" src=\"https:\/\/www.uv.mx\/prensa\/files\/2018\/06\/210618-CULTURA-Desobediencia.jpg\" alt=\"\" width=\"722\" height=\"483\" srcset=\"https:\/\/www.uv.mx\/prensa\/files\/2018\/06\/210618-CULTURA-Desobediencia.jpg 722w, https:\/\/www.uv.mx\/prensa\/files\/2018\/06\/210618-CULTURA-Desobediencia-300x201.jpg 300w\" sizes=\"(max-width: 722px) 100vw, 722px\" \/><\/a><p id=\"caption-attachment-49726\" class=\"wp-caption-text\">Geraldine Lamadrid Guerrero<\/p><\/div>\n<p>&nbsp;<\/p>\n<p><b><i>Karina de la Paz Reyes D\u00edaz<\/i><\/b><\/p>\n<p><b><i>21\/06\/18, Xalapa, Ver.-<\/i><\/b> Este a\u00f1o no s\u00f3lo se vive un proceso electoral para renovar los poderes ejecutivo y legislativo del pa\u00eds, tambi\u00e9n se conmemora el 50 aniversario de la matanza estudiantil de 1968, y es en este contexto que Benjam\u00edn Castro y Geraldine Lamadrid Guerrero, directores de la compa\u00f1\u00eda teatral independiente Producciones de lo innombrable, se cuestionaron cu\u00e1l fue la primera insubordinaci\u00f3n de la humanidad, lo que dio origen a la obra <i>Desobediencia<\/i>, que tendr\u00e1 una corta temporada en el Teatro La caja de la Universidad Veracruzana (UV).<\/p>\n<p>La obra, cuya dramaturgia, direcci\u00f3n y actuaci\u00f3n son de Benjam\u00edn Castro, se presentar\u00e1 del 22 de junio al 8 de julio en Teatro La Caja: los viernes a las 20:30 horas, y s\u00e1bados y domingos a las 19:30; la cuota de recuperaci\u00f3n es de $80.00 p\u00fablico en general y $60.00 estudiantes e INAPAM; tiene una duraci\u00f3n de 60 minutos y es apta para personas de 16 a\u00f1os en adelante.<span class=\"Apple-converted-space\">\u00a0<\/span><\/p>\n<p>La sinopsis indica que la obra \u201cdesarrolla propuestas de teatro experimental en las que se conjuga el uso po\u00e9tico de la palabra, la construcci\u00f3n de cuadros vivos, elementos audiovisuales, composiciones musicales originales y la poiesis corporal de los actores. Un lenguaje esc\u00e9nico orientado a estimular al espectador en la complicidad de ser testigos de las tensiones humanas, una provocaci\u00f3n para exponernos emocional e intelectualmente dentro del convivio teatral al ser confrontados con las inc\u00f3gnitas y paradojas absurdas de la realidad mundial\u201d.<\/p>\n<p>Esta pieza teatral, con m\u00fasica original de Abel Elizondo y letra de Benjam\u00edn Castro, tiene una protagonista m\u00e1s, la propia Geraldine Lamadrid, quien en entrevista con <i>Universo<\/i> destac\u00f3 el inter\u00e9s de la compa\u00f1\u00eda en que a las presentaciones asistan j\u00f3venes, por ello est\u00e1 la posibilidad de establecer un precio especial para grupos de estudiantes.<span class=\"Apple-converted-space\">\u00a0<\/span><\/p>\n<p>\u201cEn esta obra nos interesa mucho tener un p\u00fablico joven \u2014de chicos que est\u00e1n por salir de preparatoria y tambi\u00e9n universitarios\u2014, porque <i>Desobediencia<\/i> tiene que ver con la importancia de la vitalidad de la juventud. La palabra en s\u00ed nos lleva a pensar en movimientos sociales, culturales; repensar cu\u00e1les son las normas que est\u00e1n rigiendo nuestra sociedad; qu\u00e9 tan justo es obedecer una ley que no est\u00e1 cumpliendo con satisfacer las necesidades vitales de la sociedad sobre la que se impone.\u201d<\/p>\n<p>Geraldine Lamadrid Guerrero coment\u00f3 que partieron de pensar al 2018 como el a\u00f1o para ejercitar la memoria pol\u00edtica, porque por un lado est\u00e1 el proceso electoral, pero tambi\u00e9n se conmemora medio siglo de movimientos estudiantiles que se gestaron en varias partes del mundo y la matanza perpetrada en el centro del pa\u00eds. Entre las reflexiones realizadas al respecto, consideraron que las generaciones posteriores a la de aqu\u00e9l movimiento heredaron mayor libertad de expresi\u00f3n, no obstante, \u00e9sta tambi\u00e9n se ha visto notoriamente mermada.<span class=\"Apple-converted-space\">\u00a0<\/span><\/p>\n<p>\u201cAdem\u00e1s, vemos una juventud que est\u00e1 un poco adormilada en el sentido de c\u00f3mo participar en una colectividad y construir comunidad, por el mismo contexto en el que les ha tocado crecer. Por eso es que tambi\u00e9n hacemos esta obra pensando en ellos, invit\u00e1ndolos.\u201d<\/p>\n<p>La compa\u00f1\u00eda Producciones de lo innombrable dice estar convencida de que participar del acontecimiento teatral, como actores o espectadores, es algo que invita a despertar inquietudes. \u201cEn nuestro caso, estamos buscando construir discursos que no den la lectura de la historia ya masticada; por el contrario, queremos construir discursos que detonen recuerdos, emociones\u201d.<\/p>\n<p>La obra se estren\u00f3 este a\u00f1o en Xalapa, posteriormente se fue de gira por el norte del pa\u00eds (Monterrey, Saltillo y Piedras Negras) y ahora regresa para presentarse en esta casa de estudios. El Teatro La Caja est\u00e1 ubicado en la calle de la P\u00e9rgola sin n\u00famero, en la Zona Universitaria de la capital estatal.<\/p>\n","protected":false},"excerpt":{"rendered":"<p>La obra de la compa\u00f1\u00eda Producciones de lo innombrable, se presentar\u00e1 durante los fines de semana, del 22 de junio al 8 de julio<\/p>\n","protected":false},"author":1508,"featured_media":49726,"comment_status":"closed","ping_status":"closed","sticky":false,"template":"","format":"standard","meta":[],"categories":[11,47],"tags":[],"_links":{"self":[{"href":"https:\/\/www.uv.mx\/prensa\/wp-json\/wp\/v2\/posts\/49725"}],"collection":[{"href":"https:\/\/www.uv.mx\/prensa\/wp-json\/wp\/v2\/posts"}],"about":[{"href":"https:\/\/www.uv.mx\/prensa\/wp-json\/wp\/v2\/types\/post"}],"author":[{"embeddable":true,"href":"https:\/\/www.uv.mx\/prensa\/wp-json\/wp\/v2\/users\/1508"}],"replies":[{"embeddable":true,"href":"https:\/\/www.uv.mx\/prensa\/wp-json\/wp\/v2\/comments?post=49725"}],"version-history":[{"count":0,"href":"https:\/\/www.uv.mx\/prensa\/wp-json\/wp\/v2\/posts\/49725\/revisions"}],"wp:featuredmedia":[{"embeddable":true,"href":"https:\/\/www.uv.mx\/prensa\/wp-json\/wp\/v2\/media\/49726"}],"wp:attachment":[{"href":"https:\/\/www.uv.mx\/prensa\/wp-json\/wp\/v2\/media?parent=49725"}],"wp:term":[{"taxonomy":"category","embeddable":true,"href":"https:\/\/www.uv.mx\/prensa\/wp-json\/wp\/v2\/categories?post=49725"},{"taxonomy":"post_tag","embeddable":true,"href":"https:\/\/www.uv.mx\/prensa\/wp-json\/wp\/v2\/tags?post=49725"}],"curies":[{"name":"wp","href":"https:\/\/api.w.org\/{rel}","templated":true}]}}