{"id":50286,"date":"2018-07-03T10:56:02","date_gmt":"2018-07-03T15:56:02","guid":{"rendered":"https:\/\/www.uv.mx\/prensa\/?p=50286"},"modified":"2018-07-04T10:26:22","modified_gmt":"2018-07-04T15:26:22","slug":"estudiantes-desarrollaron-software-para-empresarios","status":"publish","type":"post","link":"https:\/\/www.uv.mx\/prensa\/regiones\/veracruz\/estudiantes-desarrollaron-software-para-empresarios\/","title":{"rendered":"Universitarios desarrollaron <em>software<\/em> para empresarios"},"content":{"rendered":"<ul>\n<li><em>El sistema cumple con las indicaciones, facilita los procesos y hace al servicio m\u00e1s eficiente, afirm\u00f3 uno de los beneficiarios <\/em><\/li>\n<\/ul>\n<p>&nbsp;<\/p>\n<div id=\"attachment_50290\" style=\"width: 732px\" class=\"wp-caption aligncenter\"><a href=\"https:\/\/www.uv.mx\/prensa\/files\/2018\/07\/020718-veracruz-desarrollo-software-1.jpg\"><img aria-describedby=\"caption-attachment-50290\" decoding=\"async\" loading=\"lazy\" class=\"size-full wp-image-50290\" src=\"https:\/\/www.uv.mx\/prensa\/files\/2018\/07\/020718-veracruz-desarrollo-software-1.jpg\" alt=\"\" width=\"722\" height=\"481\" srcset=\"https:\/\/www.uv.mx\/prensa\/files\/2018\/07\/020718-veracruz-desarrollo-software-1.jpg 722w, https:\/\/www.uv.mx\/prensa\/files\/2018\/07\/020718-veracruz-desarrollo-software-1-300x200.jpg 300w\" sizes=\"(max-width: 722px) 100vw, 722px\" \/><\/a><p id=\"caption-attachment-50290\" class=\"wp-caption-text\">Adri\u00e1n Guevara y V\u00edctor Puch con Joaqu\u00edn Pacheco<\/p><\/div>\n<p>&nbsp;<\/p>\n<p><strong><em>Alma Mart\u00ednez Maldonado<\/em><\/strong><\/p>\n<p><strong><em>03\/07\/2018, Boca del R\u00edo, Ver.-<\/em><\/strong> Estudiantes del programa educativo (PE) Ingenier\u00eda Inform\u00e1tica de la <a href=\"https:\/\/www.uv.mx\/veracruz\/ingenieria\/\">Facultad de Ingenier\u00eda<\/a> de la Universidad Veracruzana (UV), establecieron una vinculaci\u00f3n con empresarios veracruzanos para desarrollarles <em>software<\/em> que atendiera sus necesidades y contribuyera a la mejora de sus procesos.<\/p>\n<p>A encomienda de los acad\u00e9micos Luis Felipe Mar\u00edn Ur\u00edas y Diana Montejo Arroyo, cinco alumnos aceptaron el reto de poner en pr\u00e1ctica los conocimientos aprendidos en el aula al iniciar la b\u00fasqueda de clientes, establecer acuerdos y desarrollar programas inform\u00e1ticos (<em>software<\/em>).<\/p>\n<p>\u201cLa vinculaci\u00f3n con empresarios veracruzanos impuls\u00f3 el desarrollo de competencias y habilidades en los estudiantes como es la atenci\u00f3n al cliente, la empat\u00eda, responsabilidad, comunicaci\u00f3n asertiva y trabajo colaborativo\u201d, afirm\u00f3 el acad\u00e9mico Mar\u00edn Ur\u00edas.<\/p>\n<p>A\u00f1adi\u00f3: \u201cLa iniciativa surgi\u00f3 hace un a\u00f1o dentro de la academia de Inform\u00e1tica y entonces se aterriz\u00f3 la idea. En total son seis experiencias educativas las que brindan de conocimientos a los estudiantes y les lanzan el reto de aplicarlos en la realidad\u201d.<\/p>\n<p>Eduardo Soriano L\u00f3pez atendi\u00f3 a Ingrid Mart\u00ednez Hern\u00e1ndez y Eli de la Cruz Pati\u00f1o, del laboratorio Servicios Biocl\u00ednicos. Ella cre\u00f3 un sistema que incluye un cat\u00e1logo de servicios e informaci\u00f3n cl\u00ednica de los pacientes.<\/p>\n<p>&nbsp;<\/p>\n<div id=\"attachment_50291\" style=\"width: 732px\" class=\"wp-caption aligncenter\"><a href=\"https:\/\/www.uv.mx\/prensa\/files\/2018\/07\/020718-veracruz-desarrollo-software-2.jpg\"><img aria-describedby=\"caption-attachment-50291\" decoding=\"async\" loading=\"lazy\" class=\"size-full wp-image-50291\" src=\"https:\/\/www.uv.mx\/prensa\/files\/2018\/07\/020718-veracruz-desarrollo-software-2.jpg\" alt=\"\" width=\"722\" height=\"481\" srcset=\"https:\/\/www.uv.mx\/prensa\/files\/2018\/07\/020718-veracruz-desarrollo-software-2.jpg 722w, https:\/\/www.uv.mx\/prensa\/files\/2018\/07\/020718-veracruz-desarrollo-software-2-300x200.jpg 300w\" sizes=\"(max-width: 722px) 100vw, 722px\" \/><\/a><p id=\"caption-attachment-50291\" class=\"wp-caption-text\">Eduardo Soriano con personal del laboratorio Servicios Biocl\u00ednicos<\/p><\/div>\n<p>&nbsp;<\/p>\n<p>Eli de la Cruz, gerente de Servicios Biocl\u00ednicos, coment\u00f3: \u201cEl sistema cumple con las indicaciones, nos facilita los procesos y nuestro servicio es m\u00e1s eficiente\u201d. En tanto, Ingrid Mart\u00ednez celebr\u00f3 el acercamiento de la UV con las empresas porque da competencias a los estudiantes y a ellos los ayuda a mejorar sus servicios.<\/p>\n<p>Adem\u00e1s, los alumnos Agust\u00edn Zamudio Loyo y Jos\u00e9 \u00c1ngel Gonz\u00e1lez Terr\u00f3n entablaron comunicaci\u00f3n con Patricia Almendra Zamudio de la Cl\u00ednica de Especialidades M\u00e9dicas \u201cSan Francisco\u201d.<\/p>\n<p>Las reuniones se dieron mediante v\u00eda telef\u00f3nica y correo electr\u00f3nico; sin embargo, fue una comunicaci\u00f3n muy fluida y \u201clos resultados han sido muy buenos, nos han ayudado a mejorar nuestros procesos\u201d, declar\u00f3 Patricia Almendra.<\/p>\n<p>Para Agust\u00edn y Jos\u00e9 esta experiencia fue enriquecedora y les ense\u00f1\u00f3 la disciplina en el \u00e1mbito laboral; a\u00f1adieron que fue una manera de explotar los conocimientos que les ha ense\u00f1ado la Universidad.<\/p>\n<p>Por su parte, los estudiantes Adri\u00e1n Guevara Salom\u00f3n y V\u00edctor Puch S\u00e1nchez atendieron al representante de la iglesia Casa de Gracia, Joaqu\u00edn Pacheco Renteral, dise\u00f1ando un <em>software<\/em> que integra la informaci\u00f3n de todos los miembros de la congregaci\u00f3n y facilita la comunicaci\u00f3n entre ellos.<\/p>\n<p>&nbsp;<\/p>\n<p>&nbsp;<\/p>\n<div id=\"attachment_50292\" style=\"width: 732px\" class=\"wp-caption aligncenter\"><a href=\"https:\/\/www.uv.mx\/prensa\/files\/2018\/07\/020718-veracruz-desarrollo-software-3.jpg\"><img aria-describedby=\"caption-attachment-50292\" decoding=\"async\" loading=\"lazy\" class=\"size-full wp-image-50292\" src=\"https:\/\/www.uv.mx\/prensa\/files\/2018\/07\/020718-veracruz-desarrollo-software-3.jpg\" alt=\"\" width=\"722\" height=\"481\" srcset=\"https:\/\/www.uv.mx\/prensa\/files\/2018\/07\/020718-veracruz-desarrollo-software-3.jpg 722w, https:\/\/www.uv.mx\/prensa\/files\/2018\/07\/020718-veracruz-desarrollo-software-3-300x200.jpg 300w\" sizes=\"(max-width: 722px) 100vw, 722px\" \/><\/a><p id=\"caption-attachment-50292\" class=\"wp-caption-text\">Agust\u00edn Zamudio y Jos\u00e9 \u00c1ngel Gonz\u00e1lez<\/p><\/div>\n<p>&nbsp;<\/p>\n<p>En entrevista, Joaqu\u00edn Pacheco inform\u00f3 que ten\u00edan la necesidad de una herramienta que integrara la informaci\u00f3n de sus miembros, \u201cel <em>software<\/em> cumpli\u00f3 la expectativa y se logr\u00f3 el objetivo\u201d<\/p>\n<p>A su vez, Adri\u00e1n y V\u00edctor compartieron que esta incursi\u00f3n les dio nuevos aprendizajes como es el manejo de bases de datos y servidores <em>web<\/em>, entre otros. \u201cNos ofreci\u00f3 un panorama m\u00e1s amplio, adem\u00e1s de que nos dio paso para hacer otras aplicaciones. Nos introduce al campo de trabajo y eso es importante para nuestro futuro profesional\u201d.<\/p>\n<p>El acad\u00e9mico Luis Felipe Mar\u00edn comparti\u00f3 que esta primera experiencia fue enriquecedora para los alumnos y es el inicio de un acercamiento con los microempresarios, por lo que pretenden se repita semestralmente.<\/p>\n<p>Mencion\u00f3 que mediante el programa de vinculaci\u00f3n coordinado por Estela Fern\u00e1ndez Rodr\u00edguez ya se tiene comunicaci\u00f3n con algunas empresas que desean se les apoye en la integraci\u00f3n de su informaci\u00f3n a trav\u00e9s del desarrollo de <em>software<\/em>.<\/p>\n<p>Invit\u00f3 a m\u00e1s empresarios para que se unan a esta iniciativa universitaria que mejora sus procesos e impulsa su econom\u00eda, adem\u00e1s de fortalecer el aprendizaje de los estudiantes; los interesados se pueden dirigir al correo electr\u00f3nico: luismarin@uv.mx<\/p>\n<p>&nbsp;<\/p>\n<div id=\"attachment_50293\" style=\"width: 732px\" class=\"wp-caption aligncenter\"><a href=\"https:\/\/www.uv.mx\/prensa\/files\/2018\/07\/020718-veracruz-desarrollo-software-4.jpg\"><img aria-describedby=\"caption-attachment-50293\" decoding=\"async\" loading=\"lazy\" class=\"size-full wp-image-50293\" src=\"https:\/\/www.uv.mx\/prensa\/files\/2018\/07\/020718-veracruz-desarrollo-software-4.jpg\" alt=\"\" width=\"722\" height=\"481\" srcset=\"https:\/\/www.uv.mx\/prensa\/files\/2018\/07\/020718-veracruz-desarrollo-software-4.jpg 722w, https:\/\/www.uv.mx\/prensa\/files\/2018\/07\/020718-veracruz-desarrollo-software-4-300x200.jpg 300w\" sizes=\"(max-width: 722px) 100vw, 722px\" \/><\/a><p id=\"caption-attachment-50293\" class=\"wp-caption-text\">Los acad\u00e9micos Diana Montejo, Luis Felipe Mar\u00edn y Estela Fern\u00e1ndez<\/p><\/div>\n","protected":false},"excerpt":{"rendered":"<p>La iniciativa universitaria mejora sus procesos e impulsa la econom\u00eda de sus negocios, adem\u00e1s de fortalecer el aprendizaje de los estudiantes<\/p>\n","protected":false},"author":1869,"featured_media":50290,"comment_status":"closed","ping_status":"closed","sticky":false,"template":"","format":"standard","meta":[],"categories":[55],"tags":[],"_links":{"self":[{"href":"https:\/\/www.uv.mx\/prensa\/wp-json\/wp\/v2\/posts\/50286"}],"collection":[{"href":"https:\/\/www.uv.mx\/prensa\/wp-json\/wp\/v2\/posts"}],"about":[{"href":"https:\/\/www.uv.mx\/prensa\/wp-json\/wp\/v2\/types\/post"}],"author":[{"embeddable":true,"href":"https:\/\/www.uv.mx\/prensa\/wp-json\/wp\/v2\/users\/1869"}],"replies":[{"embeddable":true,"href":"https:\/\/www.uv.mx\/prensa\/wp-json\/wp\/v2\/comments?post=50286"}],"version-history":[{"count":0,"href":"https:\/\/www.uv.mx\/prensa\/wp-json\/wp\/v2\/posts\/50286\/revisions"}],"wp:featuredmedia":[{"embeddable":true,"href":"https:\/\/www.uv.mx\/prensa\/wp-json\/wp\/v2\/media\/50290"}],"wp:attachment":[{"href":"https:\/\/www.uv.mx\/prensa\/wp-json\/wp\/v2\/media?parent=50286"}],"wp:term":[{"taxonomy":"category","embeddable":true,"href":"https:\/\/www.uv.mx\/prensa\/wp-json\/wp\/v2\/categories?post=50286"},{"taxonomy":"post_tag","embeddable":true,"href":"https:\/\/www.uv.mx\/prensa\/wp-json\/wp\/v2\/tags?post=50286"}],"curies":[{"name":"wp","href":"https:\/\/api.w.org\/{rel}","templated":true}]}}