{"id":50321,"date":"2018-07-03T15:00:56","date_gmt":"2018-07-03T20:00:56","guid":{"rendered":"https:\/\/www.uv.mx\/prensa\/?p=50321"},"modified":"2018-07-03T15:05:15","modified_gmt":"2018-07-03T20:05:15","slug":"uv-signo-convenio-de-colaboracion-con-el-tejav","status":"publish","type":"post","link":"https:\/\/www.uv.mx\/prensa\/banner\/uv-signo-convenio-de-colaboracion-con-el-tejav\/","title":{"rendered":"UV sign\u00f3 convenio de colaboraci\u00f3n con el TEJAV"},"content":{"rendered":"<ul>\n<li><i>Permitir\u00e1 el trabajo conjunto en la impartici\u00f3n de programas concernientes a la justicia administrativa<\/i><\/li>\n<li><i>Esta casa de estudios est\u00e1 comprometida con la \u00e9tica, destac\u00f3 en el acto la rectora Sara Ladr\u00f3n de Guevara<\/i><\/li>\n<\/ul>\n<p>&nbsp;<\/p>\n<div id=\"attachment_50324\" style=\"width: 732px\" class=\"wp-caption aligncenter\"><a href=\"https:\/\/www.uv.mx\/prensa\/files\/2018\/07\/030718-Justicia-administrativa-1-ok.jpg\"><img aria-describedby=\"caption-attachment-50324\" decoding=\"async\" loading=\"lazy\" class=\"size-full wp-image-50324\" src=\"https:\/\/www.uv.mx\/prensa\/files\/2018\/07\/030718-Justicia-administrativa-1-ok.jpg\" alt=\"\" width=\"722\" height=\"292\" srcset=\"https:\/\/www.uv.mx\/prensa\/files\/2018\/07\/030718-Justicia-administrativa-1-ok.jpg 722w, https:\/\/www.uv.mx\/prensa\/files\/2018\/07\/030718-Justicia-administrativa-1-ok-300x121.jpg 300w\" sizes=\"(max-width: 722px) 100vw, 722px\" \/><\/a><p id=\"caption-attachment-50324\" class=\"wp-caption-text\">Funcionarios de la UV y magistrados del TEJAV<\/p><\/div>\n<p>&nbsp;<\/p>\n<p><b><i>Karina de la Paz Reyes D\u00edaz<\/i><\/b><\/p>\n<p><b><i>03\/07\/18, Xalapa, Ver.-<\/i><\/b> La Universidad Veracruzana (UV) sign\u00f3 un convenio general de colaboraci\u00f3n con el Tribunal Estatal de Justicia Administrativa de Veracruz (TEJAV), instrumento que establece las bases que permitir\u00e1n a ambas instancias realizar acciones de mutuo apoyo en materia de capacitaci\u00f3n, servicio social, as\u00ed como la promoci\u00f3n y difusi\u00f3n de actos y actividades.<\/p>\n<p>La firma del convenio se concret\u00f3 en la Sala de Juntas de Rector\u00eda, el martes 3 de julio, encabezada por el magistrado presidente del TEJAV, Pedro Jos\u00e9 Mar\u00eda Garc\u00eda Monta\u00f1ez, y la rectora de la UV, Sara Ladr\u00f3n de Guevara, quien destac\u00f3 la importancia y trascendencia del acto.<\/p>\n<p>Asimismo, remarc\u00f3 que esta casa de estudios est\u00e1 muy comprometida con la \u00e9tica \u201cy creemos que estas instancias han nacido ante el embate que han significado situaciones corruptas en nuestro estado y nuestro pa\u00eds\u201d.<\/p>\n<p>En su discurso, Sara Ladr\u00f3n de Guevara cit\u00f3 a H\u00e9ctor Fix-Zamudio, investigador em\u00e9rito del Instituto de Investigaciones Jur\u00eddicas de la Universidad Nacional Aut\u00f3noma de M\u00e9xico, quien explica que \u201cla justicia administrativa debe considerarse como una de las materias de la ciencia jur\u00eddica de la mayor importancia, puesto que comprende los instrumentos jur\u00eddicos que se han establecido para la defensa de los derechos y de los intereses leg\u00edtimos de los particulares frente a la conducta administrativa de los \u00f3rganos p\u00fablicos\u201d.<\/p>\n<p>Por ello, celebr\u00f3 el que ambas instituciones tomen en sus manos este proyecto, cuya intenci\u00f3n es la colaboraci\u00f3n conjunta en la puesta en marcha de programas concernientes al tema, pues redundar\u00e1 en la impartici\u00f3n de justicia administrativa m\u00e1s expedita, eficiente y fundamentada.<\/p>\n<p>En su intervenci\u00f3n, Pedro Jos\u00e9 Mar\u00eda Garc\u00eda agradeci\u00f3 la disposici\u00f3n de la UV para colaborar con el TEJAV, instituci\u00f3n de reciente creaci\u00f3n, pues inici\u00f3 funciones apenas en enero del presente a\u00f1o y forma parte del Sistema Estatal Anticorrupci\u00f3n. Explic\u00f3 que con la intenci\u00f3n de tener un \u201csano intercambio de conocimientos para el buen desarrollo de nuestra tarea\u201d han buscado estrechar lazos de colaboraci\u00f3n con instituciones estatales y nacionales, por ello su acercamiento a la UV.<\/p>\n<p>\u201cLe aprecio a la doctora (Sara Ladr\u00f3n de Guevara) que siempre ha mostrado un gran empe\u00f1o para apoyarnos y espero en pr\u00f3ximas semanas concretar temas espec\u00edficos. Gracias por coadyuvar, para nosotros es de la m\u00e1xima importancia, sobre todo trat\u00e1ndose de la m\u00e1xima casa de estudios de la entidad.\u201d<\/p>\n<p>En el acto tambi\u00e9n particip\u00f3 el director general del \u00c1rea Acad\u00e9mica de Humanidades, Jos\u00e9 Luis Mart\u00ednez Su\u00e1rez, quien detall\u00f3 que como parte del convenio la UV organizar\u00e1 eventos acad\u00e9micos y capacitar\u00e1 a integrantes del TEJAV en materia de justicia administrativa y de combate a la corrupci\u00f3n; tambi\u00e9n podr\u00e1n participar otras instituciones del sector p\u00fablico y privado, tanto nacionales como extranjeras, precis\u00f3.<\/p>\n<p>Adem\u00e1s, se promover\u00e1 la prestaci\u00f3n de servicio social entre los estudiantes de nivel licenciatura de la UV, en los programas educativos que para tales efectos tenga establecido el TEJAV.<\/p>\n<p>Por parte del Tribunal atestiguaron la firma de convenio las magistradas Luisa Samaniego Ram\u00edrez y Estrella Alhely Iglesias Guti\u00e9rrez; as\u00ed como los magistrados Roberto Alejandro P\u00e9rez Guti\u00e9rrez y Armando Ruiz S\u00e1nchez, \u00e9ste en calidad de secretario general de Acuerdos.<\/p>\n<p>Por parte de la UV, la secretaria Acad\u00e9mica y el secretario de Administraci\u00f3n y Finanzas, Magdalena Hern\u00e1ndez Alarc\u00f3n y Salvador Tapia Spinoso; los directores generales de las \u00e1reas acad\u00e9micas de Artes, Econ\u00f3mico-Administrativa y T\u00e9cnica: Miguel Flores Covarrubias, Liliana Betancourt Trevedhan y \u00c1ngel Eduardo Gasca Herrera, respectivamente; as\u00ed como el director general de Comunicaci\u00f3n Universitaria, Raciel Dam\u00f3n Mart\u00ednez G\u00f3mez.<\/p>\n<p>&nbsp;<\/p>\n<div id=\"attachment_50315\" style=\"width: 732px\" class=\"wp-caption aligncenter\"><a href=\"https:\/\/www.uv.mx\/prensa\/files\/2018\/07\/030718-Justicia-administrativa-2.jpg\"><img aria-describedby=\"caption-attachment-50315\" decoding=\"async\" loading=\"lazy\" class=\"size-full wp-image-50315\" src=\"https:\/\/www.uv.mx\/prensa\/files\/2018\/07\/030718-Justicia-administrativa-2.jpg\" alt=\"\" width=\"722\" height=\"482\" srcset=\"https:\/\/www.uv.mx\/prensa\/files\/2018\/07\/030718-Justicia-administrativa-2.jpg 722w, https:\/\/www.uv.mx\/prensa\/files\/2018\/07\/030718-Justicia-administrativa-2-300x200.jpg 300w\" sizes=\"(max-width: 722px) 100vw, 722px\" \/><\/a><p id=\"caption-attachment-50315\" class=\"wp-caption-text\">Sara Ladr\u00f3n de Guevara y Pedro Jos\u00e9 Mar\u00eda Garc\u00eda celebraron el acuerdo<\/p><\/div>\n","protected":false},"excerpt":{"rendered":"<p>Se pondr\u00e1n en marcha programas concernientes a la justicia administrativa, lo cual redundar\u00e1 en que \u00e9sta sea m\u00e1s expedita, eficiente y fundamentada<\/p>\n","protected":false},"author":1508,"featured_media":50322,"comment_status":"closed","ping_status":"closed","sticky":false,"template":"","format":"standard","meta":[],"categories":[61],"tags":[],"_links":{"self":[{"href":"https:\/\/www.uv.mx\/prensa\/wp-json\/wp\/v2\/posts\/50321"}],"collection":[{"href":"https:\/\/www.uv.mx\/prensa\/wp-json\/wp\/v2\/posts"}],"about":[{"href":"https:\/\/www.uv.mx\/prensa\/wp-json\/wp\/v2\/types\/post"}],"author":[{"embeddable":true,"href":"https:\/\/www.uv.mx\/prensa\/wp-json\/wp\/v2\/users\/1508"}],"replies":[{"embeddable":true,"href":"https:\/\/www.uv.mx\/prensa\/wp-json\/wp\/v2\/comments?post=50321"}],"version-history":[{"count":0,"href":"https:\/\/www.uv.mx\/prensa\/wp-json\/wp\/v2\/posts\/50321\/revisions"}],"wp:featuredmedia":[{"embeddable":true,"href":"https:\/\/www.uv.mx\/prensa\/wp-json\/wp\/v2\/media\/50322"}],"wp:attachment":[{"href":"https:\/\/www.uv.mx\/prensa\/wp-json\/wp\/v2\/media?parent=50321"}],"wp:term":[{"taxonomy":"category","embeddable":true,"href":"https:\/\/www.uv.mx\/prensa\/wp-json\/wp\/v2\/categories?post=50321"},{"taxonomy":"post_tag","embeddable":true,"href":"https:\/\/www.uv.mx\/prensa\/wp-json\/wp\/v2\/tags?post=50321"}],"curies":[{"name":"wp","href":"https:\/\/api.w.org\/{rel}","templated":true}]}}