{"id":5037,"date":"2015-11-20T11:58:29","date_gmt":"2015-11-20T17:58:29","guid":{"rendered":"https:\/\/www.uv.mx\/prensa\/?p=5037"},"modified":"2015-11-20T11:57:51","modified_gmt":"2015-11-20T17:57:51","slug":"inicio-en-la-uv-cumbre-de-rectores-de-al-y-el-caribe","status":"publish","type":"post","link":"https:\/\/www.uv.mx\/prensa\/general\/inicio-en-la-uv-cumbre-de-rectores-de-al-y-el-caribe\/","title":{"rendered":"Inici\u00f3 en la UV cumbre de rectores de AL y el Caribe"},"content":{"rendered":"<ul>\n<li><em>M\u00e1s de 100 representantes de 12 pa\u00edses latinoamericanos<\/em><\/li>\n<li><i><em>Buscan llegar a acuerdos internacionales frente a los retos que enfrenta la ense\u00f1anza superior en la regi\u00f3n<\/em><\/i><\/li>\n<li><em>Los integrantes de la Uni\u00f3n de Universidades de Am\u00e9rica Latina y el Caribe (UDUAL) est\u00e1n reunidos en el puerto de Veracruz <\/em><\/li>\n<\/ul>\n<p>&nbsp;<\/p>\n<p><strong><em>Paola Cort\u00e9s y David Sandoval<\/em><\/strong><\/p>\n<p>&nbsp;<\/p>\n<p><strong><em>Veracruz, Ver.-<\/em><\/strong> La Universidad Veracruzana (UV) dio la bienvenida a 105 rectores de instituciones de educaci\u00f3n superior (IES) de 12 pa\u00edses, en el marco de la primera reuni\u00f3n \u201cM\u00e9xico, Centroam\u00e9rica y el Caribe\u201d de la Uni\u00f3n de Universidades de Am\u00e9rica Latina y el Caribe (UDUAL), que inici\u00f3 este jueves 19 de noviembre con el prop\u00f3sito de analizar los retos que enfrenta la educaci\u00f3n superior en la regi\u00f3n.<\/p>\n<p>\u201cEs un honor y un orgullo recibir a los representantes de 105 universidades de 12 pa\u00edses de esta regi\u00f3n con la que compartimos tantas cosas: una historia, un pasado, una cultura que es suma de diversidades, un destino, en muchos casos una lengua, y sobre todo, el objetivo de ofrecer a nuestras juventudes una educaci\u00f3n superior de calidad y al servicio de las mejores causas sociales\u201d, dijo la rectora de la Universidad Veracruzana Sara Ladr\u00f3n de Guevara, al recibir a los rectores y directivos universitarios.<\/p>\n<p>Asimismo, agradeci\u00f3 a la UDUAL por brindar su respaldo y solidaridad a la m\u00e1xima casa de estudios de la entidad, expresados en un comunicado con relaci\u00f3n a su situaci\u00f3n financiera, con esta acci\u00f3n \u201cponen de manifiesto que la UDUAL es eso: una real y verdadera uni\u00f3n\u201d, dijo.<\/p>\n<div id=\"attachment_5038\" style=\"width: 310px\" class=\"wp-caption aligncenter\"><a href=\"https:\/\/www.uv.mx\/prensa\/files\/2015\/11\/Inauguracion-UDUAL-1-19.jpg\"><img aria-describedby=\"caption-attachment-5038\" decoding=\"async\" loading=\"lazy\" class=\"size-medium wp-image-5038\" src=\"https:\/\/www.uv.mx\/prensa\/files\/2015\/11\/Inauguracion-UDUAL-1-19-300x150.jpg\" alt=\"\u00c1ngel Hern\u00e1ndez Castillo, Ram\u00f3n Poo Gil, Itzc\u00f3atl Tonatiuh Bravo Padilla, Sara Ladr\u00f3n de Guevara, X\u00f3chitl Adela Osorio Mart\u00ednez, Roberto Escalante Semerena y Etelvina de Bonagas.\" width=\"300\" height=\"150\" srcset=\"https:\/\/www.uv.mx\/prensa\/files\/2015\/11\/Inauguracion-UDUAL-1-19-300x150.jpg 300w, https:\/\/www.uv.mx\/prensa\/files\/2015\/11\/Inauguracion-UDUAL-1-19.jpg 436w\" sizes=\"(max-width: 300px) 100vw, 300px\" \/><\/a><p id=\"caption-attachment-5038\" class=\"wp-caption-text\">\u00c1ngel Hern\u00e1ndez Castillo, Ram\u00f3n Poo Gil, Itzc\u00f3atl Tonatiuh Bravo Padilla, Sara Ladr\u00f3n de Guevara, X\u00f3chitl Adela Osorio Mart\u00ednez, Roberto Escalante Semerena y Etelvina de Bonagas.<\/p><\/div>\n<p>En ese sentido, refiri\u00f3 que \u201cestamos a la altura de las tareas y los objetivos que la UDUAL se ha planteado; como una forma de expresarles que, adem\u00e1s de ser buenos anfitriones, sabemos ser buenos compa\u00f1eros de ruta, y como una manera de decirles que, por todo lo anterior, esta casa de estudios tambi\u00e9n es su casa\u201d.<\/p>\n<p>En un mensaje videograbado, el presidente de la UDUAL, Jos\u00e9 Tadeu Jorge, rector de la Universidad Estatal de Campinas en Brasil, subray\u00f3 el hecho de que \u00e9sta es la primera reuni\u00f3n de los pa\u00edses integrantes de las tres regiones, que tiene la finalidad de establecer un espacio de debate para los proyectos universitarios de las instituciones participantes como la evaluaci\u00f3n y acreditaci\u00f3n, la movilidad, el espacio com\u00fan de educaci\u00f3n y las diversas problem\u00e1ticas que enfrenta la ense\u00f1anza superior en Latinoam\u00e9rica.<\/p>\n<p>Se\u00f1al\u00f3 que \u201cesta nueva manera de tratar los temas representa un avance para la UDUAL\u201d, y refiri\u00f3 que los procesos de evaluaci\u00f3n y acreditaci\u00f3n \u201cson la base y el sustento de un espacio com\u00fan de educaci\u00f3n superior\u201d; este primer encuentro, dijo, \u201cpodr\u00e1 contribuir significativamente a conseguir nuestros objetivos\u201d.<\/p>\n<div id=\"attachment_5039\" style=\"width: 310px\" class=\"wp-caption aligncenter\"><a href=\"https:\/\/www.uv.mx\/prensa\/files\/2015\/11\/Inauguracion-UDUAL-2-19.jpg\"><img aria-describedby=\"caption-attachment-5039\" decoding=\"async\" loading=\"lazy\" class=\"size-medium wp-image-5039\" src=\"https:\/\/www.uv.mx\/prensa\/files\/2015\/11\/Inauguracion-UDUAL-2-19-300x186.jpg\" alt=\"La rectora Sara Ladr\u00f3n de Guevara dio la bienvenida oficial a m\u00e1s de 100 representantes de 12 pa\u00edses latinoamericanos.\" width=\"300\" height=\"186\" srcset=\"https:\/\/www.uv.mx\/prensa\/files\/2015\/11\/Inauguracion-UDUAL-2-19-300x186.jpg 300w, https:\/\/www.uv.mx\/prensa\/files\/2015\/11\/Inauguracion-UDUAL-2-19.jpg 471w\" sizes=\"(max-width: 300px) 100vw, 300px\" \/><\/a><p id=\"caption-attachment-5039\" class=\"wp-caption-text\">La rectora Sara Ladr\u00f3n de Guevara dio la bienvenida oficial a m\u00e1s de 100 representantes de 12 pa\u00edses latinoamericanos.<\/p><\/div>\n<p>Por su parte, Roberto Escalante Semerena, secretario general de la UDUAL, expres\u00f3 que este organismo con 66 a\u00f1os de historia tiene como fundamento la autonom\u00eda, que es \u201cun derecho y una obligaci\u00f3n de las universidades\u201d.<\/p>\n<p>Las instituciones de educaci\u00f3n superior \u201ctrabajan en beneficio de la sociedad, y son tanto el prop\u00f3sito como el coraz\u00f3n que anima esta reuni\u00f3n\u201d, afirm\u00f3 al se\u00f1alar como expectativa la creaci\u00f3n de \u201cun horizonte m\u00e1s amplio que nos permita trabajar juntos y hacer converger nuestros esfuerzos para servir mejor a la sociedad\u201d.<\/p>\n<p>X\u00f3chitl Adela Osorio Mart\u00ednez, titular de la Secretar\u00eda de Educaci\u00f3n de Veracruz y representante del gobernador del estado Javier Duarte de Ochoa, celebr\u00f3 que la entidad sea la sede de esta reuni\u00f3n que propiciar\u00e1 una sinergia e impulsar\u00e1 la internacionalizaci\u00f3n entre las universidades p\u00fablicas de Latinoam\u00e9rica, en beneficio de la humanidad.<\/p>\n<div id=\"attachment_5040\" style=\"width: 310px\" class=\"wp-caption aligncenter\"><a href=\"https:\/\/www.uv.mx\/prensa\/files\/2015\/11\/Inauguracion-UDUAL-3-19.jpg\"><img aria-describedby=\"caption-attachment-5040\" decoding=\"async\" loading=\"lazy\" class=\"size-medium wp-image-5040\" src=\"https:\/\/www.uv.mx\/prensa\/files\/2015\/11\/Inauguracion-UDUAL-3-19-300x134.jpg\" alt=\"Los participantes analizan los retos que enfrenta la ense\u00f1anza superior en la regi\u00f3n.\" width=\"300\" height=\"134\" srcset=\"https:\/\/www.uv.mx\/prensa\/files\/2015\/11\/Inauguracion-UDUAL-3-19-300x134.jpg 300w, https:\/\/www.uv.mx\/prensa\/files\/2015\/11\/Inauguracion-UDUAL-3-19.jpg 399w\" sizes=\"(max-width: 300px) 100vw, 300px\" \/><\/a><p id=\"caption-attachment-5040\" class=\"wp-caption-text\">Los participantes analizan los retos que enfrenta la ense\u00f1anza superior en la regi\u00f3n.<\/p><\/div>\n<p>En la inauguraci\u00f3n estuvieron presentes Itzc\u00f3atl Tonatiuh Bravo Padilla, rector general de la Universidad de Guadalajara y vicepresidente de la regi\u00f3n M\u00e9xico; \u00c1ngel Hern\u00e1ndez Castillo, rector de la Universidad Abierta para Adultos de Rep\u00fablica Dominicana y vicepresidente de la regi\u00f3n Caribe; Etelvina de Bonagas, rectora de la Universidad Aut\u00f3noma de Chiriqu\u00ed en Panam\u00e1 y vicepresidenta de la regi\u00f3n Centroam\u00e9rica, y Ram\u00f3n Poo Gil, alcalde del puerto de Veracruz.<\/p>\n<p>El viernes 20 las actividades continuar\u00e1n a partir de las 9:00 horas con la presentaci\u00f3n y lectura de conclusiones de las distintas mesas de trabajo y tendr\u00e1 lugar la clausura del evento, programada a las 14:00 horas.<\/p>\n<p>&nbsp;<\/p>\n","protected":false},"excerpt":{"rendered":"<p><strong><em> Paola Cort\u00e9s P\u00e9rez y David Sandoval Rodr\u00edguez.-<\/em><\/strong> Veracruz, Ver.- La Universidad Veracruzana (UV) dio la bienvenida a 105 rectores de instituciones de educaci\u00f3n superior (IES) de 12 pa\u00edses, en el marco de la primera reuni\u00f3n \u201cM\u00e9xico, Centroam\u00e9rica y el Caribe\u201d de la Uni\u00f3n de Universidades de Am\u00e9rica Latina y el Caribe (UDUAL), que inici\u00f3 este jueves 19 de noviembre con el prop\u00f3sito de analizar los retos que enfrenta la educaci\u00f3n superior en la regi\u00f3n.<\/p>\n","protected":false},"author":1809,"featured_media":5042,"comment_status":"closed","ping_status":"closed","sticky":false,"template":"","format":"standard","meta":[],"categories":[1],"tags":[2],"_links":{"self":[{"href":"https:\/\/www.uv.mx\/prensa\/wp-json\/wp\/v2\/posts\/5037"}],"collection":[{"href":"https:\/\/www.uv.mx\/prensa\/wp-json\/wp\/v2\/posts"}],"about":[{"href":"https:\/\/www.uv.mx\/prensa\/wp-json\/wp\/v2\/types\/post"}],"author":[{"embeddable":true,"href":"https:\/\/www.uv.mx\/prensa\/wp-json\/wp\/v2\/users\/1809"}],"replies":[{"embeddable":true,"href":"https:\/\/www.uv.mx\/prensa\/wp-json\/wp\/v2\/comments?post=5037"}],"version-history":[{"count":0,"href":"https:\/\/www.uv.mx\/prensa\/wp-json\/wp\/v2\/posts\/5037\/revisions"}],"wp:featuredmedia":[{"embeddable":true,"href":"https:\/\/www.uv.mx\/prensa\/wp-json\/wp\/v2\/media\/5042"}],"wp:attachment":[{"href":"https:\/\/www.uv.mx\/prensa\/wp-json\/wp\/v2\/media?parent=5037"}],"wp:term":[{"taxonomy":"category","embeddable":true,"href":"https:\/\/www.uv.mx\/prensa\/wp-json\/wp\/v2\/categories?post=5037"},{"taxonomy":"post_tag","embeddable":true,"href":"https:\/\/www.uv.mx\/prensa\/wp-json\/wp\/v2\/tags?post=5037"}],"curies":[{"name":"wp","href":"https:\/\/api.w.org\/{rel}","templated":true}]}}