{"id":50587,"date":"2018-07-06T18:15:11","date_gmt":"2018-07-06T23:15:11","guid":{"rendered":"https:\/\/www.uv.mx\/prensa\/?p=50587"},"modified":"2021-11-11T11:03:09","modified_gmt":"2021-11-11T17:03:09","slug":"universitarios-participaron-en-las-elecciones-2018","status":"publish","type":"post","link":"https:\/\/www.uv.mx\/prensa\/opinion\/universitarios-participaron-en-las-elecciones-2018\/","title":{"rendered":"Universitarios participaron en las elecciones 2018"},"content":{"rendered":"<div id=\"attachment_50588\" style=\"width: 732px\" class=\"wp-caption aligncenter\"><a href=\"https:\/\/www.uv.mx\/prensa\/files\/2018\/07\/060718-colaboracion-100k.jpg\"><img aria-describedby=\"caption-attachment-50588\" decoding=\"async\" loading=\"lazy\" class=\"size-full wp-image-50588\" src=\"https:\/\/www.uv.mx\/prensa\/files\/2018\/07\/060718-colaboracion-100k.jpg\" alt=\"\" width=\"722\" height=\"524\" srcset=\"https:\/\/www.uv.mx\/prensa\/files\/2018\/07\/060718-colaboracion-100k.jpg 722w, https:\/\/www.uv.mx\/prensa\/files\/2018\/07\/060718-colaboracion-100k-300x218.jpg 300w\" sizes=\"(max-width: 722px) 100vw, 722px\" \/><\/a><p id=\"caption-attachment-50588\" class=\"wp-caption-text\">La encuesta detect\u00f3 que ocho de cada 10 estudiantes ten\u00edan una intenci\u00f3n alta de votar<\/p><\/div>\n<p><b><i>Roc\u00edo L\u00f3pez Gonz\u00e1lez<\/i><\/b><\/p>\n<p><b><i>06\/07\/18, Xalapa, Ver.- <\/i><\/b>En el marco del proyecto \u201cJ\u00f3venes y formaci\u00f3n ciudadana\u201d, integrantes del Centro de Investigaci\u00f3n e Innovaci\u00f3n en Educaci\u00f3n Superior (CIEES) de la Universidad Veracruzana (UV) aplicaron una encuesta e identificaron que ocho de cada 10 estudiantes de esta casa de estudios ten\u00edan una intenci\u00f3n alta de participar en el proceso electoral del pasado 1 de julio.<\/p>\n<p>Adem\u00e1s, seis de cada 10 de estos j\u00f3venes universitarios se\u00f1alaron que su voto ser\u00eda por el candidato Andr\u00e9s Manuel L\u00f3pez Obrador.<\/p>\n<p>Sin duda alguna, estos resultados coincidieron con lo que se reflej\u00f3 en las urnas, ya que de acuerdo con la estimaci\u00f3n de resultados a trav\u00e9s de conteos r\u00e1pidos del Instituto Nacional Electoral (INE), en promedio el 63 por ciento del total del padr\u00f3n electoral del pa\u00eds ejerci\u00f3 su derecho a votar. De acuerdo con la numeralia del propio INE, se cont\u00f3 con un padr\u00f3n electoral de poco m\u00e1s de 89 millones de mexicanos, de ellos 14 millones son j\u00f3venes de entre 18 y 24 a\u00f1os de edad que votar\u00edan por primera vez en una elecci\u00f3n presidencial.<\/p>\n<p>Cabe destacar que, si bien los j\u00f3venes de la UV manifestaron un alto inter\u00e9s en votar el pasado 1 de julio, tambi\u00e9n indicaron que estaban dispuestos a participar como funcionarios de casilla (65 por ciento) en caso de haber sido seleccionados; es decir, se percibi\u00f3 un notable inter\u00e9s de la juventud en estar involucrados en este proceso electoral.<\/p>\n<p>Este \u00faltimo dato es a\u00fan m\u00e1s significativo, al analizar las respuestas que dieron al preguntarles las razones por las que votar\u00edan, m\u00e1s de la mitad de la poblaci\u00f3n universitaria se\u00f1al\u00f3 que lo har\u00edan para mejorar las condiciones de vida, para que haya justicia en el pa\u00eds, para que los pol\u00edticos cumplan lo que prometen, para disminuir la violencia y la inseguridad, pero sobre todo para que su opini\u00f3n sea tomada en cuenta y para ejercer su derecho ciudadano; es decir, que los universitarios cre\u00edan que su voto s\u00ed contaba y por lo tanto era importante ejercerlo.<\/p>\n<p>De acuerdo con los datos del proyecto \u201cJ\u00f3venes y formaci\u00f3n ciudadana\u201d, los argumentos que circulaban en la redes sociales o Internet para que los j\u00f3venes emitieran su voto eran poco o nada importante (44 por ciento); es decir, si bien, los estudiantes son usuarios activos en redes, \u00e9stas no jugaron un papel fundamental en la toma de decisi\u00f3n ya que para emitir su voto a favor de alg\u00fan candidato en las elecciones para presidente de la Rep\u00fablica, fueron m\u00e1s importantes las propuestas de los candidatos (49 por ciento), seguido de las posturas de los movimientos sociales (27 por ciento) y las actividades de campa\u00f1as pol\u00edticas (22 por ciento).<\/p>\n<p>En suma, \u00e9stos son apenas algunos datos preliminares de la encuesta aplicada a 378 estudiantes universitarios de mayo y junio, la cual fue aplicada tambi\u00e9n en otras universidades del pa\u00eds: Universidad de Sonora, Universidad Estatal de Sonora y Universidad Aut\u00f3noma Metropolitana-campus Lerma.<\/p>\n<p>En el caso de la UV, el estudio se realiz\u00f3 exclusivamente en la regi\u00f3n Xalapa, con j\u00f3venes de licenciatura de las seis \u00e1reas acad\u00e9micas: Ciencias Biol\u00f3gico-Agropecuarias, Econ\u00f3mico-Administrativas, Ciencias de la Salud, Humanidades, T\u00e9cnica y Artes, en donde se busc\u00f3 tener una muestra representativa por g\u00e9nero.<\/p>\n<p>Los datos no s\u00f3lo desmitifican la idea de que los j\u00f3venes no se involucran en temas pol\u00edticos y ciudadanos, sino tambi\u00e9n evidencian y ratifican que ellos representan el presente y el futuro del pa\u00eds, que tienen la capacidad de organizarse en pro de una ciudadan\u00eda participativa, consciente y constructora de una sociedad inclusiva y democr\u00e1tica.<\/p>\n","protected":false},"excerpt":{"rendered":"<p>Integrantes del Centro de Investigaci\u00f3n e Innovaci\u00f3n en Educaci\u00f3n Superior aplicaron una encuesta entre estudiantes, sobre la intenci\u00f3n de participaci\u00f3n en el proceso electoral<\/p>\n","protected":false},"author":1775,"featured_media":50588,"comment_status":"closed","ping_status":"closed","sticky":false,"template":"","format":"standard","meta":[],"categories":[50],"tags":[1627,168,5292,256,255,5293,1136,5291],"_links":{"self":[{"href":"https:\/\/www.uv.mx\/prensa\/wp-json\/wp\/v2\/posts\/50587"}],"collection":[{"href":"https:\/\/www.uv.mx\/prensa\/wp-json\/wp\/v2\/posts"}],"about":[{"href":"https:\/\/www.uv.mx\/prensa\/wp-json\/wp\/v2\/types\/post"}],"author":[{"embeddable":true,"href":"https:\/\/www.uv.mx\/prensa\/wp-json\/wp\/v2\/users\/1775"}],"replies":[{"embeddable":true,"href":"https:\/\/www.uv.mx\/prensa\/wp-json\/wp\/v2\/comments?post=50587"}],"version-history":[{"count":1,"href":"https:\/\/www.uv.mx\/prensa\/wp-json\/wp\/v2\/posts\/50587\/revisions"}],"predecessor-version":[{"id":105155,"href":"https:\/\/www.uv.mx\/prensa\/wp-json\/wp\/v2\/posts\/50587\/revisions\/105155"}],"wp:featuredmedia":[{"embeddable":true,"href":"https:\/\/www.uv.mx\/prensa\/wp-json\/wp\/v2\/media\/50588"}],"wp:attachment":[{"href":"https:\/\/www.uv.mx\/prensa\/wp-json\/wp\/v2\/media?parent=50587"}],"wp:term":[{"taxonomy":"category","embeddable":true,"href":"https:\/\/www.uv.mx\/prensa\/wp-json\/wp\/v2\/categories?post=50587"},{"taxonomy":"post_tag","embeddable":true,"href":"https:\/\/www.uv.mx\/prensa\/wp-json\/wp\/v2\/tags?post=50587"}],"curies":[{"name":"wp","href":"https:\/\/api.w.org\/{rel}","templated":true}]}}