{"id":50591,"date":"2018-07-08T09:00:28","date_gmt":"2018-07-08T14:00:28","guid":{"rendered":"https:\/\/www.uv.mx\/prensa\/?p=50591"},"modified":"2021-11-11T11:05:57","modified_gmt":"2021-11-11T17:05:57","slug":"uv-y-ayuntamiento-de-xalapa-impulsaran-agenda-de-turismo-cultural","status":"publish","type":"post","link":"https:\/\/www.uv.mx\/prensa\/banner\/uv-y-ayuntamiento-de-xalapa-impulsaran-agenda-de-turismo-cultural\/","title":{"rendered":"UV y Ayuntamiento de Xalapa impulsar\u00e1n agenda de turismo cultural"},"content":{"rendered":"<ul>\n<li><i>Sara Ladr\u00f3n de Guevara e Hip\u00f3lito Rodr\u00edguez se reunieron para conversar sobre la organizaci\u00f3n de una agenda cultural<\/i><\/li>\n<\/ul>\n<div id=\"attachment_50592\" style=\"width: 732px\" class=\"wp-caption aligncenter\"><a href=\"https:\/\/www.uv.mx\/prensa\/files\/2018\/07\/080718-PAOLA-Reunion-Hipolito-100k.jpg\"><img aria-describedby=\"caption-attachment-50592\" decoding=\"async\" loading=\"lazy\" class=\"size-full wp-image-50592\" src=\"https:\/\/www.uv.mx\/prensa\/files\/2018\/07\/080718-PAOLA-Reunion-Hipolito-100k.jpg\" alt=\"\" width=\"722\" height=\"481\" srcset=\"https:\/\/www.uv.mx\/prensa\/files\/2018\/07\/080718-PAOLA-Reunion-Hipolito-100k.jpg 722w, https:\/\/www.uv.mx\/prensa\/files\/2018\/07\/080718-PAOLA-Reunion-Hipolito-100k-300x200.jpg 300w\" sizes=\"(max-width: 722px) 100vw, 722px\" \/><\/a><p id=\"caption-attachment-50592\" class=\"wp-caption-text\">Autoridades universitarias y municipales hablaron de la importancia de difundir la actividad cultural<\/p><\/div>\n<p><b><i>Paola Cort\u00e9s P\u00e9rez<\/i><\/b><\/p>\n<p><b><i>08\/07\/18, Xalapa, Ver.-<\/i><\/b> La rectora de la Universidad Veracruzana (UV), Sara Ladr\u00f3n de Guevara, se reuni\u00f3 con el alcalde del Ayuntamiento de Xalapa, Hip\u00f3lito Rodr\u00edguez Herrero, con la finalidad de organizar una agenda cultural en conjunto que ayude a impulsar el car\u00e1cter cultural y art\u00edstico de la regi\u00f3n y el estado.<\/p>\n<p>La reuni\u00f3n tuvo lugar el 29 de mayo en la Sala de Juntas de Rector\u00eda, participaron el secretario de Desarrollo Institucional, Octavio Ochoa Contreras; el director general del \u00c1rea Acad\u00e9mica de Artes, Miguel Flores Covarrubias; el director general de Difusi\u00f3n Cultural, Arturo Meseguer Lima, y la directora general de Proyectos, Construcciones y Mantenimiento, Emilia Rodiles Justo.<\/p>\n<p>Hip\u00f3lito Rodr\u00edguez present\u00f3 a la Rectora y dem\u00e1s autoridades universitarias presentes una serie de actividades culturales que tengan como objetivo la promoci\u00f3n de Xalapa como una opci\u00f3n de turismo cultural.<\/p>\n<p>Una de esas oportunidades, se\u00f1al\u00f3, es el Congreso Internacional de Dise\u00f1o a realizarse en la ciudad capital, del 31 de octubre al 3 de noviembre de este a\u00f1o.<\/p>\n<p>Dijo que 2019 tambi\u00e9n ser\u00e1 propicio para organizar algunos eventos culturales; por ejemplo, la celebraci\u00f3n del 90 aniversario de la fundaci\u00f3n de la Orquesta Sinf\u00f3nica de Xalapa (OSX), considerada una de las m\u00e1s antiguas del pa\u00eds.<\/p>\n<p>De igual manera, coment\u00f3 que en 2019 se cumplen 500 a\u00f1os de la presencia de Hern\u00e1n Cort\u00e9s en tierras veracruzanas, por lo que consider\u00f3 pertinente organizar un foro acad\u00e9mico para reflexionar sobre el proceso civilizatorio que inici\u00f3 en 1519, el cual estar\u00eda a cargo del Instituto de Investigaciones Hist\u00f3rico-Sociales.<\/p>\n<p>En tanto, la rectora Sara Ladr\u00f3n de Guevara dijo que es importante la vinculaci\u00f3n con las autoridades municipales para impulsar la cultura y las artes, especialmente si en la Universidad hay mucho talento art\u00edstico que requiere foros de expresi\u00f3n.<\/p>\n","protected":false},"excerpt":{"rendered":"<p>La rectora Sara Ladr\u00f3n de Guevara y el alcalde Hip\u00f3lito Rodr\u00edguez se reunieron para conversar sobre la organizaci\u00f3n de una agenda cultural<\/p>\n","protected":false},"author":1775,"featured_media":50593,"comment_status":"closed","ping_status":"closed","sticky":false,"template":"","format":"standard","meta":[],"categories":[61],"tags":[5296,5294,450,5299,1742,5298,2234,5300,5295,3839,4809,4164,3347,549,5297,58,307],"_links":{"self":[{"href":"https:\/\/www.uv.mx\/prensa\/wp-json\/wp\/v2\/posts\/50591"}],"collection":[{"href":"https:\/\/www.uv.mx\/prensa\/wp-json\/wp\/v2\/posts"}],"about":[{"href":"https:\/\/www.uv.mx\/prensa\/wp-json\/wp\/v2\/types\/post"}],"author":[{"embeddable":true,"href":"https:\/\/www.uv.mx\/prensa\/wp-json\/wp\/v2\/users\/1775"}],"replies":[{"embeddable":true,"href":"https:\/\/www.uv.mx\/prensa\/wp-json\/wp\/v2\/comments?post=50591"}],"version-history":[{"count":1,"href":"https:\/\/www.uv.mx\/prensa\/wp-json\/wp\/v2\/posts\/50591\/revisions"}],"predecessor-version":[{"id":105156,"href":"https:\/\/www.uv.mx\/prensa\/wp-json\/wp\/v2\/posts\/50591\/revisions\/105156"}],"wp:featuredmedia":[{"embeddable":true,"href":"https:\/\/www.uv.mx\/prensa\/wp-json\/wp\/v2\/media\/50593"}],"wp:attachment":[{"href":"https:\/\/www.uv.mx\/prensa\/wp-json\/wp\/v2\/media?parent=50591"}],"wp:term":[{"taxonomy":"category","embeddable":true,"href":"https:\/\/www.uv.mx\/prensa\/wp-json\/wp\/v2\/categories?post=50591"},{"taxonomy":"post_tag","embeddable":true,"href":"https:\/\/www.uv.mx\/prensa\/wp-json\/wp\/v2\/tags?post=50591"}],"curies":[{"name":"wp","href":"https:\/\/api.w.org\/{rel}","templated":true}]}}