{"id":50892,"date":"2018-07-18T07:00:29","date_gmt":"2018-07-18T12:00:29","guid":{"rendered":"https:\/\/www.uv.mx\/prensa\/?p=50892"},"modified":"2018-07-10T18:56:28","modified_gmt":"2018-07-10T23:56:28","slug":"no-hay-que-enfrascarnos-en-una-disciplina-jorge-valencia-garcia","status":"publish","type":"post","link":"https:\/\/www.uv.mx\/prensa\/general\/no-hay-que-enfrascarnos-en-una-disciplina-jorge-valencia-garcia\/","title":{"rendered":"No hay que \u201cenfrascarnos\u201d en una disciplina: Jorge Valencia Garc\u00eda"},"content":{"rendered":"<ul>\n<li><em>El estudiante de maestr\u00eda aconsej\u00f3 a los universitarios postularse para un posgrado cuyo campo de conocimiento sea diferente al de su licenciatura y as\u00ed ampliar el abanico de posibilidades laborales<\/em><\/li>\n<\/ul>\n<p>&nbsp;<\/p>\n<div id=\"attachment_50896\" style=\"width: 732px\" class=\"wp-caption aligncenter\"><a href=\"https:\/\/www.uv.mx\/prensa\/files\/2018\/07\/09072018-KARINA-Jorge-Alejandro-1.jpg\"><img aria-describedby=\"caption-attachment-50896\" decoding=\"async\" loading=\"lazy\" class=\"size-full wp-image-50896\" src=\"https:\/\/www.uv.mx\/prensa\/files\/2018\/07\/09072018-KARINA-Jorge-Alejandro-1.jpg\" alt=\"\" width=\"722\" height=\"542\" srcset=\"https:\/\/www.uv.mx\/prensa\/files\/2018\/07\/09072018-KARINA-Jorge-Alejandro-1.jpg 722w, https:\/\/www.uv.mx\/prensa\/files\/2018\/07\/09072018-KARINA-Jorge-Alejandro-1-300x225.jpg 300w\" sizes=\"(max-width: 722px) 100vw, 722px\" \/><\/a><p id=\"caption-attachment-50896\" class=\"wp-caption-text\">\u201cNo hay que enfrascarse en una sola l\u00ednea de investigaci\u00f3n, sino diversificar\u201d<\/p><\/div>\n<p>&nbsp;<\/p>\n<p><strong><em>Karina de la Paz Reyes D\u00edaz<\/em><\/strong><\/p>\n<p><strong><em>18\/07\/18, Xalapa.-<\/em><\/strong> Jorge Alejandro Valencia Garc\u00eda, estudiante de la Maestr\u00eda en Ciencias Biol\u00f3gicas (MCB) adscrita a la Facultad de Biolog\u00eda, exhort\u00f3 a los reci\u00e9n egresados de licenciatura a que se interesen en estudiar un posgrado en la Universidad Veracruzana (UV), pero sobre todo a no alinearse con los estereotipos.<\/p>\n<p>\u201cEs mentira que por no tener determinado perfil no puedes postularte, s\u00e9 que s\u00ed se puede, yo traigo otra formaci\u00f3n y aqu\u00ed estoy. Si a ti te llama algo la atenci\u00f3n, busca y rompe los esquemas\u201d, expres\u00f3 el egresado de la Facultad de Ciencias Qu\u00edmicas de la UV.<\/p>\n<p>Tras varios a\u00f1os de desempe\u00f1o laboral en la industria, Jorge Alejandro Valencia decidi\u00f3 retomar los estudios y se postul\u00f3 para la MCB, lo cual le ha implicado un reto al ser un campo de saber distinto al suyo, pero a su vez ha ampliado sus horizontes.<\/p>\n<p>Por ello, insisti\u00f3 en sugerir a los estudiantes que est\u00e1n por egresar de una licenciatura que consideren seguir con un posgrado, y en caso de que les llegara a interesar alguno que no tiene mucha relaci\u00f3n con su disciplina de origen, persistir para ser parte de \u00e9l.<\/p>\n<p>\u201cEncontrar\u00e1s algo totalmente diferente a lo tuyo, pero muy enriquecedor, que hace que tu abanico de posibilidades laborales crezca. No hay que enfrascarse en una sola l\u00ednea de investigaci\u00f3n, sino diversificar m\u00e1s. Combinar lo t\u00e9cnico con lo biol\u00f3gico o lo biol\u00f3gico con lo m\u00e9dico, hay miles de combinaciones que puedes hacer. Exhorto a la juventud que le siga, yo no soy chavo pero quise seguirle.\u201d<\/p>\n<p>El tema de investigaci\u00f3n de Valencia Garc\u00eda trata sobre la cacer\u00eda de subsistencia en la comunidad maya Santa Cruz Toledo, en Belice, que a su vez pertenece a un proyecto m\u00e1s amplio a cargo del cient\u00edfico Luis Pacheco Cobos. Los datos fueron recabados de abril a diciembre de 2012 y entre sus labores est\u00e1 el proceso de sistematizaci\u00f3n.<\/p>\n<p>\u201cLos cazadores de Santa Cruz tienen estrategias de cacer\u00eda, ocupan armas y perros rastreadores; entonces determinando cu\u00e1l es la que m\u00e1s ocupan, qu\u00e9 presa es la que mayormente cazan y qu\u00e9 beneficios obtienen, qu\u00e9 cantidad de biomasa se extrajo en el tiempo que se excavaron los datos\u201d, explic\u00f3.<\/p>\n<p>No obstante, hab\u00eda una parte de su formaci\u00f3n que era necesario cubrir: la recolecci\u00f3n de datos, lo cual concret\u00f3 satisfactoriamente en una movilidad que realiz\u00f3 de febrero a julio de este a\u00f1o en el Instituto de Ecolog\u00eda, A.C. (<em>Inecol<\/em>), bajo la tutela de los profesores investigadores Sonia Gallina Tessaro y Alberto Gonz\u00e1lez Romero.<\/p>\n<p>El <em>Inecol<\/em> anualmente convoca al curso de campo sobre \u201cT\u00e9cnicas para el estudio de la fauna y su h\u00e1bitat en zonas \u00e1ridas\u201d, en su Laboratorio del Desierto, que se encuentra en la Reserva de la Biosfera de Mapim\u00ed, ubicada en el v\u00e9rtice que forman los estados de Chihuahua, Coahuila y Durango. Este a\u00f1o fue durante todo abril, temporalidad que coincidi\u00f3 con la movilidad de Jorge Alejandro.<\/p>\n<p>\u201cEse curso es muy cotizado y tuve la fortuna de que me condonaran el pago, que es elevado. Me hicieron parte de su equipo, me tomaron como alumno y en autom\u00e1tico me fui. La experiencia fue muy buena porque en mi caso estudio la MCB pero no soy bi\u00f3logo, soy ingeniero qu\u00edmico, orgullosamente egresado de la UV, entonces ten\u00eda muchos paradigmas que romper en cuestiones biol\u00f3gicas.\u201d<\/p>\n<p>La Reserva de la Biosfera de Mapim\u00ed se le present\u00f3 a Jorge Alejandro \u201ccomo anillo al dedo\u201d para cumplir un requisito de la MCB, concerniente al trabajo de campo, la interacci\u00f3n con fauna y vegetaci\u00f3n y la recolecci\u00f3n de datos.<\/p>\n<p>\u201cFue lo mejor que me pudo haber pasado para complementar mi formaci\u00f3n y con este curso constat\u00e9 que no me equivoqu\u00e9 al postular para estudiar la MCB. Cuando llegamos a la reserva me dio temor, son temperaturas extremas, desierto, pastizales; me sorprendi\u00f3 que hay mucha fauna, nunca pens\u00e9 encontrar tanta en un desierto, hicimos pr\u00e1cticas con roedores, es incre\u00edble la cantidad de especies que existen.<\/p>\n<p>\u201dHay una muy caracter\u00edstica que es la rata canguro, tambi\u00e9n conoc\u00ed el famoso correcaminos; hicimos pr\u00e1ctica con tortugas; despu\u00e9s, nos fuimos con los venados, coyotes, vimos familias completas de pumas\u201d, relat\u00f3 emocionado.<\/p>\n<p>Algo m\u00e1s que le pareci\u00f3 incre\u00edble de su estancia en la Biosfera de Mapim\u00ed es que s\u00f3lo con GPS (Global Positioning System) es posible tener una orientaci\u00f3n, de lo contrario te pierdes. Por tal motivo, otro de los aprendizajes de Jorge fue el manejo de esa herramienta y de br\u00fajulas. \u201cFue una experiencia formadora, de mucha contribuci\u00f3n hacia la MCB y estoy feliz y encantado de poder compartir esto con mis compa\u00f1eros\u201d.<\/p>\n<p>Jorge remarc\u00f3 que para \u00e9l se trat\u00f3 de aprender una forma m\u00e1s de hacer ciencia, de recabar datos en campo, \u201cesa parte yo la conoc\u00eda mas no la hab\u00eda vivido de lleno y all\u00e1 hicimos mil y un pruebas con diferente fauna, medimos vegetaci\u00f3n y c\u00f3mo \u00e9sta interact\u00faa, sacamos densidades de fauna, coberturas vegetales, fue mucho en poco tiempo, y todo esto se lo debo al empuje que nos dan en la MCB de la UV y que en mi camino me cruc\u00e9 con Sonia Gallina y Alberto Gonz\u00e1lez\u201d.<\/p>\n<p>&nbsp;<\/p>\n<div id=\"attachment_50899\" style=\"width: 732px\" class=\"wp-caption aligncenter\"><a href=\"https:\/\/www.uv.mx\/prensa\/files\/2018\/07\/09072018-KARINA-Jorge-Alejandro-2.jpg\"><img aria-describedby=\"caption-attachment-50899\" decoding=\"async\" loading=\"lazy\" class=\"size-full wp-image-50899\" src=\"https:\/\/www.uv.mx\/prensa\/files\/2018\/07\/09072018-KARINA-Jorge-Alejandro-2.jpg\" alt=\"\" width=\"722\" height=\"542\" srcset=\"https:\/\/www.uv.mx\/prensa\/files\/2018\/07\/09072018-KARINA-Jorge-Alejandro-2.jpg 722w, https:\/\/www.uv.mx\/prensa\/files\/2018\/07\/09072018-KARINA-Jorge-Alejandro-2-300x225.jpg 300w\" sizes=\"(max-width: 722px) 100vw, 722px\" \/><\/a><p id=\"caption-attachment-50899\" class=\"wp-caption-text\">La Reserva de la Biosfera de Mapim\u00ed le cay\u00f3 a Jorge \u201ccomo anillo al dedo\u201d para complementar su formaci\u00f3n<\/p><\/div>\n","protected":false},"excerpt":{"rendered":"<p>El estudiante de la Maestr\u00eda en Ciencias Biol\u00f3gicas aconsej\u00f3 a los universitarios postularse para un posgrado cuyo campo de conocimiento sea diferente al de su licenciatura<\/p>\n","protected":false},"author":1869,"featured_media":50899,"comment_status":"closed","ping_status":"closed","sticky":false,"template":"","format":"standard","meta":[],"categories":[1],"tags":[],"_links":{"self":[{"href":"https:\/\/www.uv.mx\/prensa\/wp-json\/wp\/v2\/posts\/50892"}],"collection":[{"href":"https:\/\/www.uv.mx\/prensa\/wp-json\/wp\/v2\/posts"}],"about":[{"href":"https:\/\/www.uv.mx\/prensa\/wp-json\/wp\/v2\/types\/post"}],"author":[{"embeddable":true,"href":"https:\/\/www.uv.mx\/prensa\/wp-json\/wp\/v2\/users\/1869"}],"replies":[{"embeddable":true,"href":"https:\/\/www.uv.mx\/prensa\/wp-json\/wp\/v2\/comments?post=50892"}],"version-history":[{"count":0,"href":"https:\/\/www.uv.mx\/prensa\/wp-json\/wp\/v2\/posts\/50892\/revisions"}],"wp:featuredmedia":[{"embeddable":true,"href":"https:\/\/www.uv.mx\/prensa\/wp-json\/wp\/v2\/media\/50899"}],"wp:attachment":[{"href":"https:\/\/www.uv.mx\/prensa\/wp-json\/wp\/v2\/media?parent=50892"}],"wp:term":[{"taxonomy":"category","embeddable":true,"href":"https:\/\/www.uv.mx\/prensa\/wp-json\/wp\/v2\/categories?post=50892"},{"taxonomy":"post_tag","embeddable":true,"href":"https:\/\/www.uv.mx\/prensa\/wp-json\/wp\/v2\/tags?post=50892"}],"curies":[{"name":"wp","href":"https:\/\/api.w.org\/{rel}","templated":true}]}}