{"id":51060,"date":"2018-08-04T07:00:18","date_gmt":"2018-08-04T12:00:18","guid":{"rendered":"https:\/\/www.uv.mx\/prensa\/?p=51060"},"modified":"2018-08-06T13:28:00","modified_gmt":"2018-08-06T18:28:00","slug":"estudiante-de-posgrado-en-matematicas-publico-en-journal-of-function-spaces","status":"publish","type":"post","link":"https:\/\/www.uv.mx\/prensa\/general\/estudiante-de-posgrado-en-matematicas-publico-en-journal-of-function-spaces\/","title":{"rendered":"Estudiante de posgrado en Matem\u00e1ticas public\u00f3 en <em>Journal of Function Spaces<\/em>"},"content":{"rendered":"<ul>\n<li><em>La <\/em><em>revista cient\u00edfica <\/em><em>est\u00e1 considerada en el Top 10 del Journal Citation Reports<\/em><\/li>\n<li><em>Juan Rafael Acosta cursa el Doctorado en esta casa de estudios<\/em><\/li>\n<\/ul>\n<p>&nbsp;<\/p>\n<div id=\"attachment_51053\" style=\"width: 732px\" class=\"wp-caption aligncenter\"><a href=\"https:\/\/www.uv.mx\/prensa\/files\/2018\/08\/010818-PAOLA-Juan-Rafael-Acosta-1.jpg\"><img loading=\"lazy\" decoding=\"async\" aria-describedby=\"caption-attachment-51053\" class=\"size-full wp-image-51053\" src=\"https:\/\/www.uv.mx\/prensa\/files\/2018\/08\/010818-PAOLA-Juan-Rafael-Acosta-1.jpg\" alt=\"\" width=\"722\" height=\"482\" srcset=\"https:\/\/www.uv.mx\/prensa\/files\/2018\/08\/010818-PAOLA-Juan-Rafael-Acosta-1.jpg 722w, https:\/\/www.uv.mx\/prensa\/files\/2018\/08\/010818-PAOLA-Juan-Rafael-Acosta-1-300x200.jpg 300w\" sizes=\"auto, (max-width: 722px) 100vw, 722px\" \/><\/a><p id=\"caption-attachment-51053\" class=\"wp-caption-text\">Juan Rafael Acosta public\u00f3 un art\u00edculo en reconocida revista cient\u00edfica<\/p><\/div>\n<p>&nbsp;<\/p>\n<p><strong><em>Paola Cort\u00e9s P\u00e9rez<\/em><\/strong><\/p>\n<p><strong><em>04\/08\/18, Xalapa, Ver.-<\/em><\/strong> Juan Rafael Acosta Portilla, estudiante del Doctorado en Matem\u00e1ticas adscrito a la <a href=\"https:\/\/www.uv.mx\/matematicas\/\">Facultad de Matem\u00e1ticas<\/a> de la Universidad Veracruzana (UV), public\u00f3 un art\u00edculo en la revista <em>Journal of Function Spaces<\/em>, perteneciente al Top 10 del Journal Citation Reports (JCR).<\/p>\n<p>Carlos Alberto Hern\u00e1ndez Linares, coordinador de la maestr\u00eda adscrita a la misma facultad, dijo que Juan Rafael se distingui\u00f3 por ser uno de los estudiantes notables del posgrado. Gracias a ese compromiso actualmente cursa el Doctorado en Matem\u00e1ticas.<\/p>\n<p>Agreg\u00f3 que resultado de su buen desempe\u00f1o fue la pronta publicaci\u00f3n de un art\u00edculo en la revista <em>Journal of Function Spaces<\/em>, posterior a su egreso de la maestr\u00eda.<\/p>\n<p>\u201cEs poco com\u00fan que un estudiante reci\u00e9n egresado de un posgrado publique en una revista cient\u00edfica reconocida a nivel internacional, ya que generalmente puede tardarse m\u00e1s de cuatro a\u00f1os en publicar, as\u00ed que un estudiante puede hacerlo despu\u00e9s de que concluye sus estudios de doctorado.\u201d<\/p>\n<p>Asimismo, el acad\u00e9mico mencion\u00f3 que esto se debi\u00f3 a que los profesores gu\u00edan a los estudiantes sobre las L\u00edneas de Generaci\u00f3n y Aplicaci\u00f3n del Conocimiento, a fin de acercarlos a la frontera del conocimiento para abordar problemas interesantes para publicar, \u201ccon Rafael cumplimos bien nuestro objetivo\u201d.<\/p>\n<p>Juan Rafael Acosta reiter\u00f3 que pudo publicar de inmediato su art\u00edculo gracias a la formaci\u00f3n educativa que recibi\u00f3 en el posgrado, ya que constantemente ten\u00edan seminarios de investigaci\u00f3n, esto le ayud\u00f3 a \u00e9l y a sus compa\u00f1eros a enfocar sus trabajos.<\/p>\n<p>Tambi\u00e9n destac\u00f3 la disposici\u00f3n y el apoyo que brindaron los profesores a los estudiantes, a lo largo de su estad\u00eda en la maestr\u00eda.<\/p>\n<p>Sobre el art\u00edculo publicado en una revista perteneciente al Top 10 del JCR, el acad\u00e9mico Carlos Hern\u00e1ndez explic\u00f3 que el tema abordado es la Teor\u00eda del Punto Fijo, que en t\u00e9rminos matem\u00e1ticos es cuando una funci\u00f3n es evaluada en un punto fijo, es invariable, no se mueve.<\/p>\n<p>\u201cEsto se puede plantear en un contexto como son las ecuaciones, que pueden aparecer en ingenier\u00eda, biolog\u00eda, econom\u00eda u otra disciplina; por ejemplo, la soluci\u00f3n de una ecuaci\u00f3n es un punto fijo, el equilibrio del mercado es un punto fijo, la estabilidad de un sistema biol\u00f3gico es un punto fijo, entre otros.\u201d<\/p>\n<p>Juan Rafael coment\u00f3 que para ello debi\u00f3 estudiar y caracterizar una familia de funciones, con la propiedad de la expansividad. Fue un trabajo complicado, dado que la revisi\u00f3n del art\u00edculo es hecha por reconocidos investigadores en matem\u00e1ticas, quienes son muy estrictos al se\u00f1alar las correcciones.<\/p>\n<p>\u201cEs una satisfacci\u00f3n porque pude aplicar lo que estaba estudiando, tambi\u00e9n porque los resultados obtenidos son de nivel internacional, por eso estoy muy agradecido con la Universidad por la formaci\u00f3n de calidad que recib\u00ed.\u201d<\/p>\n<p>Con relaci\u00f3n a su estancia en la maestr\u00eda, dijo que estaba seguro que recibir\u00eda una educaci\u00f3n de calidad, ya que cuenta con profesores bien capacitados y con buena formaci\u00f3n, adem\u00e1s de ser una planta acad\u00e9mica muy joven y con muchas ganas de trabajar en beneficio de los estudiantes.<\/p>\n<p>\u201cLa Maestr\u00eda en Matem\u00e1ticas cumple con los est\u00e1ndares que hay a nivel nacional en los posgrados, incluso estudiar aqu\u00ed es mejor que hacerlo en el Centro de Investigaci\u00f3n y Estudios Avanzados (<em>Cinvestav<\/em>) o en la Universidad Nacional Aut\u00f3noma de M\u00e9xico, por la atenci\u00f3n y disposici\u00f3n que tienen los profesores.\u201d<\/p>\n<p>&nbsp;<\/p>\n<div id=\"attachment_51054\" style=\"width: 732px\" class=\"wp-caption aligncenter\"><a href=\"https:\/\/www.uv.mx\/prensa\/files\/2018\/08\/010818-PAOLA-Juan-Rafael-Acosta-2.jpg\"><img loading=\"lazy\" decoding=\"async\" aria-describedby=\"caption-attachment-51054\" class=\"size-full wp-image-51054\" src=\"https:\/\/www.uv.mx\/prensa\/files\/2018\/08\/010818-PAOLA-Juan-Rafael-Acosta-2.jpg\" alt=\"\" width=\"722\" height=\"483\" srcset=\"https:\/\/www.uv.mx\/prensa\/files\/2018\/08\/010818-PAOLA-Juan-Rafael-Acosta-2.jpg 722w, https:\/\/www.uv.mx\/prensa\/files\/2018\/08\/010818-PAOLA-Juan-Rafael-Acosta-2-300x201.jpg 300w\" sizes=\"auto, (max-width: 722px) 100vw, 722px\" \/><\/a><p id=\"caption-attachment-51054\" class=\"wp-caption-text\">Carlos Alberto Hern\u00e1ndez, coordinador de la Maestr\u00eda en Matem\u00e1ticas<\/p><\/div>\n","protected":false},"excerpt":{"rendered":"<p>Juan Rafael Acosta reiter\u00f3 que pudo publicar de inmediato su art\u00edculo gracias a la formaci\u00f3n educativa que recibi\u00f3 en la maestr\u00eda, ya que constantemente ten\u00edan seminarios de investigaci\u00f3n<\/p>\n","protected":false},"author":1869,"featured_media":51053,"comment_status":"closed","ping_status":"closed","sticky":false,"template":"","format":"standard","meta":{"footnotes":""},"categories":[1],"tags":[],"class_list":["post-51060","post","type-post","status-publish","format-standard","has-post-thumbnail","hentry","category-general"],"_links":{"self":[{"href":"https:\/\/www.uv.mx\/prensa\/wp-json\/wp\/v2\/posts\/51060","targetHints":{"allow":["GET"]}}],"collection":[{"href":"https:\/\/www.uv.mx\/prensa\/wp-json\/wp\/v2\/posts"}],"about":[{"href":"https:\/\/www.uv.mx\/prensa\/wp-json\/wp\/v2\/types\/post"}],"author":[{"embeddable":true,"href":"https:\/\/www.uv.mx\/prensa\/wp-json\/wp\/v2\/users\/1869"}],"replies":[{"embeddable":true,"href":"https:\/\/www.uv.mx\/prensa\/wp-json\/wp\/v2\/comments?post=51060"}],"version-history":[{"count":0,"href":"https:\/\/www.uv.mx\/prensa\/wp-json\/wp\/v2\/posts\/51060\/revisions"}],"wp:featuredmedia":[{"embeddable":true,"href":"https:\/\/www.uv.mx\/prensa\/wp-json\/wp\/v2\/media\/51053"}],"wp:attachment":[{"href":"https:\/\/www.uv.mx\/prensa\/wp-json\/wp\/v2\/media?parent=51060"}],"wp:term":[{"taxonomy":"category","embeddable":true,"href":"https:\/\/www.uv.mx\/prensa\/wp-json\/wp\/v2\/categories?post=51060"},{"taxonomy":"post_tag","embeddable":true,"href":"https:\/\/www.uv.mx\/prensa\/wp-json\/wp\/v2\/tags?post=51060"}],"curies":[{"name":"wp","href":"https:\/\/api.w.org\/{rel}","templated":true}]}}