{"id":51090,"date":"2018-08-03T17:39:18","date_gmt":"2018-08-03T22:39:18","guid":{"rendered":"https:\/\/www.uv.mx\/prensa\/?p=51090"},"modified":"2018-08-06T13:23:34","modified_gmt":"2018-08-06T18:23:34","slug":"miguel-cruz-trevino-asumio-direccion-de-la-facultad-de-trabajo-social","status":"publish","type":"post","link":"https:\/\/www.uv.mx\/prensa\/regiones\/poza-rica\/miguel-cruz-trevino-asumio-direccion-de-la-facultad-de-trabajo-social\/","title":{"rendered":"Miguel Cruz Trevi\u00f1o asumi\u00f3 direcci\u00f3n de la Facultad de Trabajo Social"},"content":{"rendered":"<p><em>\u2022 El vicerrector, Jos\u00e9 Luis Alan\u00eds M\u00e9ndez, en representaci\u00f3n de la rectora Sara Ladr\u00f3n de Guevara, tom\u00f3 la protesta de ley al nuevo director<\/em><\/p>\n<p>&nbsp;<\/p>\n<div id=\"attachment_51092\" style=\"width: 564px\" class=\"wp-caption aligncenter\"><a href=\"https:\/\/www.uv.mx\/prensa\/files\/2018\/08\/030818-POZA-RICA-director-TS-2.jpg\"><img loading=\"lazy\" decoding=\"async\" aria-describedby=\"caption-attachment-51092\" class=\"size-full wp-image-51092\" src=\"https:\/\/www.uv.mx\/prensa\/files\/2018\/08\/030818-POZA-RICA-director-TS-2.jpg\" alt=\"\" width=\"554\" height=\"722\" srcset=\"https:\/\/www.uv.mx\/prensa\/files\/2018\/08\/030818-POZA-RICA-director-TS-2.jpg 554w, https:\/\/www.uv.mx\/prensa\/files\/2018\/08\/030818-POZA-RICA-director-TS-2-230x300.jpg 230w\" sizes=\"auto, (max-width: 554px) 100vw, 554px\" \/><\/a><p id=\"caption-attachment-51092\" class=\"wp-caption-text\">El nuevo director asegur\u00f3 que trabajar\u00e1 con las puertas abiertas<\/p><\/div>\n<p>&nbsp;<\/p>\n<p><i><strong>03\/08\/18, Poza Rica, Ver.-<\/strong>\u00a0<\/i>Miguel \u00c1ngel Cruz Trevi\u00f1o asumi\u00f3 la direcci\u00f3n de la <a href=\"https:\/\/www.uv.mx\/pozarica\/trabajosocial\/\">Facultad de Trabajo Social<\/a> de la Universidad Veracruzana (UV) para el periodo 2018-2022, en sustituci\u00f3n de Noelia Pacheco Arenas.<\/p>\n<p>Jos\u00e9 Luis Mart\u00ednez Su\u00e1rez, director general del \u00c1rea Acad\u00e9mica de Humanidades, reconoci\u00f3 a quienes integraron la terna y pidi\u00f3 al nuevo director y a la comunidad de esta entidad dar continuidad al trabajo de colaboraci\u00f3n realizado por Noelia Pacheco.<\/p>\n<p>\u201cEstoy seguro que as\u00ed como pas\u00f3 con el Programa de Trabajo Estrat\u00e9gico 20113-2017 \u2018Tradici\u00f3n e innovaci\u00f3n\u2019 que le toc\u00f3 iniciar a Pacheco Arenas, ahora con el apoyo de la Vicerrector\u00eda el nuevo director dar\u00e1 forma a este otro lema que es \u2018Pertinencia y pertinencia\u2019.\u201d<\/p>\n<p>Invit\u00f3 a los acad\u00e9micos presentes a mantener la unidad y el mismo ritmo de trabajo de colaboraci\u00f3n para continuar con el Programa de Trabajo Estrat\u00e9gico 2017-2021.<\/p>\n<p>El vicerrector de la regi\u00f3n Poza Rica-Tuxpan, Jos\u00e9 Luis Alan\u00eds M\u00e9ndez, en representaci\u00f3n de la rectora Sara Ladr\u00f3n de Guevara, tom\u00f3 la protesta de ley al nuevo director, a quien pidi\u00f3 continuar el trabajo de su antecesora.<\/p>\n<p>Reconoci\u00f3 el trabajo realizado por Pacheco Arenas a lo largo de su permanencia en el cargo y dijo que los resultados alcanzados durante su gesti\u00f3n reflejan el apoyo de la comunidad acad\u00e9mica.<\/p>\n<p>Miguel \u00c1ngel Cruz asegur\u00f3 que asume este cargo con mucha responsabilidad y con las puertas abiertas para atender las necesidades de la comunidad universitaria, siempre apegado a los lineamientos, buscando la transparencia y fortaleciendo el trabajo de la Rectora.<\/p>\n<p>De igual manera, se comprometi\u00f3 a apuntalar los canales de comunicaci\u00f3n con los acad\u00e9micos, as\u00ed como a propiciar el trabajo colaborativo que permita alcanzar los objetivos, entre ellos la reacreditaci\u00f3n de este programa educativo.<\/p>\n<p>Por su parte, la directora saliente dio a conocer los logros obtenidos durante su gesti\u00f3n.<\/p>\n<p>En el evento tambi\u00e9n estuvo presente la secretaria Acad\u00e9mica regional, Aurora Galicia Badillo, adem\u00e1s de acad\u00e9micos de la Facultad.<\/p>\n<p>&nbsp;<\/p>\n<div id=\"attachment_51093\" style=\"width: 732px\" class=\"wp-caption aligncenter\"><a href=\"https:\/\/www.uv.mx\/prensa\/files\/2018\/08\/030818-POZA-RICA-director-TS.jpg\"><img loading=\"lazy\" decoding=\"async\" aria-describedby=\"caption-attachment-51093\" class=\"size-full wp-image-51093\" src=\"https:\/\/www.uv.mx\/prensa\/files\/2018\/08\/030818-POZA-RICA-director-TS.jpg\" alt=\"\" width=\"722\" height=\"386\" srcset=\"https:\/\/www.uv.mx\/prensa\/files\/2018\/08\/030818-POZA-RICA-director-TS.jpg 722w, https:\/\/www.uv.mx\/prensa\/files\/2018\/08\/030818-POZA-RICA-director-TS-300x160.jpg 300w\" sizes=\"auto, (max-width: 722px) 100vw, 722px\" \/><\/a><p id=\"caption-attachment-51093\" class=\"wp-caption-text\">Autoridades universitarias tomaron protesta a Miguel \u00c1ngel Cruz Trevi\u00f1o<\/p><\/div>\n","protected":false},"excerpt":{"rendered":"<p>El nuevo director fue elegido para el periodo 2018-2022 y asegur\u00f3 que su actuar ser\u00e1 \u201csiempre apegado a los lineamientos, buscando la transparencia y fortaleciendo el trabajo de la Rectora\u00bb<\/p>\n","protected":false},"author":1508,"featured_media":51091,"comment_status":"closed","ping_status":"closed","sticky":false,"template":"","format":"standard","meta":{"footnotes":""},"categories":[54,61],"tags":[],"class_list":["post-51090","post","type-post","status-publish","format-standard","has-post-thumbnail","hentry","category-poza-rica","category-banner"],"_links":{"self":[{"href":"https:\/\/www.uv.mx\/prensa\/wp-json\/wp\/v2\/posts\/51090","targetHints":{"allow":["GET"]}}],"collection":[{"href":"https:\/\/www.uv.mx\/prensa\/wp-json\/wp\/v2\/posts"}],"about":[{"href":"https:\/\/www.uv.mx\/prensa\/wp-json\/wp\/v2\/types\/post"}],"author":[{"embeddable":true,"href":"https:\/\/www.uv.mx\/prensa\/wp-json\/wp\/v2\/users\/1508"}],"replies":[{"embeddable":true,"href":"https:\/\/www.uv.mx\/prensa\/wp-json\/wp\/v2\/comments?post=51090"}],"version-history":[{"count":0,"href":"https:\/\/www.uv.mx\/prensa\/wp-json\/wp\/v2\/posts\/51090\/revisions"}],"wp:featuredmedia":[{"embeddable":true,"href":"https:\/\/www.uv.mx\/prensa\/wp-json\/wp\/v2\/media\/51091"}],"wp:attachment":[{"href":"https:\/\/www.uv.mx\/prensa\/wp-json\/wp\/v2\/media?parent=51090"}],"wp:term":[{"taxonomy":"category","embeddable":true,"href":"https:\/\/www.uv.mx\/prensa\/wp-json\/wp\/v2\/categories?post=51090"},{"taxonomy":"post_tag","embeddable":true,"href":"https:\/\/www.uv.mx\/prensa\/wp-json\/wp\/v2\/tags?post=51090"}],"curies":[{"name":"wp","href":"https:\/\/api.w.org\/{rel}","templated":true}]}}