{"id":51725,"date":"2018-08-16T09:49:13","date_gmt":"2018-08-16T14:49:13","guid":{"rendered":"https:\/\/www.uv.mx\/prensa\/?p=51725"},"modified":"2021-11-22T10:20:15","modified_gmt":"2021-11-22T16:20:15","slug":"alumnos-de-qfb-organizan-2do-simposio-de-ciencias-farmaceuticas","status":"publish","type":"post","link":"https:\/\/www.uv.mx\/prensa\/general\/alumnos-de-qfb-organizan-2do-simposio-de-ciencias-farmaceuticas\/","title":{"rendered":"Alumnos de QFB organizan 2do Simposio de Ciencias Farmac\u00e9uticas"},"content":{"rendered":"<ul>\n<li><em>Se realizar\u00e1 el viernes 24 de agosto, en el auditorio de la Facultad de Arquitectura<\/em><\/li>\n<li><em>Los organizadores son representes estudiantiles de la Asociaci\u00f3n Farmac\u00e9utica Mexicana (AFM)<\/em><\/li>\n<\/ul>\n<div id=\"attachment_51726\" style=\"width: 732px\" class=\"wp-caption aligncenter\"><a href=\"https:\/\/www.uv.mx\/prensa\/files\/2018\/08\/160818-GENERAL-Simposio-QFB-100k.jpg\"><img aria-describedby=\"caption-attachment-51726\" decoding=\"async\" loading=\"lazy\" class=\"size-full wp-image-51726\" src=\"https:\/\/www.uv.mx\/prensa\/files\/2018\/08\/160818-GENERAL-Simposio-QFB-100k.jpg\" alt=\"\" width=\"722\" height=\"383\" srcset=\"https:\/\/www.uv.mx\/prensa\/files\/2018\/08\/160818-GENERAL-Simposio-QFB-100k.jpg 722w, https:\/\/www.uv.mx\/prensa\/files\/2018\/08\/160818-GENERAL-Simposio-QFB-100k-300x159.jpg 300w\" sizes=\"(max-width: 722px) 100vw, 722px\" \/><\/a><p id=\"caption-attachment-51726\" class=\"wp-caption-text\">Integrantes de la Representaci\u00f3n Estudiantil Xalapa de la Asociaci\u00f3n Farmac\u00e9utica Mexicana<\/p><\/div>\n<p><strong><em>Claudia Peralta V\u00e1zquez<\/em><\/strong><\/p>\n<p><strong><em>16\/08\/18, Xalapa, Ver.- <\/em><\/strong>Estudiantes de la<a href=\"https:\/\/www.uv.mx\/qfb\/\"> Facultad de Qu\u00edmica Farmac\u00e9utica Biol\u00f3gica<\/a> (QFB) de la Universidad Veracruzana (UV) invitan a la comunidad universitaria de esta entidad acad\u00e9mica al 2do Simposio de Ciencias Farmac\u00e9uticas, el cual se realizar\u00e1 el viernes 24 de agosto en el Auditorio de la Facultad de Arquitectura.<\/p>\n<p>Los j\u00f3venes, tambi\u00e9n miembros de la representaci\u00f3n estudiantil de la Asociaci\u00f3n Farmac\u00e9utica Mexicana (AFM), quienes cursan desde el quinto hasta el octavo semestre de este programa educativo (PE), resaltaron la importancia de la segunda edici\u00f3n de este foro al que asistir\u00e1n reconocidos ponentes del \u00e1rea farmac\u00e9utica a nivel nacional.<\/p>\n<p>Luis Orlando Garc\u00eda Ju\u00e1rez destac\u00f3 el gran inter\u00e9s de los alumnos de esta carrera por desarrollar investigaci\u00f3n, acci\u00f3n constantemente motivada por los docentes y acad\u00e9micos de QFB.<\/p>\n<p>Gracias a este aprendizaje tambi\u00e9n han conocido las diversas herramientas de las que puede valerse un profesional de esta \u00e1rea, las cuales les permiten avanzar y abrirse camino en el campo de la investigaci\u00f3n.<\/p>\n<p>\u201cEs por ello que como integrantes de la AFM tenemos el deber de dar a conocer las ciencias farmac\u00e9uticas. Si pensamos en esos \u00e1mbitos en los que nos podemos desarrollar, no s\u00f3lo tenemos la oportunidad de inspirar a nuestros iguales, sino tambi\u00e9n hablar del qu\u00edmico farmac\u00e9utico biol\u00f3gico como un profesionista multidisciplinario y con muchas herramientas a favor.\u201d<\/p>\n<p>Acot\u00f3 que tal vez no son bi\u00f3logos ni farmac\u00e9uticos completamente, tampoco qu\u00edmicos, pero siempre en estas tres \u00e1reas se pueden desarrollar.<\/p>\n<p>Indic\u00f3 que la AFM peri\u00f3dicamente desarrolla eventos nacionales de gran inter\u00e9s como las Jornadas Farmac\u00e9uticas del Valle de M\u00e9xico, donde participan integrantes de las secciones estudiantiles de la UV, del Instituto Polit\u00e9cnico Nacional (IPN), Universidad Nacional Aut\u00f3noma de M\u00e9xico (UNAM), Universidad Aut\u00f3noma Metropolitana (UAM), entre otras instituciones.<\/p>\n<p>Erik Aldair Caballero Sangabriel se\u00f1al\u00f3 que desde hace dos a\u00f1os retomaron la idea de pertenecer a la AFM, organismo fundado en 1966. Por lo tanto, nuevamente formaron una mesa directiva integrada por 15 estudiantes de diversos semestres del PE.<\/p>\n<p>A su vez, esta agrupaci\u00f3n se compone de cinco subcoordinaciones y las coordinaciones general y acad\u00e9mica.<\/p>\n<p>Jos\u00e9 Iv\u00e1n Hern\u00e1ndez Salazar coment\u00f3 que este foro est\u00e1 dirigido principalmente a estudiantes de semestres superiores y de nuevo ingreso de QFB, con el fin de que conozcan las posibilidades laborales y acad\u00e9micas que tienen como farmac\u00e9uticos.<\/p>\n<p>\u201cIncluso en los \u00faltimos semestres cursamos experiencias educativas (EE) relacionadas con farmacia hospitalaria.\u201d<\/p>\n<p>Pero adem\u00e1s de un hospital, tambi\u00e9n pueden desempe\u00f1arse en los \u00e1mbitos de industria, investigaci\u00f3n, \u00e1rea t\u00e9cnica y farmacia.<\/p>\n<p>El resto de los integrantes que participaron en la entrevista son: Francisco Emmanuel Garc\u00eda Medina, Juan Manuel Casta\u00f1eda Morales, Jos\u00e9 Manuel Vela Barrera y Marconi Vladimir P\u00e9rez D\u00edaz, quienes subrayaron la intervenci\u00f3n de reconocidos ponentes en el \u00e1rea cosmetol\u00f3gica y miembros de la AFM para dar a conocer la innovaci\u00f3n actual.<\/p>\n<p>El evento inicia a las 8:30 horas con la ponencia \u201cEl papel del QFB en el \u00e1rea cosm\u00e9tica\u201d, a cargo de Julia Jazm\u00edn Morales Jim\u00e9nez, del Laboratorio Cl\u00ednico \u00c1ngeles; a las 9:20 horas, Zo\u00e9 Mar\u00eda C\u00f3rdoba Tapia, del Hospital \u00c1ngeles de Xalapa, impartir\u00e1 el tema \u201cBio\u00e9tica y farmacia\u201d.<\/p>\n<p>\u201cUso de estrategias supramoleculares para la modificaci\u00f3n f\u00edsicoqu\u00edmica y biofarmac\u00e9utica de f\u00e1rmacos de la clase II de SCB\u201d, es la conferencia de las 10:10 horas, a cargo de Karina Mondrag\u00f3n V\u00e1squez, de la Facultad de Bioan\u00e1lisis regi\u00f3n Veracruz.<\/p>\n<p>A las 11:15 horas, Rosa Virginia Garc\u00eda Rodr\u00edguez, de la Unidad de Servicios de Apoyo en Resoluci\u00f3n Anal\u00edtica (SARA), hablar\u00e1 sobre \u201cEvaluaci\u00f3n de la actividad anti-inflamatoria de plantas medicinales del estado de Veracruz.<\/p>\n<p>En punto de las 12:05 horas, Enrique Amador Gonz\u00e1lez, de la Facultad de Qu\u00edmica de la UNAM, expondr\u00e1 \u201cSistemas osm\u00f3ticos para la liberaci\u00f3n modificada de f\u00e1rmacos\u201d.<\/p>\n<p>A las 13:00 horas, Carmen Giral Barn\u00e9s, consejera ex presidente del Consejo Mexicano para la Acreditaci\u00f3n de la Educaci\u00f3n Farmac\u00e9utica, A.C., (<em>Comaef<\/em>), dictar\u00e1 la conferencia \u201cPresentaci\u00f3n del C\u00f3dice de la Cruz Badiano\u201d.<\/p>\n<p>Posteriormente, a las 16:20 horas, Roberto Hern\u00e1ndez Baizabal, responsable sanitario del Almac\u00e9n Delegacional IMSS Veracruz-Norte, hablar\u00e1 sobre \u201cParticipaci\u00f3n y desarrollo de los qu\u00edmicos farmac\u00e9uticos bi\u00f3logos en las instituciones p\u00fablicas\u201d.<\/p>\n<p>Enseguida, a las 17:10 horas, Alfonso Trujillo Valdivia, secretario Acad\u00e9mico de la Divisi\u00f3n de Ciencias Naturales y Exactas de la Universidad de Guanajuato, abordar\u00e1 el tema \u201cFiltro solar a base de prop\u00f3leo\u201d.<\/p>\n","protected":false},"excerpt":{"rendered":"<p>Ser\u00e1 el 24 de agosto; participar\u00e1n especialistas de la Facultad de Bioan\u00e1lisis regi\u00f3n Veracruz, Unidad SARA, la UNAM y el <em>Comaef<\/em><\/p>\n","protected":false},"author":1775,"featured_media":51726,"comment_status":"closed","ping_status":"closed","sticky":false,"template":"","format":"standard","meta":[],"categories":[1],"tags":[5506,5505,5504,4163,559,3434,136,5503],"_links":{"self":[{"href":"https:\/\/www.uv.mx\/prensa\/wp-json\/wp\/v2\/posts\/51725"}],"collection":[{"href":"https:\/\/www.uv.mx\/prensa\/wp-json\/wp\/v2\/posts"}],"about":[{"href":"https:\/\/www.uv.mx\/prensa\/wp-json\/wp\/v2\/types\/post"}],"author":[{"embeddable":true,"href":"https:\/\/www.uv.mx\/prensa\/wp-json\/wp\/v2\/users\/1775"}],"replies":[{"embeddable":true,"href":"https:\/\/www.uv.mx\/prensa\/wp-json\/wp\/v2\/comments?post=51725"}],"version-history":[{"count":1,"href":"https:\/\/www.uv.mx\/prensa\/wp-json\/wp\/v2\/posts\/51725\/revisions"}],"predecessor-version":[{"id":105795,"href":"https:\/\/www.uv.mx\/prensa\/wp-json\/wp\/v2\/posts\/51725\/revisions\/105795"}],"wp:featuredmedia":[{"embeddable":true,"href":"https:\/\/www.uv.mx\/prensa\/wp-json\/wp\/v2\/media\/51726"}],"wp:attachment":[{"href":"https:\/\/www.uv.mx\/prensa\/wp-json\/wp\/v2\/media?parent=51725"}],"wp:term":[{"taxonomy":"category","embeddable":true,"href":"https:\/\/www.uv.mx\/prensa\/wp-json\/wp\/v2\/categories?post=51725"},{"taxonomy":"post_tag","embeddable":true,"href":"https:\/\/www.uv.mx\/prensa\/wp-json\/wp\/v2\/tags?post=51725"}],"curies":[{"name":"wp","href":"https:\/\/api.w.org\/{rel}","templated":true}]}}