{"id":51756,"date":"2018-08-16T12:18:55","date_gmt":"2018-08-16T17:18:55","guid":{"rendered":"https:\/\/www.uv.mx\/prensa\/?p=51756"},"modified":"2018-08-16T12:18:55","modified_gmt":"2018-08-16T17:18:55","slug":"cires-impartio-curso-sobre-drones","status":"publish","type":"post","link":"https:\/\/www.uv.mx\/prensa\/regiones\/cires-impartio-curso-sobre-drones\/","title":{"rendered":"CIRES imparti\u00f3 curso sobre drones"},"content":{"rendered":"<ul>\n<li><em>Estudiantes de la regi\u00f3n Coatzacoalcos aprendieron a hacer un plan de vuelo, procesar las im\u00e1genes, obtener par\u00e1metros e interpretarlos<\/em><\/li>\n<\/ul>\n<p>&nbsp;<\/p>\n<div id=\"attachment_51767\" style=\"width: 732px\" class=\"wp-caption aligncenter\"><a href=\"https:\/\/www.uv.mx\/prensa\/files\/2018\/08\/160818-COATZACOALCOS-Drone1.jpg\"><img aria-describedby=\"caption-attachment-51767\" decoding=\"async\" loading=\"lazy\" class=\"size-full wp-image-51767\" src=\"https:\/\/www.uv.mx\/prensa\/files\/2018\/08\/160818-COATZACOALCOS-Drone1.jpg\" alt=\"\" width=\"722\" height=\"481\" srcset=\"https:\/\/www.uv.mx\/prensa\/files\/2018\/08\/160818-COATZACOALCOS-Drone1.jpg 722w, https:\/\/www.uv.mx\/prensa\/files\/2018\/08\/160818-COATZACOALCOS-Drone1-300x200.jpg 300w\" sizes=\"(max-width: 722px) 100vw, 722px\" \/><\/a><p id=\"caption-attachment-51767\" class=\"wp-caption-text\">El drone es una herramienta aplicable en el \u00e1mbito acad\u00e9mico, la industria y los servicios<\/p><\/div>\n<p>&nbsp;<\/p>\n<p><strong><em>Cecilia Escribano Reyes<\/em><\/strong><\/p>\n<p><strong><em>16\/08\/18, Coatzacoalcos, Ver.-<\/em><\/strong> El Centro de Investigaci\u00f3n en Recursos Energ\u00e9ticos y Sustentables (CIRES) de la regi\u00f3n Coatzacoalcos-Minatitl\u00e1n de la Universidad Veracruzana (UV) imparti\u00f3 el curso \u201cIntroducci\u00f3n a la tecnolog\u00eda drone en la industria y servicios\u201d, el jueves 9 de agosto.<\/p>\n<p>Dar\u00edo Colorado Garrido, coordinador del CIRES, dio la bienvenida a los asistentes y present\u00f3 a los instructores del curso, Gerardo Alcal\u00e1 Perea, investigador del CIRES, y \u00c1lvaro Ruiz, director de la empresa Coatza Drone.<\/p>\n<p>Gerardo Alcal\u00e1 manifest\u00f3 que la oferta del curso estuvo dise\u00f1ada para distintas \u00e1reas profesionales como ingenier\u00eda civil, topograf\u00eda, miner\u00eda, arqueolog\u00eda, arquitectura, geograf\u00eda, entre otras. \u201cEsta herramienta es \u00fatil y pr\u00e1ctica para cumplir distintos objetivos, no s\u00f3lo era procesamiento de im\u00e1genes sino interpretar y adquirir informaci\u00f3n relevante\u201d, explic\u00f3.<\/p>\n<p>Enfatiz\u00f3 que los estudiantes aprendieron a hacer un plan de vuelo, procesar las im\u00e1genes, meter los par\u00e1metros correctos e interpretarlos.<\/p>\n<p>Por su parte, \u00c1lvaro Ruiz expres\u00f3 que la empresa Coatza Drone se caracteriza por ofrecer servicios en la industria, capacitaciones y servicios a empresas privadas de los sector minero, energ\u00e9tico, agr\u00edcola, etc\u00e9tera.<\/p>\n<p>Alcal\u00e1 Perea, expres\u00f3 que nueve alumnos tomaron el curso, que se dise\u00f1\u00f3 \u201cde forma especializada para que aprendieran a usar tecnolog\u00eda de punta\u201d; enfatiz\u00f3 que el drone es una herramienta aplicable para fines acad\u00e9micos, industria y servicios. \u201cLos alumnos aprendieron elementos que apoyar\u00e1n el trabajo de ingenier\u00eda civil, arqueolog\u00eda, topograf\u00eda, manejo de sistemas ambientales, es muy amplio\u201d, coment\u00f3.<\/p>\n<p>El instructor recalc\u00f3 que \u201cse espera que los asistentes queden satisfechos con el curso y contin\u00faen especializ\u00e1ndose, que tengan una noci\u00f3n de qu\u00e9 es un drone, hayan aprendido a hacer un plan de vuelo, generen procesamientos \u00f3ptimos para el tipo de productos que deseen\u201d.<\/p>\n<p>El curso se dividi\u00f3 en tres fases: introducci\u00f3n; pr\u00e1ctica, donde aprendieron a generar las instrucciones para el drone, y procesamiento de la informaci\u00f3n; adem\u00e1s de un levantamiento real con el <em>software<\/em> Pix4D, el cual es el m\u00e1s usado en esta tecnolog\u00eda por ser estable.<\/p>\n<p>&nbsp;<\/p>\n<div id=\"attachment_51770\" style=\"width: 732px\" class=\"wp-caption aligncenter\"><a href=\"https:\/\/www.uv.mx\/prensa\/files\/2018\/08\/160818-COATZACOALCOS-Drone2.jpg\"><img aria-describedby=\"caption-attachment-51770\" decoding=\"async\" loading=\"lazy\" class=\"size-full wp-image-51770\" src=\"https:\/\/www.uv.mx\/prensa\/files\/2018\/08\/160818-COATZACOALCOS-Drone2.jpg\" alt=\"\" width=\"722\" height=\"481\" srcset=\"https:\/\/www.uv.mx\/prensa\/files\/2018\/08\/160818-COATZACOALCOS-Drone2.jpg 722w, https:\/\/www.uv.mx\/prensa\/files\/2018\/08\/160818-COATZACOALCOS-Drone2-300x200.jpg 300w\" sizes=\"(max-width: 722px) 100vw, 722px\" \/><\/a><p id=\"caption-attachment-51770\" class=\"wp-caption-text\">Instructores del curso<\/p><\/div>\n","protected":false},"excerpt":{"rendered":"<p>Estudiantes de la regi\u00f3n Coatzacoalcos aprendieron a hacer un plan de vuelo, procesar las im\u00e1genes, obtener par\u00e1metros e interpretarlos<\/p>\n","protected":false},"author":1869,"featured_media":51767,"comment_status":"closed","ping_status":"closed","sticky":false,"template":"","format":"standard","meta":[],"categories":[52,32],"tags":[],"_links":{"self":[{"href":"https:\/\/www.uv.mx\/prensa\/wp-json\/wp\/v2\/posts\/51756"}],"collection":[{"href":"https:\/\/www.uv.mx\/prensa\/wp-json\/wp\/v2\/posts"}],"about":[{"href":"https:\/\/www.uv.mx\/prensa\/wp-json\/wp\/v2\/types\/post"}],"author":[{"embeddable":true,"href":"https:\/\/www.uv.mx\/prensa\/wp-json\/wp\/v2\/users\/1869"}],"replies":[{"embeddable":true,"href":"https:\/\/www.uv.mx\/prensa\/wp-json\/wp\/v2\/comments?post=51756"}],"version-history":[{"count":0,"href":"https:\/\/www.uv.mx\/prensa\/wp-json\/wp\/v2\/posts\/51756\/revisions"}],"wp:featuredmedia":[{"embeddable":true,"href":"https:\/\/www.uv.mx\/prensa\/wp-json\/wp\/v2\/media\/51767"}],"wp:attachment":[{"href":"https:\/\/www.uv.mx\/prensa\/wp-json\/wp\/v2\/media?parent=51756"}],"wp:term":[{"taxonomy":"category","embeddable":true,"href":"https:\/\/www.uv.mx\/prensa\/wp-json\/wp\/v2\/categories?post=51756"},{"taxonomy":"post_tag","embeddable":true,"href":"https:\/\/www.uv.mx\/prensa\/wp-json\/wp\/v2\/tags?post=51756"}],"curies":[{"name":"wp","href":"https:\/\/api.w.org\/{rel}","templated":true}]}}