{"id":51757,"date":"2018-08-17T09:00:04","date_gmt":"2018-08-17T14:00:04","guid":{"rendered":"https:\/\/www.uv.mx\/prensa\/?p=51757"},"modified":"2018-08-17T10:32:54","modified_gmt":"2018-08-17T15:32:54","slug":"pedagogia-y-ses-unam-imparten-seminario-sobre-movimientos-estudiantiles","status":"publish","type":"post","link":"https:\/\/www.uv.mx\/prensa\/general\/pedagogia-y-ses-unam-imparten-seminario-sobre-movimientos-estudiantiles\/","title":{"rendered":"Pedagog\u00eda y SES-UNAM imparten seminario sobre movimientos estudiantiles"},"content":{"rendered":"<ul>\n<li><em>Inici\u00f3 el viernes 10 de agosto, en las instalaciones de la Facultad<\/em><\/li>\n<li><em>El objetivo es analizar y reflexionar los movimientos estudiantiles que han tenido lugar en el pa\u00eds en los \u00faltimos 100 a\u00f1os<\/em><\/li>\n<\/ul>\n<p>&nbsp;<\/p>\n<div id=\"attachment_51781\" style=\"width: 732px\" class=\"wp-caption aligncenter\"><a href=\"https:\/\/www.uv.mx\/prensa\/files\/2018\/08\/170818-RELEVANTES-Movimientos-estudiantiles-1.jpg\"><img aria-describedby=\"caption-attachment-51781\" decoding=\"async\" loading=\"lazy\" class=\"size-full wp-image-51781\" src=\"https:\/\/www.uv.mx\/prensa\/files\/2018\/08\/170818-RELEVANTES-Movimientos-estudiantiles-1.jpg\" alt=\"\" width=\"722\" height=\"482\" srcset=\"https:\/\/www.uv.mx\/prensa\/files\/2018\/08\/170818-RELEVANTES-Movimientos-estudiantiles-1.jpg 722w, https:\/\/www.uv.mx\/prensa\/files\/2018\/08\/170818-RELEVANTES-Movimientos-estudiantiles-1-300x200.jpg 300w\" sizes=\"(max-width: 722px) 100vw, 722px\" \/><\/a><p id=\"caption-attachment-51781\" class=\"wp-caption-text\">Martha Elba Ruiz, coordinadora del seminario<\/p><\/div>\n<p><strong><em>\u00a0<\/em><\/strong><\/p>\n<p><strong><em>Paola Cort\u00e9s P\u00e9rez<\/em><\/strong><\/p>\n<p><strong><em>17\/08\/18, Xalapa, Ver.-<\/em><\/strong> La <a href=\"https:\/\/www.uv.mx\/pedagogia\/\">Facultad de Pedagog\u00eda de la Universidad Veracruzana<\/a> (UV) en colaboraci\u00f3n con el Seminario de Educaci\u00f3n Superior (SES) de la Universidad Nacional Aut\u00f3noma de M\u00e9xico (UNAM) imparten el Seminario \u201cUn siglo de movimientos estudiantiles\u201d.<\/p>\n<p>La actividad fue inaugurada el viernes 10 de agosto en las instalaciones de la entidad acad\u00e9mica y al respecto, Maribel Dom\u00ednguez Basurto, directora de la Facultad, coment\u00f3 que el objetivo de este ejercicio es brindar a los participantes una visi\u00f3n amplia sobre los movimientos estudiantiles, a trav\u00e9s del an\u00e1lisis y reflexi\u00f3n de los aspectos hist\u00f3ricos, pol\u00edticos, sociales y culturales.<\/p>\n<p>Resalt\u00f3 que Pedagog\u00eda es sede del seminario en esta regi\u00f3n del pa\u00eds, lo que habla del inter\u00e9s de la entidad por impartir cursos, diplomados, seminarios y dem\u00e1s actividades acad\u00e9micas, que tendr\u00e1n repercusi\u00f3n directa en la formaci\u00f3n de los estudiantes.<\/p>\n<p>Martha Elba Ruiz Libreros, coordinadora del cuerpo acad\u00e9mico (CA) Estudios de Complejidad, Sustentabilidad e Innovaci\u00f3n en la Docencia, explic\u00f3 que desde hace m\u00e1s de un a\u00f1o establecieron v\u00ednculos de colaboraci\u00f3n con el SES, a fin de generar procesos de an\u00e1lisis y reflexi\u00f3n sobre temas relevantes.<\/p>\n<p>\u201cGracias a este v\u00ednculo hemos podido traer a la Universidad, a trav\u00e9s del CA, este seminario que nos permite compartir experiencias tem\u00e1ticas acordes al siglo XXI.\u201d<\/p>\n<p>Por ejemplo, record\u00f3 que el a\u00f1o pasado el tema fue la educaci\u00f3n comparada y este a\u00f1o, el comit\u00e9 directivo del seminario decidi\u00f3 reflexionar sobre los movimientos estudiantiles en M\u00e9xico, que cumplen 100 a\u00f1os de iniciados.<\/p>\n<p>Detall\u00f3 que el formato es a distancia por medio del sistema de videoconferencias; tiene una duraci\u00f3n de 10 sesiones, impartidas los viernes de 16:00 a 20:00 horas, y lo positivo es que pueden asistir acad\u00e9micos, investigadores y estudiantes no s\u00f3lo de la UV, tambi\u00e9n de otras instituciones educativas.<\/p>\n<p>\u201cAs\u00ed como nosotros nos enlazamos por medio del sistema de videoconferencias, tambi\u00e9n lo tienen con m\u00e1s de 15 universidades nacionales e internacionales.\u201d<\/p>\n<p>En esta edici\u00f3n se registraron 22 asistentes provenientes de diversas instituciones como la Benem\u00e9rita Escuela Normal Veracruzana \u201cEnrique C. R\u00e9bsamen\u201d, de la Subdirecci\u00f3n de Telebachillerato de la Secretar\u00eda de Educaci\u00f3n de Veracruz, as\u00ed como institutos de la Universidad.<\/p>\n<p>\u201cEsto nos ha permitido proyectar a la Facultad, establecer v\u00ednculos con otras instituciones, y sobre todo fortalecer nuestra formaci\u00f3n y la de nuestros estudiantes.\u201d<\/p>\n<p>&nbsp;<\/p>\n<div id=\"attachment_51777\" style=\"width: 732px\" class=\"wp-caption aligncenter\"><a href=\"https:\/\/www.uv.mx\/prensa\/files\/2018\/08\/170818-RELEVANTES-Movimientos-estudiantiles-2.jpg\"><img aria-describedby=\"caption-attachment-51777\" decoding=\"async\" loading=\"lazy\" class=\"size-full wp-image-51777\" src=\"https:\/\/www.uv.mx\/prensa\/files\/2018\/08\/170818-RELEVANTES-Movimientos-estudiantiles-2.jpg\" alt=\"\" width=\"722\" height=\"482\" srcset=\"https:\/\/www.uv.mx\/prensa\/files\/2018\/08\/170818-RELEVANTES-Movimientos-estudiantiles-2.jpg 722w, https:\/\/www.uv.mx\/prensa\/files\/2018\/08\/170818-RELEVANTES-Movimientos-estudiantiles-2-300x200.jpg 300w\" sizes=\"(max-width: 722px) 100vw, 722px\" \/><\/a><p id=\"caption-attachment-51777\" class=\"wp-caption-text\">Maribel Dom\u00ednguez, directora de la Facultad<\/p><\/div>\n","protected":false},"excerpt":{"rendered":"<p>El objetivo es brindar a los participantes una visi\u00f3n amplia sobre estos eventos, a trav\u00e9s del an\u00e1lisis y reflexi\u00f3n de sus aspectos hist\u00f3ricos, pol\u00edticos, sociales y culturales<\/p>\n","protected":false},"author":1869,"featured_media":51781,"comment_status":"closed","ping_status":"closed","sticky":false,"template":"","format":"standard","meta":[],"categories":[1],"tags":[],"_links":{"self":[{"href":"https:\/\/www.uv.mx\/prensa\/wp-json\/wp\/v2\/posts\/51757"}],"collection":[{"href":"https:\/\/www.uv.mx\/prensa\/wp-json\/wp\/v2\/posts"}],"about":[{"href":"https:\/\/www.uv.mx\/prensa\/wp-json\/wp\/v2\/types\/post"}],"author":[{"embeddable":true,"href":"https:\/\/www.uv.mx\/prensa\/wp-json\/wp\/v2\/users\/1869"}],"replies":[{"embeddable":true,"href":"https:\/\/www.uv.mx\/prensa\/wp-json\/wp\/v2\/comments?post=51757"}],"version-history":[{"count":0,"href":"https:\/\/www.uv.mx\/prensa\/wp-json\/wp\/v2\/posts\/51757\/revisions"}],"wp:featuredmedia":[{"embeddable":true,"href":"https:\/\/www.uv.mx\/prensa\/wp-json\/wp\/v2\/media\/51781"}],"wp:attachment":[{"href":"https:\/\/www.uv.mx\/prensa\/wp-json\/wp\/v2\/media?parent=51757"}],"wp:term":[{"taxonomy":"category","embeddable":true,"href":"https:\/\/www.uv.mx\/prensa\/wp-json\/wp\/v2\/categories?post=51757"},{"taxonomy":"post_tag","embeddable":true,"href":"https:\/\/www.uv.mx\/prensa\/wp-json\/wp\/v2\/tags?post=51757"}],"curies":[{"name":"wp","href":"https:\/\/api.w.org\/{rel}","templated":true}]}}