{"id":51758,"date":"2018-08-17T09:00:05","date_gmt":"2018-08-17T14:00:05","guid":{"rendered":"https:\/\/www.uv.mx\/prensa\/?p=51758"},"modified":"2018-08-17T10:31:38","modified_gmt":"2018-08-17T15:31:38","slug":"catedra-jose-marti-dedicada-a-la-literatura-peruana","status":"publish","type":"post","link":"https:\/\/www.uv.mx\/prensa\/banner\/catedra-jose-marti-dedicada-a-la-literatura-peruana\/","title":{"rendered":"C\u00e1tedra \u201cJos\u00e9 Mart\u00ed\u201d, dedicada a la literatura peruana"},"content":{"rendered":"<ul>\n<li><em>Se impartir\u00e1 en las cinco regiones universitarias de forma gratuita; mayor informaci\u00f3n en <\/em><a href=\"https:\/\/www.uv.mx\/jose-marti\/\"><em>uv.mx\/jose-marti\/<\/em><\/a><\/li>\n<\/ul>\n<p>&nbsp;<\/p>\n<div id=\"attachment_51775\" style=\"width: 732px\" class=\"wp-caption aligncenter\"><a href=\"https:\/\/www.uv.mx\/prensa\/files\/2018\/08\/170818-PRINCIPALES-Y-BANNER-UV-Jose-Marti.jpg\"><img aria-describedby=\"caption-attachment-51775\" decoding=\"async\" loading=\"lazy\" class=\"wp-image-51775 size-full\" src=\"https:\/\/www.uv.mx\/prensa\/files\/2018\/08\/170818-PRINCIPALES-Y-BANNER-UV-Jose-Marti.jpg\" alt=\"\" width=\"722\" height=\"481\" srcset=\"https:\/\/www.uv.mx\/prensa\/files\/2018\/08\/170818-PRINCIPALES-Y-BANNER-UV-Jose-Marti.jpg 722w, https:\/\/www.uv.mx\/prensa\/files\/2018\/08\/170818-PRINCIPALES-Y-BANNER-UV-Jose-Marti-300x200.jpg 300w\" sizes=\"(max-width: 722px) 100vw, 722px\" \/><\/a><p id=\"caption-attachment-51775\" class=\"wp-caption-text\">Rodrigo Garc\u00eda de la Sienra dio los detalles sobre la C\u00e1tedra \u201cJos\u00e9 Mart\u00ed\u201d a celebrarse a partir del 3 de septiembre en la USBI<\/p><\/div>\n<p><strong><em>\u00a0<\/em><\/strong><\/p>\n<p><strong><em>David Sandoval Rodr\u00edguez<\/em><\/strong><\/p>\n<p><strong><em>17\/08\/18, Xalapa, Ver.-<\/em><\/strong> La Universidad Veracruzana (UV), a trav\u00e9s de la C\u00e1tedra \u201cJos\u00e9 Mart\u00ed\u201d, invita a su edici\u00f3n 2018 en la que se impartir\u00e1 el curso \u201cHeterogeneidades y globalizaciones. Un recorrido por el proceso literario peruano\u201d, a cargo de Carlos Garc\u00eda Bedoya, decano de la Facultad de Humanidades de la Universidad Nacional Mayor de San Marcos del Per\u00fa.<\/p>\n<p>El evento, que abarcar\u00e1 del lunes 3 al viernes 7 de septiembre, de 10:00 a 14:00 horas, tendr\u00e1 como sede la Sala 3 de la Unidad de Servicios Bibliotecarios y de Informaci\u00f3n (USBI) y adem\u00e1s se transmitir\u00e1 por videoconferencia a las cuatro regiones universitarias.<\/p>\n<p>Adem\u00e1s del curso, que ser\u00e1 de acceso gratuito, Garc\u00eda Bedoya impartir\u00e1 la conferencia magistral \u201cGuaman Poma: un ind\u00edgena en la ciudad letrada\u201d, que se efectuar\u00e1 en el Sal\u00f3n Azul de la Unidad de Humanidades el mi\u00e9rcoles 5 de septiembre a las 10:00 horas.<\/p>\n<p>Dentro del programa de C\u00e1tedras de Excelencia que imparte la m\u00e1xima casa de estudios de Veracruz, la esencia de la \u201cJos\u00e9 Mart\u00ed\u201d ha sido fortalecer los v\u00ednculos con Cuba, y ahora con toda Latinoam\u00e9rica y sobre todo con la comunidad universitaria.<\/p>\n<p>Rodrigo Garc\u00eda de la Sienra, acad\u00e9mico del <a href=\"https:\/\/www.uv.mx\/inslit\/\">Instituto de Investigaciones Ling\u00fc\u00edstico-Literarias<\/a> (IIL-L) y coordinador de la c\u00e1tedra, coment\u00f3 que en su origen ten\u00eda el prop\u00f3sito de fortalecer los v\u00ednculos con Cuba, \u201cpero la figura misma de Jos\u00e9 Mart\u00ed convoca a una visi\u00f3n m\u00e1s amplia de las relaciones con Am\u00e9rica Latina, lo que Mart\u00ed llamar\u00eda nuestra Am\u00e9rica, y se le ha dado este giro: establecer v\u00ednculos con colegas latinoamericanistas, no solamente de Latinoam\u00e9rica sino tambi\u00e9n de Alemania, Estados Unidos y Francia\u201d.<\/p>\n<p>De la misma manera, se ha ampliado la perspectiva latinoamericana \u201chacia el interior de la UV para beneficiarnos como comunidad de aquello que, como especialistas, nos pueden traer y de esa manera tejer redes al interior y al exterior con este perfil, lo cual se ha ido logrando de forma exitosa\u201d.<\/p>\n<p>El curso tiene una doble faz que lo hace atractivo, puntualiz\u00f3 el investigador, ya que est\u00e1 dise\u00f1ado para un p\u00fablico amplio. \u201cNo es solamente para especialistas, pero al mismo tiempo ser\u00e1 impartido por alguien con un importante nivel de especializaci\u00f3n en el proceso literario peruano, quiz\u00e1 uno de los m\u00e1s notables a nivel mundial\u201d.<\/p>\n<p>Para algunas personas ser\u00e1 un primer acercamiento al tema con una visi\u00f3n general y bastante detallada, mientras que aqu\u00e9llos con un nivel avanzado podr\u00e1n acceder a contenidos puntuales, como los estudiantes de posgrado y colegas, as\u00ed como la posibilidad de establecer un di\u00e1logo directo con el especialista.<\/p>\n<p>Al respecto, el investigador record\u00f3 que el a\u00f1o pasado se organiz\u00f3 el Coloquio Internacional \u201cHistoria e historiograf\u00eda de las Am\u00e9ricas. Siglo XIX\u201d que fue un \u00e9xito y como resultado se edit\u00f3 una publicaci\u00f3n con art\u00edculos de los ponentes, entre sus autores se cont\u00f3 con un texto del propio Garc\u00eda Bedoya.<\/p>\n<p>Garc\u00eda de la Sienra coment\u00f3 adem\u00e1s que el curso es validado por el Programa de Formaci\u00f3n de Acad\u00e9micos (<em>ProFA<\/em>) y se extender\u00e1 constancia de participaci\u00f3n a quienes se registren en el sitio oficial de la c\u00e1tedra: <a href=\"https:\/\/www.uv.mx\/jose-marti\/\">www.uv.mx\/jose-marti\/<\/a> y al correo electr\u00f3nico: catedrajosemartiuv@gmail.com.<\/p>\n<p>Por otro lado, recalc\u00f3 que Carlos Garc\u00eda Bedoya es una figura importante dentro de los estudios sobre literatura en Per\u00fa y fue disc\u00edpulo de uno de los m\u00e1s importantes especialistas en estudios latinoamericanos a nivel mundial, Antonio Cornejo Polar, cr\u00edtico literario peruano.<\/p>\n<p>\u201cGarc\u00eda ampl\u00eda en muchos sentidos los estudios historiogr\u00e1ficos como los plante\u00f3 Cornejo Polar y es un investigador con una aproximaci\u00f3n muy rigurosa a los estudios literarios; en la UV vamos a tener la oportunidad, a trav\u00e9s de un curso sobre el proceso literario peruano, de conocer un trabajo que ha venido enriqueciendo a lo largo de los a\u00f1os.\u201d<\/p>\n<p>Respecto a su conferencia magistral, explic\u00f3 que Guaman Poma \u201ces una de las figuras m\u00e1s interesantes de la literatura peruana, es <em>sui g\u00e9neris<\/em> dentro de las letras hispanoamericanas porque escribe desde una matriz ling\u00fc\u00edstica y cultural que no es el castellano sino el quechua, podr\u00edamos decir que hace una literatura quechua en castellano, adem\u00e1s de una compleja relaci\u00f3n que establece con ilustraciones en su libro <em>Nueva cr\u00f3nica y buen gobierno<\/em>\u201d.<\/p>\n","protected":false},"excerpt":{"rendered":"<p>Rodrigo Garc\u00eda de la Sienra dio los detalles sobre el evento que tendr\u00e1 lugar del 3 al 7 de septiembre, en la USBI-Xalapa<\/p>\n","protected":false},"author":1869,"featured_media":51778,"comment_status":"closed","ping_status":"closed","sticky":false,"template":"","format":"standard","meta":[],"categories":[61],"tags":[],"_links":{"self":[{"href":"https:\/\/www.uv.mx\/prensa\/wp-json\/wp\/v2\/posts\/51758"}],"collection":[{"href":"https:\/\/www.uv.mx\/prensa\/wp-json\/wp\/v2\/posts"}],"about":[{"href":"https:\/\/www.uv.mx\/prensa\/wp-json\/wp\/v2\/types\/post"}],"author":[{"embeddable":true,"href":"https:\/\/www.uv.mx\/prensa\/wp-json\/wp\/v2\/users\/1869"}],"replies":[{"embeddable":true,"href":"https:\/\/www.uv.mx\/prensa\/wp-json\/wp\/v2\/comments?post=51758"}],"version-history":[{"count":0,"href":"https:\/\/www.uv.mx\/prensa\/wp-json\/wp\/v2\/posts\/51758\/revisions"}],"wp:featuredmedia":[{"embeddable":true,"href":"https:\/\/www.uv.mx\/prensa\/wp-json\/wp\/v2\/media\/51778"}],"wp:attachment":[{"href":"https:\/\/www.uv.mx\/prensa\/wp-json\/wp\/v2\/media?parent=51758"}],"wp:term":[{"taxonomy":"category","embeddable":true,"href":"https:\/\/www.uv.mx\/prensa\/wp-json\/wp\/v2\/categories?post=51758"},{"taxonomy":"post_tag","embeddable":true,"href":"https:\/\/www.uv.mx\/prensa\/wp-json\/wp\/v2\/tags?post=51758"}],"curies":[{"name":"wp","href":"https:\/\/api.w.org\/{rel}","templated":true}]}}