{"id":51841,"date":"2018-08-18T09:10:22","date_gmt":"2018-08-18T14:10:22","guid":{"rendered":"https:\/\/www.uv.mx\/prensa\/?p=51841"},"modified":"2021-11-26T11:07:50","modified_gmt":"2021-11-26T17:07:50","slug":"mi-trabajo-en-la-uv-me-permitio-asistir-a-los-panamericanos-nestor-hernandez","status":"publish","type":"post","link":"https:\/\/www.uv.mx\/prensa\/deportes\/mi-trabajo-en-la-uv-me-permitio-asistir-a-los-panamericanos-nestor-hernandez\/","title":{"rendered":"Mi trabajo en la UV me permiti\u00f3 asistir a los Panamericanos: N\u00e9stor Hern\u00e1ndez"},"content":{"rendered":"<ul>\n<li><i>Entrenador de <\/i>Halcones<i> asisti\u00f3 como auxiliar uno de la Selecci\u00f3n Mexicana Universitaria de Basquetbol<\/i><\/li>\n<\/ul>\n<div id=\"attachment_51830\" style=\"width: 732px\" class=\"wp-caption aligncenter\"><a href=\"https:\/\/www.uv.mx\/prensa\/files\/2018\/08\/180818-PRINCIPALES-DEPORTES-BANNER-UV-ENTRENADOR-100k.jpg\"><img aria-describedby=\"caption-attachment-51830\" decoding=\"async\" loading=\"lazy\" class=\"size-full wp-image-51830\" src=\"https:\/\/www.uv.mx\/prensa\/files\/2018\/08\/180818-PRINCIPALES-DEPORTES-BANNER-UV-ENTRENADOR-100k.jpg\" alt=\"\" width=\"722\" height=\"542\" srcset=\"https:\/\/www.uv.mx\/prensa\/files\/2018\/08\/180818-PRINCIPALES-DEPORTES-BANNER-UV-ENTRENADOR-100k.jpg 722w, https:\/\/www.uv.mx\/prensa\/files\/2018\/08\/180818-PRINCIPALES-DEPORTES-BANNER-UV-ENTRENADOR-100k-300x225.jpg 300w\" sizes=\"(max-width: 722px) 100vw, 722px\" \/><\/a><p id=\"caption-attachment-51830\" class=\"wp-caption-text\">N\u00e9stor Hern\u00e1ndez Flores, entrenador de la Selecci\u00f3n de Basquetbol de <em>Halcones<\/em> UV<\/p><\/div>\n<p><b><i>Santiago Morales Ortiz<\/i><\/b><\/p>\n<p><b><i>18\/08\/18, Xalapa, Ver.- <\/i><\/b>N\u00e9stor Hern\u00e1ndez Flores, entrenador de <i>Halcones<\/i> de la Universidad Veracruzana (UV), resalt\u00f3 que el trabajo realizado en esta casa de estudios le dio la oportunidad de estar en los Juegos Panamericanos Universitarios celebrados en Sao Paulo, Brasil, como auxiliar uno de la Selecci\u00f3n Mexicana de Basquetbol.<\/p>\n<p>\u201cFue una muy buena experiencia y un orgullo para la UV porque al final de cuentas el trabajo que se ha hecho aqu\u00ed me dio la oportunidad de estar en ese gran evento\u201d, coment\u00f3 el entrenador quien asisti\u00f3 en julio pasado al pa\u00eds carioca.<\/p>\n<p>Agreg\u00f3 que la justa tuvo alto nivel y detall\u00f3: \u201cTuvimos 20 d\u00edas de preparaci\u00f3n en Guadalajara y llegamos bien a Brasil, donde logramos el quinto lugar, esto nos dio el panorama de que debemos seguir trabajando para mejorar; en lo particular estoy muy motivado con esta experiencia\u201d.<\/p>\n<p>N\u00e9stor Hern\u00e1ndez comparti\u00f3 que su llamado a la selecci\u00f3n fue gracias al desempe\u00f1o de la UV en los juegos del Consejo Nacional del Deporte de la Educaci\u00f3n (<i>Condde<\/i>) y en la Asociaci\u00f3n de Basquetbol Estudiantil (ABE).<\/p>\n<p>Destac\u00f3 que asisti\u00f3 como primer asistente del equipo mexicano, acompa\u00f1ando al entrenador en jefe Mario Saucedo, de la Universidad de Guadalajara.<\/p>\n<p>\u201cSin duda es lo m\u00e1s valioso, el hecho de haber llegado a una selecci\u00f3n mexicana universitaria, haberse rozado a ese nivel con otros pa\u00edses, te deja la semilla y herramientas para transmitir a los muchachos de la UV.\u201d<\/p>\n<p>Respecto de los resultados obtenidos, detall\u00f3 que fueron encuentros muy dif\u00edciles donde se perdi\u00f3 con Chile y Estados Unidos, y se le gan\u00f3 a Uruguay para ocupar la quinta posici\u00f3n.<\/p>\n<p>\u201cEn todos los juegos se pele\u00f3 bastante bien y nos dimos cuenta que estamos al nivel de los dem\u00e1s pa\u00edses participantes.\u201d<\/p>\n<p>Por \u00faltimo, dijo que el pr\u00f3ximo a\u00f1o viene el Mundial Universitario de Italia, por lo que seguir\u00e1 trabajando por si recibe un nuevo llamado, al que asistir\u00e1 con mucho gusto. \u201cSer\u00eda una e<\/p>\n","protected":false},"excerpt":{"rendered":"<p>El entrenador de Basquetbol de <em>Halcones<\/em> acudi\u00f3 como auxiliar de la Selecci\u00f3n Mexicana Universitaria a la justa continental, celebrada en Sao Paulo<\/p>\n","protected":false},"author":1775,"featured_media":51842,"comment_status":"closed","ping_status":"closed","sticky":false,"template":"","format":"standard","meta":[],"categories":[12,61],"tags":[5606,2344,4252,106,5604,5094,4166,5605,5607],"_links":{"self":[{"href":"https:\/\/www.uv.mx\/prensa\/wp-json\/wp\/v2\/posts\/51841"}],"collection":[{"href":"https:\/\/www.uv.mx\/prensa\/wp-json\/wp\/v2\/posts"}],"about":[{"href":"https:\/\/www.uv.mx\/prensa\/wp-json\/wp\/v2\/types\/post"}],"author":[{"embeddable":true,"href":"https:\/\/www.uv.mx\/prensa\/wp-json\/wp\/v2\/users\/1775"}],"replies":[{"embeddable":true,"href":"https:\/\/www.uv.mx\/prensa\/wp-json\/wp\/v2\/comments?post=51841"}],"version-history":[{"count":1,"href":"https:\/\/www.uv.mx\/prensa\/wp-json\/wp\/v2\/posts\/51841\/revisions"}],"predecessor-version":[{"id":106112,"href":"https:\/\/www.uv.mx\/prensa\/wp-json\/wp\/v2\/posts\/51841\/revisions\/106112"}],"wp:featuredmedia":[{"embeddable":true,"href":"https:\/\/www.uv.mx\/prensa\/wp-json\/wp\/v2\/media\/51842"}],"wp:attachment":[{"href":"https:\/\/www.uv.mx\/prensa\/wp-json\/wp\/v2\/media?parent=51841"}],"wp:term":[{"taxonomy":"category","embeddable":true,"href":"https:\/\/www.uv.mx\/prensa\/wp-json\/wp\/v2\/categories?post=51841"},{"taxonomy":"post_tag","embeddable":true,"href":"https:\/\/www.uv.mx\/prensa\/wp-json\/wp\/v2\/tags?post=51841"}],"curies":[{"name":"wp","href":"https:\/\/api.w.org\/{rel}","templated":true}]}}