{"id":51883,"date":"2018-08-19T09:00:50","date_gmt":"2018-08-19T14:00:50","guid":{"rendered":"https:\/\/www.uv.mx\/prensa\/?p=51883"},"modified":"2018-08-20T15:54:47","modified_gmt":"2018-08-20T20:54:47","slug":"saul-melchor-entre-los-primeros-titulados-de-ingenieria-de-software","status":"publish","type":"post","link":"https:\/\/www.uv.mx\/prensa\/general\/saul-melchor-entre-los-primeros-titulados-de-ingenieria-de-software\/","title":{"rendered":"Sa\u00fal Melchor, entre los primeros titulados de Ingenier\u00eda de <em>Software<\/em>"},"content":{"rendered":"<ul>\n<li><i>Su trabajo recepcional se enfoc\u00f3 en el estudio de la estabilidad del <\/i>software<i>, a fin de que una persona o empresa pueda realizar un cambio al sistema sin afectarlo<\/i><\/li>\n<\/ul>\n<p>&nbsp;<\/p>\n<div id=\"attachment_51884\" style=\"width: 732px\" class=\"wp-caption aligncenter\"><a href=\"https:\/\/www.uv.mx\/prensa\/files\/2018\/08\/190818-Egresado-FEI.jpg\"><img aria-describedby=\"caption-attachment-51884\" decoding=\"async\" loading=\"lazy\" class=\"size-full wp-image-51884\" src=\"https:\/\/www.uv.mx\/prensa\/files\/2018\/08\/190818-Egresado-FEI.jpg\" alt=\"\" width=\"722\" height=\"481\" srcset=\"https:\/\/www.uv.mx\/prensa\/files\/2018\/08\/190818-Egresado-FEI.jpg 722w, https:\/\/www.uv.mx\/prensa\/files\/2018\/08\/190818-Egresado-FEI-300x200.jpg 300w\" sizes=\"(max-width: 722px) 100vw, 722px\" \/><\/a><p id=\"caption-attachment-51884\" class=\"wp-caption-text\">El joven explic\u00f3 la importancia de investigar la estabilidad del <em>software<\/em> para usuarios y empresas<\/p><\/div>\n<p>&nbsp;<\/p>\n<p><b><i>Paola Cort\u00e9s P\u00e9rez<\/i><\/b><\/p>\n<p><b><i>19\/08\/18, Xalapa, Ver.-<\/i><\/b> Con una investigaci\u00f3n enfocada en la estabilidad del <i>software<\/i>, Sa\u00fal Enrique Melchor Ram\u00edrez es uno de los primeros titulados de la primera generaci\u00f3n de la Licenciatura en Ingenier\u00eda de <i>Software<\/i> que imparte la <a href=\"https:\/\/www.uv.mx\/fei\/\">Facultad de Estad\u00edstica e Inform\u00e1tica<\/a> (FEI) de la Universidad Veracruzana (UV).<\/p>\n<p>El evento protocolario se llev\u00f3 a cabo la tarde del lunes 13 de agosto, en el auditorio de la Facultad, al que asistieron acad\u00e9micos, estudiantes, amigos y familiares del universitario.<\/p>\n<p>Se titul\u00f3 con la monograf\u00eda \u201cM\u00e9tricas de estabilidad de <i>software<\/i>\u201d, dirigida por Mar\u00eda Karen Cort\u00e9s Verd\u00edn y Jorge Octavio Ochar\u00e1n Hern\u00e1ndez, tema que decidi\u00f3 abordar debido a que hay pocos estudios sobre dicho tema.<\/p>\n<p>Explic\u00f3 que la importancia de investigar sobre la estabilidad del <i>software<\/i> para una persona o empresa, es que al querer realizar un cambio al sistema, \u00e9ste se ver\u00e1 o no afectado dependiendo de dicha estabilidad.<\/p>\n<p>\u201cEsta investigaci\u00f3n lo que pretende es que se realice la modificaci\u00f3n al sistema sin alterarlo, ya que generalmente cuando se aplica un cambio se tienen que acudir a otros paquetes o al resto del sistema para acoplar el cambio.\u201d<\/p>\n<p>Asimismo, dijo que dicho tema va enfocado a evitar los costos econ\u00f3micos, de tiempo y de trabajo que dedican las empresas dedicadas al dise\u00f1o de <i>software<\/i>.<\/p>\n<p>Dijo que estaba muy nervioso porque sent\u00eda la enorme responsabilidad de ser el primer egresado que presentaba su examen de titulaci\u00f3n, \u201ces la primera imagen que se tiene de la licenciatura\u201d.<\/p>\n<p>Cont\u00f3 que decidi\u00f3 estudiar este programa educativo despu\u00e9s de hacer una exhaustiva revisi\u00f3n del plan de estudios y sus objetivos, as\u00ed como una comparaci\u00f3n con el resto de las licenciaturas; consider\u00f3 que ten\u00eda muchos puntos positivos y decidi\u00f3 cursarla.<\/p>\n<p>\u201cEl programa y los profesores son de buena calidad; lo que m\u00e1s me gust\u00f3 es que desde los \u00faltimos semestres nos vinculan con empresas dedicadas al dise\u00f1o de <i>software<\/i>.\u201d<\/p>\n","protected":false},"excerpt":{"rendered":"<p>El universitario present\u00f3 la monograf\u00eda \u201cM\u00e9tricas de estabilidad de <em>software<\/em>\u201d, dirigida por Mar\u00eda Karen Cort\u00e9s y Jorge Octavio Ochar\u00e1n<\/p>\n","protected":false},"author":1508,"featured_media":51884,"comment_status":"closed","ping_status":"closed","sticky":false,"template":"","format":"standard","meta":[],"categories":[1],"tags":[],"_links":{"self":[{"href":"https:\/\/www.uv.mx\/prensa\/wp-json\/wp\/v2\/posts\/51883"}],"collection":[{"href":"https:\/\/www.uv.mx\/prensa\/wp-json\/wp\/v2\/posts"}],"about":[{"href":"https:\/\/www.uv.mx\/prensa\/wp-json\/wp\/v2\/types\/post"}],"author":[{"embeddable":true,"href":"https:\/\/www.uv.mx\/prensa\/wp-json\/wp\/v2\/users\/1508"}],"replies":[{"embeddable":true,"href":"https:\/\/www.uv.mx\/prensa\/wp-json\/wp\/v2\/comments?post=51883"}],"version-history":[{"count":0,"href":"https:\/\/www.uv.mx\/prensa\/wp-json\/wp\/v2\/posts\/51883\/revisions"}],"wp:featuredmedia":[{"embeddable":true,"href":"https:\/\/www.uv.mx\/prensa\/wp-json\/wp\/v2\/media\/51884"}],"wp:attachment":[{"href":"https:\/\/www.uv.mx\/prensa\/wp-json\/wp\/v2\/media?parent=51883"}],"wp:term":[{"taxonomy":"category","embeddable":true,"href":"https:\/\/www.uv.mx\/prensa\/wp-json\/wp\/v2\/categories?post=51883"},{"taxonomy":"post_tag","embeddable":true,"href":"https:\/\/www.uv.mx\/prensa\/wp-json\/wp\/v2\/tags?post=51883"}],"curies":[{"name":"wp","href":"https:\/\/api.w.org\/{rel}","templated":true}]}}