{"id":52763,"date":"2018-08-31T09:00:17","date_gmt":"2018-08-31T14:00:17","guid":{"rendered":"https:\/\/www.uv.mx\/prensa\/?p=52763"},"modified":"2018-08-31T09:10:19","modified_gmt":"2018-08-31T14:10:19","slug":"310818-alumnos-de-la-fei-en-barcelona","status":"publish","type":"post","link":"https:\/\/www.uv.mx\/prensa\/banner\/310818-alumnos-de-la-fei-en-barcelona\/","title":{"rendered":"Alumnos de la FEI realizaron estancia profesional en Barcelona"},"content":{"rendered":"<ul>\n<li><i>Sahar Jahzeel Roque Zaret y Miguel Leonardo Jim\u00e9nez Jim\u00e9nez, de la Licenciatura en Ingenier\u00eda de <\/i>Software<i>, trabajaron durante dos meses en la empresa internacional iDisc<\/i><\/li>\n<li><i>El \u00e9xito de la primera generaci\u00f3n de la EE Pr\u00e1cticas Profesionales de Ingenier\u00eda de <\/i>Software<i> ha incrementado las solicitudes de vinculaci\u00f3n con empresas, se\u00f1al\u00f3 el coordinador \u00c1ngel S\u00e1nchez<\/i><\/li>\n<\/ul>\n<p>&nbsp;<\/p>\n<div id=\"attachment_52640\" style=\"width: 732px\" class=\"wp-caption aligncenter\"><a href=\"https:\/\/www.uv.mx\/prensa\/files\/2018\/08\/280818-DAVID-Alumnos-de-la-FEI-realizaron-practicas-en-empresa-de-Barcelona-1.jpg\"><img aria-describedby=\"caption-attachment-52640\" decoding=\"async\" loading=\"lazy\" class=\"size-full wp-image-52640\" src=\"https:\/\/www.uv.mx\/prensa\/files\/2018\/08\/280818-DAVID-Alumnos-de-la-FEI-realizaron-practicas-en-empresa-de-Barcelona-1.jpg\" alt=\"\" width=\"722\" height=\"482\" srcset=\"https:\/\/www.uv.mx\/prensa\/files\/2018\/08\/280818-DAVID-Alumnos-de-la-FEI-realizaron-practicas-en-empresa-de-Barcelona-1.jpg 722w, https:\/\/www.uv.mx\/prensa\/files\/2018\/08\/280818-DAVID-Alumnos-de-la-FEI-realizaron-practicas-en-empresa-de-Barcelona-1-300x200.jpg 300w\" sizes=\"(max-width: 722px) 100vw, 722px\" \/><\/a><p id=\"caption-attachment-52640\" class=\"wp-caption-text\">Miguel Leonardo Jim\u00e9nez y Sahar Jahzeel Roque<\/p><\/div>\n<p>&nbsp;<\/p>\n<p><b><i>David Sandoval Rodr\u00edguez<\/i><\/b><\/p>\n<p><b><i>31\/08\/18, Xalapa, Ver.-<\/i><\/b> Sahar Jahzeel Roque Zaret y Miguel Leonardo Jim\u00e9nez Jim\u00e9nez, estudiantes de s\u00e9ptimo semestre de la Licenciatura en Ingenier\u00eda de <i>Software<\/i> de la <a href=\"https:\/\/www.uv.mx\/fei\/\">Facultad de Estad\u00edstica e Inform\u00e1tica<\/a> (FEI) de la Universidad Veracruzana (UV), efectuaron pr\u00e1cticas profesionales en la empresa iDisc con sede en Barcelona, Espa\u00f1a, durante dos meses.<\/p>\n<p>Los universitarios trabajaron en el periodo intersemestral que abarc\u00f3 del 3 de junio al 31 de julio en una empresa que cuenta con varias filiales en Am\u00e9rica Latina y est\u00e1 dedicada a hacer traducciones al espa\u00f1ol de <i>software<\/i>, documentos y una diversidad de productos.<\/p>\n<p>Sahar Jahzeel y Miguel Leonardo Jim\u00e9nez adem\u00e1s convivieron con j\u00f3venes de China, Inglaterra y Portugal, lo cual les permiti\u00f3 conocer sus experiencias de vida y compartir las propias como estudiantes mexicanos.<\/p>\n<p>Roque Zaret coment\u00f3 que la experiencia permite darse una idea de c\u00f3mo ser\u00e1 el campo laboral, \u201ccreo que eso es lo que m\u00e1s impacto tiene, aqu\u00ed nos preparamos para hacer proyectos de <i>software<\/i>, pero llegar a una empresa y sumarse a un proyecto para clientes reales es muy bueno porque todo lo que aprendes se conecta con la realidad\u201d.<\/p>\n<p>Dijo que significa tambi\u00e9n una experiencia de vida que implica \u201cllegar a vivir a un pa\u00eds que no conoces, con una cultura distinta que va desde la comida hasta los modismos que tienen, lo cual es muy enriquecedor\u201d.<\/p>\n<p>Algunos de los retos que enfrent\u00f3 al principio fue el desconocimiento de algunas herramientas tecnol\u00f3gicas, pero se solucion\u00f3 gracias al apoyo de la empresa y el uso de sus manuales.<\/p>\n<p>El proyecto real al que se incorporaron consiste en un sistema para resolver las necesidades de los <i>project managers<\/i>, quienes deben atender grandes cantidades de informaci\u00f3n; los j\u00f3venes deben revisar si se ajusta a lo que hacen, los lenguajes que se traducen y si corresponden a la plataforma correcta.<\/p>\n<p>Este sistema recolecta tareas que los clientes describen en un portal y las filtra de acuerdo a reglas que ellos configuran; el sistema toma algunas de estas acciones y, si es aceptada la tarea, entonces se crea en el sistema de manejo del cliente.<\/p>\n<p>\u201cLlevar un buen historial acad\u00e9mico fue una de las caracter\u00edsticas que me ayud\u00f3 mucho en esto\u201d, afirm\u00f3 el universitario, \u201cal trabajar en la empresa toda la responsabilidad es tuya, a diferencia de las clases\u201d.<\/p>\n<p>El ambiente de trabajo tambi\u00e9n fue ideal porque \u201cla empresa es bastante relajada, si cumples en lo que esperan no est\u00e1n vigilando si ya llegaste, para m\u00ed fue una buena experiencia porque sabes que tienes que hacer el trabajo pero sin tanta presi\u00f3n de arriba\u201d.<\/p>\n<p>En su familia recibieron con mucho gusto la noticia del viaje, su madre le recalc\u00f3 que deb\u00eda irse y aprovechar la experiencia, por lo cual agradeci\u00f3 su apoyo desde el principio, al igual que de sus amigos.<\/p>\n<p>\u201cAqu\u00ed nos preparan bastante bien para enfrentar estos retos y tambi\u00e9n cosas como mantener un historial acad\u00e9mico bueno; asimismo, involucrarte en actividades extra ayuda a desarrollar competencias necesarias para el ambiente laboral\u201d, apunt\u00f3 Sahar Roque.<\/p>\n<p>Por su parte, Miguel Leonardo defini\u00f3 su experiencia como \u201cuna magn\u00edfica oportunidad que nos ofrecieron los maestros y la empresa, fue un gran reto trasladarse a otro pa\u00eds y cambiar de cultura, llegar a adaptarte y trabajar en un proyecto real, ya que aqu\u00ed trabajamos en proyectos pero no hay riesgo, all\u00e1 ten\u00edamos que afrontar la problem\u00e1tica de que algo pod\u00eda fallar y tener repercusiones, pero dimos lo mejor de nosotros y aplicamos la experiencia que nos han dado los profesores\u201d.<\/p>\n<p>Consider\u00f3 que su principal reto fue la adaptaci\u00f3n a un \u00e1rea de trabajo, pues \u201cfue la primera experiencia laboral seria para nosotros: poder cumplir con sus expectativas y tener buenos resultados\u201d.<\/p>\n<p>Por otro lado, record\u00f3 que Barcelona \u201ces muy bonita y pudimos conocer varias culturas porque es un lugar que re\u00fane a personas de todo el mundo\u201d.<\/p>\n<p>El joven destac\u00f3 que, adem\u00e1s de la experiencia, esto significa sumar puntos en su curr\u00edculm, que en un campo laboral tan competitivo es fundamental para tener buenas opciones.<\/p>\n<p>Es posible que se base en esta experiencia para su trabajo recepcional porque ha visto que el acceso a Internet, principalmente desde las aplicaciones, es un tema con mucho potencial y futuro en el que existen interesantes posibilidades de empleo.<\/p>\n<p>Dio un consejo a los estudiantes interesados: \u201cDedicarle tiempo a la escuela, llevar un horario establecido, no dejar las cosas para despu\u00e9s, seguir estudiando fuera del aula y repasar, tratando de mejorar constantemente\u201d.<\/p>\n<p>Sahar Roque record\u00f3 que \u201ca los empleadores les pareci\u00f3 que ten\u00edamos ideas frescas, quedaron contentos con lo que realizamos y contamos con el apoyo de una persona del departamento de desarrollo, nosotros propon\u00edamos ideas y platic\u00e1bamos lo que \u00edbamos a hacer, \u00e9sa fue una de las razones por las que pudimos llevar el sistema con \u00e9xito\u201d.<\/p>\n<p>&nbsp;<\/p>\n<div id=\"attachment_52642\" style=\"width: 732px\" class=\"wp-caption aligncenter\"><a href=\"https:\/\/www.uv.mx\/prensa\/files\/2018\/08\/280818-DAVID-Alumnos-de-la-FEI-realizaron-practicas-en-empresa-de-Barcelona-2.jpg\"><img aria-describedby=\"caption-attachment-52642\" decoding=\"async\" loading=\"lazy\" class=\"size-full wp-image-52642\" src=\"https:\/\/www.uv.mx\/prensa\/files\/2018\/08\/280818-DAVID-Alumnos-de-la-FEI-realizaron-practicas-en-empresa-de-Barcelona-2.jpg\" alt=\"\" width=\"722\" height=\"482\" srcset=\"https:\/\/www.uv.mx\/prensa\/files\/2018\/08\/280818-DAVID-Alumnos-de-la-FEI-realizaron-practicas-en-empresa-de-Barcelona-2.jpg 722w, https:\/\/www.uv.mx\/prensa\/files\/2018\/08\/280818-DAVID-Alumnos-de-la-FEI-realizaron-practicas-en-empresa-de-Barcelona-2-300x200.jpg 300w\" sizes=\"(max-width: 722px) 100vw, 722px\" \/><\/a><p id=\"caption-attachment-52642\" class=\"wp-caption-text\">\u00c1ngel Juan S\u00e1nchez Garc\u00eda, coordinador de Pr\u00e1cticas Profesionales, destac\u00f3 el inter\u00e9s de las empresas por vincularse a la licenciatura<\/p><\/div>\n<p>&nbsp;<\/p>\n<p><b>Estudiantes seleccionados reciben ofertas laborales<\/b><\/p>\n<p>\u00c1ngel Juan S\u00e1nchez Garc\u00eda, acad\u00e9mico de la licenciatura y coordinador de Pr\u00e1cticas Profesionales, expres\u00f3: \u201cBuscamos que dentro de la curr\u00edcula, en el sexto semestre los estudiantes cursen la experiencia educativa (EE) Pr\u00e1cticas Profesionales de Ingenier\u00eda de <i>Software<\/i>. A diferencia del servicio social, tiene el prop\u00f3sito de dotar de una experiencia de vinculaci\u00f3n con empresas realizando actividades propias de su disciplina y la finalidad es que cumplan con 200 horas como m\u00ednimo\u201d.<\/p>\n<p>Al d\u00eda de hoy suman dos generaciones que han cursado las pr\u00e1cticas profesionales y ello ha sido posible a trav\u00e9s de la vinculaci\u00f3n porque \u201ccada uno tiene un lugar asignado fuera de la Facultad, ya sea en una dependencia de la UV, como la Direcci\u00f3n General de Tecnolog\u00eda de Informaci\u00f3n (DGTI) o el Laboratorio Nacional de Inform\u00e1tica Avanzada (<i>Lania<\/i>) y en empresas privadas, donde ponen en pr\u00e1ctica sus conocimientos\u201d.<\/p>\n<p>El desarrollo de <i>software<\/i> es un \u00e1rea con alta demanda y una de las empresas se acerc\u00f3 a la Facultad con el prop\u00f3sito de atender esta necesidad, ello permiti\u00f3 apoyar a los j\u00f3venes tanto desde la Universidad como de la empresa, por tal raz\u00f3n \u201cpr\u00e1cticamente se fueron a Espa\u00f1a con todos los gastos pagados\u201d.<\/p>\n<p>Para seleccionar a los estudiantes se toma en cuenta su promedio, sus habilidades y subray\u00f3 que \u201cno es una decisi\u00f3n unilateral, es colegiada, considerando su comportamiento en clase\u201d.<\/p>\n<p>Coment\u00f3 que la empresa agradeci\u00f3 a la Facultad y extendi\u00f3 su reconocimiento al desempe\u00f1o de los universitarios, igualmente ofreci\u00f3 la posibilidad de emplearlos inclusive antes de que finalicen su licenciatura.<\/p>\n<p>En la coordinaci\u00f3n se analizan dependencias y empresas potenciales a las que se les hace la invitaci\u00f3n a colaborar; ellos presentan un proyecto o parte de un proyecto donde los j\u00f3venes pueden aplicar sus conocimientos, detall\u00f3 el acad\u00e9mico.<\/p>\n<p>\u201cEn la licenciatura tenemos una comisi\u00f3n donde aceptamos los proyectos o les damos retroalimentaci\u00f3n a las empresas, hemos tenido buenas experiencias con los alumnos que actualmente cursan el noveno semestre porque al tener un buen desempe\u00f1o se gener\u00f3 mayor respuesta por parte de las empresas, no s\u00f3lo en el \u00e1mbito local sino de otros giros como iDoctor y Oroz.\u201d<\/p>\n<p>Con ello, a las habilidades que adquieren los estudiantes a mitad de su formaci\u00f3n se suma la experiencia que se refleja en su curr\u00edculum, abund\u00f3.<\/p>\n<p>Esta licenciatura es una de las cinco que existen a nivel nacional y es la \u00fanica de su tipo en el estado, puntualiz\u00f3. Adem\u00e1s est\u00e1 impulsando un cambio en la mentalidad de las empresas porque los egresados poseen una metodolog\u00eda estructurada para desarrollar los sistemas; asimismo, debido a la demanda se ha abierto en los <i>campus<\/i> de Ixtaczoquitl\u00e1n y Coatzacoalcos, por lo que han estado trabajando en conjunto con otros profesores de la instituci\u00f3n en darle impulso a esta \u00e1rea en el pa\u00eds.<\/p>\n","protected":false},"excerpt":{"rendered":"<p>Sahar Jahzeel Roque y Miguel Leonardo Jim\u00e9nez, de la Licenciatura en Ingenier\u00eda de Software, trabajaron durante dos meses en la empresa internacional <em>iDisc<\/em><\/p>\n","protected":false},"author":1508,"featured_media":52764,"comment_status":"closed","ping_status":"closed","sticky":false,"template":"","format":"standard","meta":[],"categories":[61],"tags":[],"_links":{"self":[{"href":"https:\/\/www.uv.mx\/prensa\/wp-json\/wp\/v2\/posts\/52763"}],"collection":[{"href":"https:\/\/www.uv.mx\/prensa\/wp-json\/wp\/v2\/posts"}],"about":[{"href":"https:\/\/www.uv.mx\/prensa\/wp-json\/wp\/v2\/types\/post"}],"author":[{"embeddable":true,"href":"https:\/\/www.uv.mx\/prensa\/wp-json\/wp\/v2\/users\/1508"}],"replies":[{"embeddable":true,"href":"https:\/\/www.uv.mx\/prensa\/wp-json\/wp\/v2\/comments?post=52763"}],"version-history":[{"count":0,"href":"https:\/\/www.uv.mx\/prensa\/wp-json\/wp\/v2\/posts\/52763\/revisions"}],"wp:featuredmedia":[{"embeddable":true,"href":"https:\/\/www.uv.mx\/prensa\/wp-json\/wp\/v2\/media\/52764"}],"wp:attachment":[{"href":"https:\/\/www.uv.mx\/prensa\/wp-json\/wp\/v2\/media?parent=52763"}],"wp:term":[{"taxonomy":"category","embeddable":true,"href":"https:\/\/www.uv.mx\/prensa\/wp-json\/wp\/v2\/categories?post=52763"},{"taxonomy":"post_tag","embeddable":true,"href":"https:\/\/www.uv.mx\/prensa\/wp-json\/wp\/v2\/tags?post=52763"}],"curies":[{"name":"wp","href":"https:\/\/api.w.org\/{rel}","templated":true}]}}