{"id":52782,"date":"2018-08-31T21:00:42","date_gmt":"2018-09-01T02:00:42","guid":{"rendered":"https:\/\/www.uv.mx\/prensa\/?p=52782"},"modified":"2021-11-29T11:30:11","modified_gmt":"2021-11-29T17:30:11","slug":"uv-convoca-al-premio-latinoamericano-de-primera-novela-sergio-galindo","status":"publish","type":"post","link":"https:\/\/www.uv.mx\/prensa\/cultura\/uv-convoca-al-premio-latinoamericano-de-primera-novela-sergio-galindo\/","title":{"rendered":"UV convoca al Premio Latinoamericano de Primera Novela \u201cSergio Galindo\u201d"},"content":{"rendered":"<ul>\n<li><i>El 31 de octubre ser\u00e1 el \u00faltimo d\u00eda que tendr\u00e1n los escritores noveles para participar<\/i><\/li>\n<\/ul>\n<div id=\"attachment_52564\" style=\"width: 732px\" class=\"wp-caption aligncenter\"><a href=\"https:\/\/www.uv.mx\/prensa\/files\/2018\/08\/280818-Premio-Sergio-Galindo.jpg\"><img aria-describedby=\"caption-attachment-52564\" decoding=\"async\" loading=\"lazy\" class=\"size-full wp-image-52564\" src=\"https:\/\/www.uv.mx\/prensa\/files\/2018\/08\/280818-Premio-Sergio-Galindo.jpg\" alt=\"\" width=\"722\" height=\"722\" srcset=\"https:\/\/www.uv.mx\/prensa\/files\/2018\/08\/280818-Premio-Sergio-Galindo.jpg 722w, https:\/\/www.uv.mx\/prensa\/files\/2018\/08\/280818-Premio-Sergio-Galindo-150x150.jpg 150w, https:\/\/www.uv.mx\/prensa\/files\/2018\/08\/280818-Premio-Sergio-Galindo-300x300.jpg 300w, https:\/\/www.uv.mx\/prensa\/files\/2018\/08\/280818-Premio-Sergio-Galindo-120x120.jpg 120w, https:\/\/www.uv.mx\/prensa\/files\/2018\/08\/280818-Premio-Sergio-Galindo-360x360.jpg 360w\" sizes=\"(max-width: 722px) 100vw, 722px\" \/><\/a><p id=\"caption-attachment-52564\" class=\"wp-caption-text\">Desde hace m\u00e1s de 60 a\u00f1os, la Editorial UV publica obras de autores noveles<\/p><\/div>\n<p>&nbsp;<\/p>\n<p><b><i>01\/09\/2018, Xalapa, Ver.- <\/i><\/b>La Editorial de la Universidad Veracruzana (UV), con una trayectoria de seis d\u00e9cadas dedicadas a producir libros de gran calidad que se distribuyen en todo el mundo, invita a los escritores noveles a participar en el Premio Latinoamericano de Primera Novela \u201cSergio Galindo\u201d.<\/p>\n<p>Desde 2007, la Editorial UV ofrece la oportunidad a escritores noveles de formar parte del cat\u00e1logo de publicaciones junto a plumas como Elena Garro, Eraclio Zepeda, Rosario Castellanos, \u00c1lvaro Mutis, Jaime Sabines, Juan de la Cabada, Gabriel Garc\u00eda M\u00e1rquez, Juan Carlos Onetti y Emilio Carballido, por mencionar s\u00f3lo algunas.<\/p>\n<p>Con el Premio Latinoamericano de Primera Novela \u201cSergio Galindo\u201d, la Universidad refrenda la tradici\u00f3n, emprendida por el fundador de su Editorial hace m\u00e1s de 60 a\u00f1os, de publicar la obra de creaci\u00f3n de autores noveles.<\/p>\n<p>Los ganadores de las ediciones pasadas han sido Claudio C\u00e1ceres, de Chile, por <i>Praemeditatio Malorum<\/i>; Yamilet Garc\u00eda Zamora, de Cuba, por <i>Del otro lado, mi vida<\/i>; Javier Sunderland, de M\u00e9xico, por <i>Arena de tus pies<\/i>; Daniel Ferreira por <i>La balada de los bandoleros balad\u00edes<\/i>, y Hern\u00e1n Rivas por <i>Esp\u00eda<\/i>, ambos de Colombia, y Javier Ernesto N\u00fa\u00f1ez, de Argentina, por <i>La doble ausencia<\/i>.<\/p>\n<p>De M\u00e9xico ganaron Ave Barrera, por <i>Puertas demasiado peque\u00f1as<\/i>; Manuel Aguilera, por <i>Cazar mariposas<\/i>; Pedro Hern\u00e1ndez Zald\u00edvar, por <i>Cartapacios<\/i>, y Alejandro Arteaga y Alfonso Nava por<i> Sick &amp; McFarland. Una novela pretenciosa<\/i>. El ganador de 2018 fue el argentino Guillermo Ferreyro Lamela por <i>La cloaca<\/i>.<\/p>\n<p>El premio al primer lugar ser\u00e1 de 150 mil pesos y la publicaci\u00f3n de la obra en la Editorial UV. La fecha l\u00edmite para entregar la obra ser\u00e1 el 31 de octubre y la entrega del premio ser\u00e1 en el marco de la FILU 2019 que se realizar\u00e1 en Xalapa, Veracruz.<\/p>\n<p>La convocatoria completa puede consultarse en las p\u00e1ginas <a href=\"https:\/\/www.uv.mx\/editorial\">www.uv.mx\/editorial<\/a> y <a href=\"https:\/\/www.uv.mx\/filu\">www.uv.mx\/filu<\/a>, y en las redes sociales de la Editorial. Para m\u00e1s informaci\u00f3n dirigirse al correo <a href=\"mailto:premiosergiogalindo@uv.mx\">premiosergiogalindo@uv.mx<\/a> o llamar al n\u00famero (288) 421700, extensi\u00f3n 17816, con Germ\u00e1n Mart\u00ednez Aceves.<\/p>\n","protected":false},"excerpt":{"rendered":"<p>La convocatoria completa puede consultarse en las p\u00e1ginas www.uv.mx\/editorial y www.uv.mx\/filu, as\u00ed como en las redes sociales de la Editorial UV<\/p>\n","protected":false},"author":1775,"featured_media":52783,"comment_status":"closed","ping_status":"closed","sticky":false,"template":"","format":"standard","meta":[],"categories":[11,61],"tags":[156,5683,5684,5244,3363],"_links":{"self":[{"href":"https:\/\/www.uv.mx\/prensa\/wp-json\/wp\/v2\/posts\/52782"}],"collection":[{"href":"https:\/\/www.uv.mx\/prensa\/wp-json\/wp\/v2\/posts"}],"about":[{"href":"https:\/\/www.uv.mx\/prensa\/wp-json\/wp\/v2\/types\/post"}],"author":[{"embeddable":true,"href":"https:\/\/www.uv.mx\/prensa\/wp-json\/wp\/v2\/users\/1775"}],"replies":[{"embeddable":true,"href":"https:\/\/www.uv.mx\/prensa\/wp-json\/wp\/v2\/comments?post=52782"}],"version-history":[{"count":1,"href":"https:\/\/www.uv.mx\/prensa\/wp-json\/wp\/v2\/posts\/52782\/revisions"}],"predecessor-version":[{"id":106225,"href":"https:\/\/www.uv.mx\/prensa\/wp-json\/wp\/v2\/posts\/52782\/revisions\/106225"}],"wp:featuredmedia":[{"embeddable":true,"href":"https:\/\/www.uv.mx\/prensa\/wp-json\/wp\/v2\/media\/52783"}],"wp:attachment":[{"href":"https:\/\/www.uv.mx\/prensa\/wp-json\/wp\/v2\/media?parent=52782"}],"wp:term":[{"taxonomy":"category","embeddable":true,"href":"https:\/\/www.uv.mx\/prensa\/wp-json\/wp\/v2\/categories?post=52782"},{"taxonomy":"post_tag","embeddable":true,"href":"https:\/\/www.uv.mx\/prensa\/wp-json\/wp\/v2\/tags?post=52782"}],"curies":[{"name":"wp","href":"https:\/\/api.w.org\/{rel}","templated":true}]}}