{"id":52914,"date":"2018-09-03T09:07:13","date_gmt":"2018-09-03T14:07:13","guid":{"rendered":"https:\/\/www.uv.mx\/prensa\/?p=52914"},"modified":"2018-09-03T13:47:39","modified_gmt":"2018-09-03T18:47:39","slug":"libro-de-academico-uv-es-referente-en-universidades-del-pais","status":"publish","type":"post","link":"https:\/\/www.uv.mx\/prensa\/general\/libro-de-academico-uv-es-referente-en-universidades-del-pais\/","title":{"rendered":"Libro de acad\u00e9mico UV es referente en universidades del pa\u00eds"},"content":{"rendered":"<ul>\n<li><em>Editorial Porr\u00faa public\u00f3 la tercera edici\u00f3n actualizada de<\/em> Compendio de Derecho Procesal Administrativo<em>, de \u00c1ngel Luis Parra Ortiz<\/em><\/li>\n<li><em>Ser\u00e1 presentado el 19 de septiembre, a las 17:00 horas, en el Aula Magna \u201cGuillermo I. Ortiz Mayagoitia\u201d de la Facultad de Derecho<\/em><\/li>\n<\/ul>\n<p><em>\u00a0<\/em><\/p>\n<div id=\"attachment_52653\" style=\"width: 732px\" class=\"wp-caption aligncenter\"><a href=\"https:\/\/www.uv.mx\/prensa\/files\/2018\/08\/290818-Couttolenc-Publicacion-libro-Derecho-Administrativo-1.jpg\"><img aria-describedby=\"caption-attachment-52653\" decoding=\"async\" loading=\"lazy\" class=\"size-full wp-image-52653\" src=\"https:\/\/www.uv.mx\/prensa\/files\/2018\/08\/290818-Couttolenc-Publicacion-libro-Derecho-Administrativo-1.jpg\" alt=\"\" width=\"722\" height=\"482\" srcset=\"https:\/\/www.uv.mx\/prensa\/files\/2018\/08\/290818-Couttolenc-Publicacion-libro-Derecho-Administrativo-1.jpg 722w, https:\/\/www.uv.mx\/prensa\/files\/2018\/08\/290818-Couttolenc-Publicacion-libro-Derecho-Administrativo-1-300x200.jpg 300w\" sizes=\"(max-width: 722px) 100vw, 722px\" \/><\/a><p id=\"caption-attachment-52653\" class=\"wp-caption-text\">\u00c1ngel Luis Parra Ortiz, autor del <em>Compendio de Derecho Procesal Administrativo<\/em><\/p><\/div>\n<p>&nbsp;<\/p>\n<p><strong><em>Jos\u00e9 Luis <\/em><\/strong><strong><em>Couttolenc<\/em><\/strong><strong><em> Soto<\/em><\/strong><\/p>\n<p><strong><em>03\/09\/18, Xalapa, Ver.-<\/em><\/strong> El libro <em>Compendio de Derecho Procesal Administrativo<\/em>, de la autor\u00eda de \u00c1ngel Luis Parra Ortiz, catedr\u00e1tico de la Facultad de Derecho de la Universidad Veracruzana (UV), es \u00fatil para quienes litigan en materia administrativa y fiscal, e incluye herramientas que pueden ayudar a que un ciudadano no caiga en estado de indefensi\u00f3n.<\/p>\n<p>Con la satisfacci\u00f3n reflejada en su rostro por la buena aceptaci\u00f3n de su libro, el acad\u00e9mico de la UV coment\u00f3 que el 27 de agosto la Editorial Porr\u00faa sac\u00f3 a la venta la tercera edici\u00f3n; la primera fue en abril de 2016, que por su rico contenido en materia administrativa se agot\u00f3 en pocos meses y la segunda fue en abril de 2017, la cual se vendi\u00f3 en tan s\u00f3lo cinco meses.<\/p>\n<p>\u00c1ngel Luis Parra Ortiz explic\u00f3 que la tercera edici\u00f3n est\u00e1 actualizada con un cap\u00edtulo relativo al Sistema Nacional Anticorrupci\u00f3n, por lo que al t\u00edtulo original de la publicaci\u00f3n se le anexan dos l\u00edneas en las que se lee \u201cIncluye el Sistema Nacional Anticorrupci\u00f3n y la Justicia Administrativa\u201d.<\/p>\n<p>El autor atribuye la aceptaci\u00f3n de esta obra, que se encuentra distribuida en librer\u00edas del pa\u00eds y jur\u00eddicas, \u201ca que es un libro \u00fatil para los profesionales del Derecho, sobre todo para quienes litigan en materia administrativa y fiscal\u201d, ya que contiene herramientas que pueden ayudar a que un ciudadano no caiga en estado de indefensi\u00f3n.<\/p>\n<p>Abund\u00f3 que la materia contenciosa administrativa trata la impugnaci\u00f3n y combate de los actos de \u00edndole administrativo, \u201ces decir, de los actos que emiten las autoridades y que nos causen perjuicio, administrativo o fiscal, como puede ser un requerimiento, una inspecci\u00f3n, una auditor\u00eda, negativas de pensi\u00f3n o jubilaci\u00f3n, clausuras de negocios o sanciones a servidores p\u00fablicos, y eso los particulares lo pueden combatir a trav\u00e9s de medios de defensa que se encuentran inscritos en el libro.<\/p>\n<p>La publicaci\u00f3n actualizada ser\u00e1 presentada el mi\u00e9rcoles 19 de septiembre, a las 17:00 horas, en el Aula Magna \u201cGuillermo I. Ortiz Mayagoitia\u201d de la Facultad de Derecho, en donde fungir\u00e1 como moderador el director de esa entidad universitaria, Alejandro de la Fuente Alonso, y como comentaristas el acad\u00e9mico Jos\u00e9 L. \u00c1lvarez Montero; Yoshio Aguilar Mar\u00edn, magistrado del Tribunal Federal de Justicia Administrativa, y Eva Mar\u00eda Gonz\u00e1lez Madrazo, secretaria de Acuerdos de la Sala Regional de dicho tribunal.<\/p>\n<p>Posteriormente, atendiendo la invitaci\u00f3n de Guadalupe Fern\u00e1ndez Ruiz, directora del Seminario de Derecho Administrativo de la Universidad Nacional Aut\u00f3noma de M\u00e9xico (UNAM), se har\u00e1 tambi\u00e9n la presentaci\u00f3n de la publicaci\u00f3n en aquella instituci\u00f3n.<\/p>\n<p>&nbsp;<\/p>\n","protected":false},"excerpt":{"rendered":"<p>Editorial Porr\u00faa public\u00f3 la tercera edici\u00f3n actualizada de <em>Compendio de Derecho Procesal Administrativo<\/em>, de \u00c1ngel Luis Parra Ortiz <\/p>\n","protected":false},"author":1869,"featured_media":52653,"comment_status":"closed","ping_status":"closed","sticky":false,"template":"","format":"standard","meta":[],"categories":[1],"tags":[],"_links":{"self":[{"href":"https:\/\/www.uv.mx\/prensa\/wp-json\/wp\/v2\/posts\/52914"}],"collection":[{"href":"https:\/\/www.uv.mx\/prensa\/wp-json\/wp\/v2\/posts"}],"about":[{"href":"https:\/\/www.uv.mx\/prensa\/wp-json\/wp\/v2\/types\/post"}],"author":[{"embeddable":true,"href":"https:\/\/www.uv.mx\/prensa\/wp-json\/wp\/v2\/users\/1869"}],"replies":[{"embeddable":true,"href":"https:\/\/www.uv.mx\/prensa\/wp-json\/wp\/v2\/comments?post=52914"}],"version-history":[{"count":0,"href":"https:\/\/www.uv.mx\/prensa\/wp-json\/wp\/v2\/posts\/52914\/revisions"}],"wp:featuredmedia":[{"embeddable":true,"href":"https:\/\/www.uv.mx\/prensa\/wp-json\/wp\/v2\/media\/52653"}],"wp:attachment":[{"href":"https:\/\/www.uv.mx\/prensa\/wp-json\/wp\/v2\/media?parent=52914"}],"wp:term":[{"taxonomy":"category","embeddable":true,"href":"https:\/\/www.uv.mx\/prensa\/wp-json\/wp\/v2\/categories?post=52914"},{"taxonomy":"post_tag","embeddable":true,"href":"https:\/\/www.uv.mx\/prensa\/wp-json\/wp\/v2\/tags?post=52914"}],"curies":[{"name":"wp","href":"https:\/\/api.w.org\/{rel}","templated":true}]}}