{"id":53130,"date":"2018-09-05T19:10:14","date_gmt":"2018-09-06T00:10:14","guid":{"rendered":"https:\/\/www.uv.mx\/prensa\/?p=53130"},"modified":"2021-11-29T12:51:17","modified_gmt":"2021-11-29T18:51:17","slug":"investigacion-de-vanguardia-inicia-con-una-buena-pregunta","status":"publish","type":"post","link":"https:\/\/www.uv.mx\/prensa\/opinion\/investigacion-de-vanguardia-inicia-con-una-buena-pregunta\/","title":{"rendered":"Investigaci\u00f3n de vanguardia inicia con una buena pregunta"},"content":{"rendered":"<div id=\"attachment_53131\" style=\"width: 732px\" class=\"wp-caption aligncenter\"><a href=\"https:\/\/www.uv.mx\/prensa\/files\/2018\/09\/050918-COLABORACION-Fidel-Santamaria-100k.jpg\"><img aria-describedby=\"caption-attachment-53131\" decoding=\"async\" loading=\"lazy\" class=\"size-full wp-image-53131\" src=\"https:\/\/www.uv.mx\/prensa\/files\/2018\/09\/050918-COLABORACION-Fidel-Santamaria-100k.jpg\" alt=\"\" width=\"722\" height=\"451\" srcset=\"https:\/\/www.uv.mx\/prensa\/files\/2018\/09\/050918-COLABORACION-Fidel-Santamaria-100k.jpg 722w, https:\/\/www.uv.mx\/prensa\/files\/2018\/09\/050918-COLABORACION-Fidel-Santamaria-100k-300x187.jpg 300w, https:\/\/www.uv.mx\/prensa\/files\/2018\/09\/050918-COLABORACION-Fidel-Santamaria-100k-200x125.jpg 200w\" sizes=\"(max-width: 722px) 100vw, 722px\" \/><\/a><p id=\"caption-attachment-53131\" class=\"wp-caption-text\">Fidel Santamar\u00eda, investigador de la Universidad de Texas-San Antonio, comparte en la UV su trabajo en neurociencia computacional<\/p><\/div>\n<p><b><i>Elizabeth V\u00e1zquez<span class=\"Apple-converted-space\">\u00a0<\/span><\/i><\/b><\/p>\n<p><b><i>05\/09\/18, Xalapa, Ver.- <\/i><\/b>Quien quiera hacer investigaci\u00f3n de vanguardia debe plantearse una buena pregunta, no hay ciencia de primer o tercer mundo, s\u00f3lo hay preguntas buenas o malas, afirm\u00f3 Fidel Santamar\u00eda, investigador en el Departamento de Biolog\u00eda de la Universidad de Texas-San Antonio, en Estados Unidos.<\/p>\n<p>Lo anterior resume lo que \u00e9l considera ha sido un principio fundamental en su desarrollo profesional, desde sus d\u00edas como estudiante de F\u00edsica en la Universidad Nacional Aut\u00f3noma de M\u00e9xico, hasta su actual desempe\u00f1o en la instituci\u00f3n estadounidense.<\/p>\n<p>Invitado por el<a href=\"https:\/\/www.uv.mx\/cice\/\"> Centro de Investigaciones Cerebrales<\/a> (<i>Cice<\/i>) de la Universidad Veracruzana (UV) para impartir una serie de conferencias sobre su trabajo en neurociencia computacional, el especialista destac\u00f3 las posibilidades que para el estudio del cerebro brinda esta rama cient\u00edfica en la que convergen \u2013adem\u00e1s de las \u00e1reas de conocimiento que su nombre enuncia\u2013 la biof\u00edsica, la ingenier\u00eda el\u00e9ctrica y las matem\u00e1ticas.<\/p>\n<p>\u201cConocer el funcionamiento del cerebro nos ayuda a entender las patolog\u00edas que lo aquejan y, eventualmente, ofrecer terapias que contribuyan a su tratamiento. Sin embargo, la complejidad de su estructura y funciones es uno de los mayores retos para su estudio y las t\u00e9cnicas experimentales pueden resultarnos insuficientes. Es aqu\u00ed cuando los modelos computacionales pueden significar una alternativa para hacer mediciones y predicciones\u201d, se\u00f1al\u00f3 el investigador.<\/p>\n<p>Mencion\u00f3 que desde la neurociencia computacional es posible plantearse c\u00f3mo es que el cerebro funcionan las computadoras, con el prop\u00f3sito de mejorarlas, pero tambi\u00e9n utilizar las teor\u00edas de la computaci\u00f3n para preguntarse c\u00f3mo es que funciona el cerebro.<\/p>\n<p>En espec\u00edfico, el tema de estudio de Santamar\u00eda es el cerebelo, parte del cerebro que est\u00e1 relacionada con las actividades motrices, pero que \u2013a decir del investigador\u2013 cada vez se relaciona m\u00e1s con la asociaci\u00f3n de predicciones sensoriales; es decir, con el hecho de prever lo que ocurrir\u00e1 incluso antes de que realmente suceda y trazar un plan para hacer m\u00e1s eficientes las acciones que dirige.<\/p>\n<p>\u201cSi alguien toca mi mano y me dice algo, mi cerebro entrar\u00e1 en acci\u00f3n y me permitir\u00e1 responder a esa circunstancia, incluso trazar un plan distinto si detecta un error, a fin de hacer la respuesta m\u00e1s eficiente. Desde nuestro laboratorio podemos ver c\u00f3mo es que esto sucede a nivel celular-computacional y medir lo que se conoce como \u2018potenciales de acci\u00f3n\u2019, que no son m\u00e1s que impulsos el\u00e9ctricos que permiten el intercambio de informaci\u00f3n (sinapsis) entre c\u00e9lulas nerviosas, o bien entre las c\u00e9lulas nerviosas y otros tejidos, tales como las gl\u00e1ndulas o los m\u00fasculos.\u201d<\/p>\n<p>Sobre su visita a la UV, Fidel Santamar\u00eda mencion\u00f3 que fue una de las actividades programadas como parte del desarrollo del proyecto de investigaci\u00f3n sobre autismo que desarrolla de forma conjunta con Jorge Manzo Denes, director del <i>Cice<\/i>.<\/p>\n<p>\u201cEl enfoque conductual que Jorge Manzo y su equipo han dado a su investigaci\u00f3n sobre autismo es muy novedoso; el objetivo es que conjuntemos nuestras l\u00edneas de estudio y obtengamos resultados relevantes con respecto a cu\u00e1les son las mejores terapias para ayudar a las personas con autismo\u201d, concluy\u00f3.<\/p>\n","protected":false},"excerpt":{"rendered":"<p>\u201cNo hay ciencia de primer o tercer mundo, s\u00f3lo hay preguntas buenas o malas\u201d, afirm\u00f3 Fidel Santamar\u00eda, investigador de la U. de Texas, San Antonio<\/p>\n","protected":false},"author":1775,"featured_media":53131,"comment_status":"closed","ping_status":"closed","sticky":false,"template":"","format":"standard","meta":[],"categories":[50],"tags":[519,520,1372,1389,4173,1235,5733,178,5732,749,5734,404],"_links":{"self":[{"href":"https:\/\/www.uv.mx\/prensa\/wp-json\/wp\/v2\/posts\/53130"}],"collection":[{"href":"https:\/\/www.uv.mx\/prensa\/wp-json\/wp\/v2\/posts"}],"about":[{"href":"https:\/\/www.uv.mx\/prensa\/wp-json\/wp\/v2\/types\/post"}],"author":[{"embeddable":true,"href":"https:\/\/www.uv.mx\/prensa\/wp-json\/wp\/v2\/users\/1775"}],"replies":[{"embeddable":true,"href":"https:\/\/www.uv.mx\/prensa\/wp-json\/wp\/v2\/comments?post=53130"}],"version-history":[{"count":1,"href":"https:\/\/www.uv.mx\/prensa\/wp-json\/wp\/v2\/posts\/53130\/revisions"}],"predecessor-version":[{"id":106258,"href":"https:\/\/www.uv.mx\/prensa\/wp-json\/wp\/v2\/posts\/53130\/revisions\/106258"}],"wp:featuredmedia":[{"embeddable":true,"href":"https:\/\/www.uv.mx\/prensa\/wp-json\/wp\/v2\/media\/53131"}],"wp:attachment":[{"href":"https:\/\/www.uv.mx\/prensa\/wp-json\/wp\/v2\/media?parent=53130"}],"wp:term":[{"taxonomy":"category","embeddable":true,"href":"https:\/\/www.uv.mx\/prensa\/wp-json\/wp\/v2\/categories?post=53130"},{"taxonomy":"post_tag","embeddable":true,"href":"https:\/\/www.uv.mx\/prensa\/wp-json\/wp\/v2\/tags?post=53130"}],"curies":[{"name":"wp","href":"https:\/\/api.w.org\/{rel}","templated":true}]}}