{"id":53521,"date":"2018-09-13T09:05:25","date_gmt":"2018-09-13T14:05:25","guid":{"rendered":"https:\/\/www.uv.mx\/prensa\/?p=53521"},"modified":"2021-12-03T11:33:14","modified_gmt":"2021-12-03T17:33:14","slug":"alumnos-valoran-festival-deportivo-universitario","status":"publish","type":"post","link":"https:\/\/www.uv.mx\/prensa\/deportes\/alumnos-valoran-festival-deportivo-universitario\/","title":{"rendered":"Alumnos valoran Festival Deportivo Universitario"},"content":{"rendered":"<ul>\n<li><i>Destacan la competencia y sana convivencia entre las cinco regiones universitarias<\/i><\/li>\n<\/ul>\n<div id=\"attachment_53497\" style=\"width: 732px\" class=\"wp-caption aligncenter\"><a href=\"https:\/\/www.uv.mx\/prensa\/files\/2018\/09\/130918-RELEVANTES-DEPORTES-Festival-1-100k.jpg\"><img aria-describedby=\"caption-attachment-53497\" decoding=\"async\" loading=\"lazy\" class=\"size-full wp-image-53497\" src=\"https:\/\/www.uv.mx\/prensa\/files\/2018\/09\/130918-RELEVANTES-DEPORTES-Festival-1-100k.jpg\" alt=\"\" width=\"722\" height=\"481\" srcset=\"https:\/\/www.uv.mx\/prensa\/files\/2018\/09\/130918-RELEVANTES-DEPORTES-Festival-1-100k.jpg 722w, https:\/\/www.uv.mx\/prensa\/files\/2018\/09\/130918-RELEVANTES-DEPORTES-Festival-1-100k-300x200.jpg 300w\" sizes=\"(max-width: 722px) 100vw, 722px\" \/><\/a><p id=\"caption-attachment-53497\" class=\"wp-caption-text\">Luis Daniel Montoya Tapia<\/p><\/div>\n<p><b><i>Santiago Morales Ortiz<\/i><\/b><\/p>\n<p><b><i>13\/09\/18, Xalapa, Ver.- <\/i><\/b>Alumnos de la Universidad Veracruzana (UV) valoran la importancia del Festival Deportivo Universitario, que del 17 al<span class=\"Apple-converted-space\">\u00a0 <\/span>29 de septiembre reunir\u00e1 en Xalapa, Coatzacoalcos y Tuxpan a alumnos de las cinco regiones de esta casa de estudios, en el marco de una sana convivencia deportiva.<\/p>\n<p>Se trata de la participaci\u00f3n de las regiones universitarias Poza Rica-Tuxpan, Orizaba-C\u00f3rdoba, Coatzacoalcos-Minatitl\u00e1n, Veracruz y Xalapa, en los deportes de baloncesto, beisbol, futbol asociaci\u00f3n, futbol r\u00e1pido, <i>handball<\/i>, softbol, voleibol, judo, ajedrez, atletismo, karate do, taekwondo y voleibol de playa.<\/p>\n<p>Al respecto, Luis Daniel Montoya Tapia, alumno del noveno semestre de <a href=\"https:\/\/www.uv.mx\/fime\/\">Ingenier\u00eda Mec\u00e1nica El\u00e9ctrica en Xalapa<\/a>, dijo que el festival \u201cmotiva a representar dignamente a nuestra regi\u00f3n, pero sobre todo a fomentar el deporte entre todos\u201d.<\/p>\n<p>Se\u00f1al\u00f3 que a nivel competitivo se trata de un evento de calidad, \u201cpues todos vienen bien preparados y con el objetivo de ganar, en un evento que ya es tradicional en la UV\u201d.<\/p>\n<p>Destac\u00f3 la importancia de que los alumnos muestren su desempe\u00f1o y puedan ser tomados en cuenta para ser parte de los equipos representativos de <i>Halcones<\/i>, rumbo a la Universiada Nacional 2019.<\/p>\n<p>\u201cEs el sue\u00f1o de todos, por ello el compromiso de realizar un buen papel y poner el m\u00e1ximo esfuerzo.\u201d<\/p>\n<p>Por su parte, Luis Iv\u00e1n Ben\u00edtez Maya, del d\u00e9cimo semestre de Pedagog\u00eda, se\u00f1al\u00f3 que el festival \u201ctoma m\u00e1s importancia, debido a la competencia que se ha generado en a\u00f1os anteriores y la oportunidad de enfrentarnos a compa\u00f1eros de las diferentes regiones\u201d.<\/p>\n<div id=\"attachment_53498\" style=\"width: 732px\" class=\"wp-caption aligncenter\"><a href=\"https:\/\/www.uv.mx\/prensa\/files\/2018\/09\/130918-RELEVANTES-DEPORTES-Festival-2-100k.jpg\"><img aria-describedby=\"caption-attachment-53498\" decoding=\"async\" loading=\"lazy\" class=\"size-full wp-image-53498\" src=\"https:\/\/www.uv.mx\/prensa\/files\/2018\/09\/130918-RELEVANTES-DEPORTES-Festival-2-100k.jpg\" alt=\"\" width=\"722\" height=\"481\" srcset=\"https:\/\/www.uv.mx\/prensa\/files\/2018\/09\/130918-RELEVANTES-DEPORTES-Festival-2-100k.jpg 722w, https:\/\/www.uv.mx\/prensa\/files\/2018\/09\/130918-RELEVANTES-DEPORTES-Festival-2-100k-300x200.jpg 300w\" sizes=\"(max-width: 722px) 100vw, 722px\" \/><\/a><p id=\"caption-attachment-53498\" class=\"wp-caption-text\">Luis Iv\u00e1n Ben\u00edtez Maya<\/p><\/div>\n<p>Calific\u00f3 como un acierto la organizaci\u00f3n de estos juegos \u201cpues se logra fomentar el deporte como algo primordial, al mismo tiempo que incrementa la convivencia entre los alumnos de las cinco regiones\u201d.<\/p>\n<p>Con la experiencia de haber participado en tres festivales, Ben\u00edtez Maya, quien representa a la regi\u00f3n Xalapa en futbol r\u00e1pido, coment\u00f3 que el compromiso es grande \u201cpues somos los rivales a vencer, todos vienen con la intenci\u00f3n de ganarnos\u201d.<\/p>\n<p>De igual forma, manifest\u00f3 su inter\u00e9s en ser convocado a la Selecci\u00f3n de <i>Halcones<\/i>, \u201cpero todo depender\u00e1 de lo que demostremos en estos juegos\u201d.<\/p>\n<p>Otro de los participantes, Juan Pablo Paulino Arce, alumno del noveno semestre de Estad\u00edstica, destac\u00f3 que se trata del evento deportivo m\u00e1s importante de la UV.<\/p>\n<p>\u201cBrinda la oportunidad de mostrar lo que somos capaces de hacer, como parte de una gran convivencia deportiva.\u201d<\/p>\n<p>Recalc\u00f3 que es un compromiso representar a Xalapa \u201cpues todos vienen con la intenci\u00f3n de vencernos, pero estamos bien preparados para encarar cada uno de los encuentros\u201d.<\/p>\n<div id=\"attachment_53499\" style=\"width: 732px\" class=\"wp-caption aligncenter\"><a href=\"https:\/\/www.uv.mx\/prensa\/files\/2018\/09\/130918-RELEVANTES-DEPORTES-Festival-3-100k.jpg\"><img aria-describedby=\"caption-attachment-53499\" decoding=\"async\" loading=\"lazy\" class=\"size-full wp-image-53499\" src=\"https:\/\/www.uv.mx\/prensa\/files\/2018\/09\/130918-RELEVANTES-DEPORTES-Festival-3-100k.jpg\" alt=\"\" width=\"722\" height=\"481\" srcset=\"https:\/\/www.uv.mx\/prensa\/files\/2018\/09\/130918-RELEVANTES-DEPORTES-Festival-3-100k.jpg 722w, https:\/\/www.uv.mx\/prensa\/files\/2018\/09\/130918-RELEVANTES-DEPORTES-Festival-3-100k-300x200.jpg 300w\" sizes=\"(max-width: 722px) 100vw, 722px\" \/><\/a><p id=\"caption-attachment-53499\" class=\"wp-caption-text\">Juan Pablo Paulino Arce<\/p><\/div>\n","protected":false},"excerpt":{"rendered":"<p>Del 17 al 29 de septiembre habr\u00e1 competencias de  baloncesto, beisbol, futbol asociaci\u00f3n, futbol r\u00e1pido, handball, softbol, voleibol, judo, ajedrez, atletismo, karate do, taekwondo y voleibol de playa<\/p>\n","protected":false},"author":1775,"featured_media":53497,"comment_status":"closed","ping_status":"closed","sticky":false,"template":"","format":"standard","meta":[],"categories":[12],"tags":[363,176,5800,1397,5824,4166,1721,307],"_links":{"self":[{"href":"https:\/\/www.uv.mx\/prensa\/wp-json\/wp\/v2\/posts\/53521"}],"collection":[{"href":"https:\/\/www.uv.mx\/prensa\/wp-json\/wp\/v2\/posts"}],"about":[{"href":"https:\/\/www.uv.mx\/prensa\/wp-json\/wp\/v2\/types\/post"}],"author":[{"embeddable":true,"href":"https:\/\/www.uv.mx\/prensa\/wp-json\/wp\/v2\/users\/1775"}],"replies":[{"embeddable":true,"href":"https:\/\/www.uv.mx\/prensa\/wp-json\/wp\/v2\/comments?post=53521"}],"version-history":[{"count":1,"href":"https:\/\/www.uv.mx\/prensa\/wp-json\/wp\/v2\/posts\/53521\/revisions"}],"predecessor-version":[{"id":106602,"href":"https:\/\/www.uv.mx\/prensa\/wp-json\/wp\/v2\/posts\/53521\/revisions\/106602"}],"wp:featuredmedia":[{"embeddable":true,"href":"https:\/\/www.uv.mx\/prensa\/wp-json\/wp\/v2\/media\/53497"}],"wp:attachment":[{"href":"https:\/\/www.uv.mx\/prensa\/wp-json\/wp\/v2\/media?parent=53521"}],"wp:term":[{"taxonomy":"category","embeddable":true,"href":"https:\/\/www.uv.mx\/prensa\/wp-json\/wp\/v2\/categories?post=53521"},{"taxonomy":"post_tag","embeddable":true,"href":"https:\/\/www.uv.mx\/prensa\/wp-json\/wp\/v2\/tags?post=53521"}],"curies":[{"name":"wp","href":"https:\/\/api.w.org\/{rel}","templated":true}]}}