{"id":53621,"date":"2018-09-13T14:36:35","date_gmt":"2018-09-13T19:36:35","guid":{"rendered":"https:\/\/www.uv.mx\/prensa\/?p=53621"},"modified":"2018-09-13T17:05:08","modified_gmt":"2018-09-13T22:05:08","slug":"uv-acompana-a-estudiantes-para-lograr-sus-suenos-rectora","status":"publish","type":"post","link":"https:\/\/www.uv.mx\/prensa\/banner\/uv-acompana-a-estudiantes-para-lograr-sus-suenos-rectora\/","title":{"rendered":"UV acompa\u00f1a a estudiantes para lograr sus sue\u00f1os: Rectora"},"content":{"rendered":"<ul>\n<li><i>Sara Ladr\u00f3n de Guevara sostuvo una reuni\u00f3n con los <\/i><i>49 alumnos y egresados que cursar\u00e1n estudios de posgrado en las mejores universidades del mundo<\/i><\/li>\n<li><i>Las universidades de\u00a0<\/i><i>China representa<\/i><i>n<\/i><i> una oportunidad <\/i><i>para cursar estudios de posgrado<\/i><\/li>\n<\/ul>\n<p>&nbsp;<\/p>\n<div id=\"attachment_53641\" style=\"width: 1454px\" class=\"wp-caption aligncenter\"><a href=\"https:\/\/www.uv.mx\/prensa\/files\/2018\/09\/DSC_8429-copia.jpg\"><img aria-describedby=\"caption-attachment-53641\" decoding=\"async\" loading=\"lazy\" class=\"size-full wp-image-53641\" src=\"https:\/\/www.uv.mx\/prensa\/files\/2018\/09\/DSC_8429-copia.jpg\" alt=\"\" width=\"1444\" height=\"964\" srcset=\"https:\/\/www.uv.mx\/prensa\/files\/2018\/09\/DSC_8429-copia.jpg 1444w, https:\/\/www.uv.mx\/prensa\/files\/2018\/09\/DSC_8429-copia-300x200.jpg 300w, https:\/\/www.uv.mx\/prensa\/files\/2018\/09\/DSC_8429-copia-768x513.jpg 768w, https:\/\/www.uv.mx\/prensa\/files\/2018\/09\/DSC_8429-copia-1024x684.jpg 1024w, https:\/\/www.uv.mx\/prensa\/files\/2018\/09\/DSC_8429-copia-1200x801.jpg 1200w\" sizes=\"(max-width: 1444px) 100vw, 1444px\" \/><\/a><p id=\"caption-attachment-53641\" class=\"wp-caption-text\">Integrantes de la cuarta generaci\u00f3n del programa J\u00f3venes de Excelencia Citibanamex con la Rectora e invitados especiales<\/p><\/div>\n<p>&nbsp;<\/p>\n<p><b><i>Claudia <\/i><\/b><b><i>Peralta V\u00e1zquez<\/i><\/b><\/p>\n<p><b><i>13\/09\/18, Xalapa, <\/i><\/b><b><i>Ver.-<\/i><\/b> Al reunirse con estudiantes de la cuarta generaci\u00f3n del programa J\u00f3venes de Excelencia <i>Citibanamex<\/i>, la rectora de la Universidad Veracruzana (UV), Sara Ladr\u00f3n de Guevara, los exhort\u00f3 a enfrentar los retos y sue\u00f1os que a\u00fan tienen por cumplir, pues tanto esta casa de estudios como la sociedad tienen confianza en que contribuir\u00e1n a la construcci\u00f3n de un mejor futuro para el pa\u00eds.<\/p>\n<p>La Rectora dirigi\u00f3 este mensaje a los 49 estudiantes y egresados de la UV, provenientes de las cinco regiones universitarias, beneficiarios de este programa que les financia una capacitaci\u00f3n para cursar estudios de maestr\u00eda, principalmente, en las mejores universidades del mundo.<\/p>\n<p>En el marco de esta convivencia, efectuada el jueves 13 de septiembre, y despu\u00e9s de la toma de la foto grupal, Ladr\u00f3n de Guevara les dese\u00f3 \u00e9xito y captar toda la energ\u00eda y coraje para alcanzar este prop\u00f3sito, subrayando que las universidades de China son una opci\u00f3n real para ellos.<\/p>\n<p>Roberto Ruiz Ram\u00f3n, director de Banca Empresarial y de Gobierno de <i>Citibanamex<\/i>, destac\u00f3 que con la cuarta generaci\u00f3n suman alrededor de 110 egresados de la Universidad respaldados por este programa creado hace seis a\u00f1os.<\/p>\n<p>Aunque participan m\u00e1s de dos mil j\u00f3venes, lamentablemente no ha sido posible favorecer a todos y finalmente debe seleccionarse a los mejores.<\/p>\n<p>&nbsp;<\/p>\n<div id=\"attachment_53606\" style=\"width: 732px\" class=\"wp-caption aligncenter\"><a href=\"https:\/\/www.uv.mx\/prensa\/files\/2018\/09\/IV-generacion-2-100k.jpg\"><img aria-describedby=\"caption-attachment-53606\" decoding=\"async\" loading=\"lazy\" class=\"size-full wp-image-53606\" src=\"https:\/\/www.uv.mx\/prensa\/files\/2018\/09\/IV-generacion-2-100k.jpg\" alt=\"\" width=\"722\" height=\"482\" srcset=\"https:\/\/www.uv.mx\/prensa\/files\/2018\/09\/IV-generacion-2-100k.jpg 722w, https:\/\/www.uv.mx\/prensa\/files\/2018\/09\/IV-generacion-2-100k-300x200.jpg 300w\" sizes=\"(max-width: 722px) 100vw, 722px\" \/><\/a><p id=\"caption-attachment-53606\" class=\"wp-caption-text\">La Rectora los motiv\u00f3 a cumplir sus sue\u00f1os y contribuir al cambio del pa\u00eds<\/p><\/div>\n<p>&nbsp;<\/p>\n<p>\u201cLa idea es lanzar pr\u00f3ximamente la quinta convocatoria bajo los mismos principios que las anteriores: promedio, perfil, ganas de seguir estudiando y prepararse intensamente para irse al extranjero y a las mejores universidades a nivel mundial.\u201d<\/p>\n<p>Para ello, durante 20 meses <i>Citibanamex<\/i> les otorga mil pesos mensuales, apoyo que adicionalmente se combina con los facilitados por la UV en materia de cursos de ingl\u00e9s y matem\u00e1ticas, y otras capacitaciones que han tenido lugar en Toronto, Estados Unidos y en la Universidad de Texas, as\u00ed como pl\u00e1ticas con l\u00edderes sociales y empresariales.<\/p>\n<p>Por su parte, An\u00edbal Zottele Allende, coordinador del Centro de Estudios China-Veracruz (<i>Cechiver<\/i>), comparti\u00f3 con los j\u00f3venes algunos de los beneficios que podr\u00edan obtener al cursar estudios de posgrado en universidades de este pa\u00eds oriental con el que la UV mantiene convenio.<\/p>\n<p>Lo anterior, en el entendido de que China tiene especial inter\u00e9s de expandirse econ\u00f3micamente a trav\u00e9s de un modelo de cambio y desarrollo con Am\u00e9rica Latina (AL).<\/p>\n<p>Por tanto, los exhort\u00f3 a que dentro de sus expectativas consideren la elecci\u00f3n de una universidad de esa naci\u00f3n, y aprovechen el trabajo de la UV por establecer convenios con otras instituciones del mundo.<\/p>\n<p>&nbsp;<\/p>\n<div id=\"attachment_53608\" style=\"width: 732px\" class=\"wp-caption aligncenter\"><a href=\"https:\/\/www.uv.mx\/prensa\/files\/2018\/09\/IV-generacion-city-3-100k.jpg\"><img aria-describedby=\"caption-attachment-53608\" decoding=\"async\" loading=\"lazy\" class=\"size-full wp-image-53608\" src=\"https:\/\/www.uv.mx\/prensa\/files\/2018\/09\/IV-generacion-city-3-100k.jpg\" alt=\"\" width=\"722\" height=\"482\" srcset=\"https:\/\/www.uv.mx\/prensa\/files\/2018\/09\/IV-generacion-city-3-100k.jpg 722w, https:\/\/www.uv.mx\/prensa\/files\/2018\/09\/IV-generacion-city-3-100k-300x200.jpg 300w\" sizes=\"(max-width: 722px) 100vw, 722px\" \/><\/a><p id=\"caption-attachment-53608\" class=\"wp-caption-text\">Magdalena Hern\u00e1ndez Alarc\u00f3n, secretaria Acad\u00e9mica de la UV<\/p><\/div>\n<p>&nbsp;<\/p>\n<p>Durante el evento, en el que tambi\u00e9n estuvieron beneficiarios de la tercera generaci\u00f3n, los alumnos se presentaron ante las autoridades universitarias y manifestaron sus deseos por realizar sus posgrados en instituciones de Nueva Zelanda, Estados Unidos, Canad\u00e1 y Reino Unido, entre otras.<\/p>\n<p>Los beneficiarios de la cuarta generaci\u00f3n de J\u00f3venes de Excelencia <i>Citibanamex<\/i> son egresados y algunos m\u00e1s cursan los programas educativos (PE) de: Ingenier\u00eda Civil, Medicina, Administraci\u00f3n de Empresas, Ingenier\u00eda en Biotecnolog\u00eda, Ingenier\u00eda Petrolera, Contadur\u00eda, Arquitectura, Publicidad y Relaciones P\u00fablicas, Instrumentaci\u00f3n Electr\u00f3nica e Ingenier\u00eda Qu\u00edmica, por citar algunos ejemplos.<\/p>\n<p>El programa de preparaci\u00f3n tiene una duraci\u00f3n de aproximadamente 20 meses y consiste en dos cursos: uno presencial y de introducci\u00f3n al ingl\u00e9s y matem\u00e1ticas; y el segundo en l\u00ednea para el proceso de admisi\u00f3n al posgrado de su elecci\u00f3n e inter\u00e9s.<\/p>\n<p>Ver\u00f3nica Solana Mart\u00ednez, subdirectora de <i>Citibanamex<\/i>, comparti\u00f3 experiencias de otros j\u00f3venes de excelencia, por lo cual asegur\u00f3 que s\u00ed es posible y viable superar esta meta.<\/p>\n<p>En tanto, Ernesto P\u00e9rez Astorga, designado como pr\u00f3ximo secretario de Desarrollo Econ\u00f3mico y Portuario del Gobierno del Estado de Veracruz, dialog\u00f3 con los estudiantes sobre sus logros y desempe\u00f1o profesional en el rubro empresarial.<\/p>\n<p>&nbsp;<\/p>\n<div id=\"attachment_53610\" style=\"width: 732px\" class=\"wp-caption aligncenter\"><a href=\"https:\/\/www.uv.mx\/prensa\/files\/2018\/09\/IV-generacion-city-4-100k.jpg\"><img aria-describedby=\"caption-attachment-53610\" decoding=\"async\" loading=\"lazy\" class=\"size-full wp-image-53610\" src=\"https:\/\/www.uv.mx\/prensa\/files\/2018\/09\/IV-generacion-city-4-100k.jpg\" alt=\"\" width=\"722\" height=\"482\" srcset=\"https:\/\/www.uv.mx\/prensa\/files\/2018\/09\/IV-generacion-city-4-100k.jpg 722w, https:\/\/www.uv.mx\/prensa\/files\/2018\/09\/IV-generacion-city-4-100k-300x200.jpg 300w\" sizes=\"(max-width: 722px) 100vw, 722px\" \/><\/a><p id=\"caption-attachment-53610\" class=\"wp-caption-text\">An\u00edbal Zottele Allende, coordinador del <em>Cechiver<\/em>,\u00a0inst\u00f3 a los alumnos a estudiar en China<\/p><\/div>\n<p>&nbsp;<\/p>\n<p>Tambi\u00e9n les extern\u00f3 que ser alumnos de excelencia es un privilegio y agradeci\u00f3 la existencia de programas como <i>Citibanamex<\/i> comprometidos socialmente con la educaci\u00f3n superior.<\/p>\n<p>\u201cLa educaci\u00f3n y experiencia que construyan a lo largo de la vida puede llevarlos a ser grandes profesionistas y empresarios\u201d, resalt\u00f3.<\/p>\n<p>Y el titular de la direcci\u00f3n general de Relaciones Internacionales (DGRI), de Mario Oliva Su\u00e1rez, asegur\u00f3 que la UV tiene m\u00e1s de 300 convenios con instituciones de educaci\u00f3n superior de todo el mundo, por lo que llam\u00f3 a los alumnos a insertarse en alguno de ellos.<\/p>\n<p>Asimismo, Kimi Yoshimura, oficial del Programa Chevening en M\u00e9xico, y Miguel Barradas, egresado de la Facultad de Derecho de la UV, explicaron las posibilidades acad\u00e9micas que hay en el Reino Unido, pues tiene el segundo programa de becas m\u00e1s prestigioso del mundo.<\/p>\n<p>En la convivencia con los J\u00f3venes de Excelencia <i>Citibanamex<\/i> estuvieron: Magdalena Hern\u00e1ndez Alarc\u00f3n, secretaria Acad\u00e9mica de la UV; Ricardo Corzo Ram\u00edrez, asesor de la DGRI; Raciel Dam\u00f3n Mart\u00ednez G\u00f3mez, titular de la Direcci\u00f3n General de Comunicaci\u00f3n Universitaria, y Ra\u00fal Alberto de Arc\u00e1ngelis Mart\u00ednez, consejero del Comit\u00e9 T\u00e9cnico del programa.<\/p>\n<p>&nbsp;<\/p>\n<div id=\"attachment_53614\" style=\"width: 732px\" class=\"wp-caption aligncenter\"><a href=\"https:\/\/www.uv.mx\/prensa\/files\/2018\/09\/IV-gernacion-city-4-100k.jpg\"><img aria-describedby=\"caption-attachment-53614\" decoding=\"async\" loading=\"lazy\" class=\"size-full wp-image-53614\" src=\"https:\/\/www.uv.mx\/prensa\/files\/2018\/09\/IV-gernacion-city-4-100k.jpg\" alt=\"\" width=\"722\" height=\"482\" srcset=\"https:\/\/www.uv.mx\/prensa\/files\/2018\/09\/IV-gernacion-city-4-100k.jpg 722w, https:\/\/www.uv.mx\/prensa\/files\/2018\/09\/IV-gernacion-city-4-100k-300x200.jpg 300w\" sizes=\"(max-width: 722px) 100vw, 722px\" \/><\/a><p id=\"caption-attachment-53614\" class=\"wp-caption-text\">Ernesto P\u00e9rez Astorga comparti\u00f3 con los universitarios sus experiencias y logros dentro del rubro empresarial<\/p><\/div>\n","protected":false},"excerpt":{"rendered":"<p>Sara Ladr\u00f3n de Guevara agradeci\u00f3 a <em>Citybanamex<\/em> el apoyo econ\u00f3mico que brinda a  j\u00f3venes universitarios para cursar posgrados en otros pa\u00edses<\/p>\n","protected":false},"author":1508,"featured_media":53643,"comment_status":"closed","ping_status":"closed","sticky":false,"template":"","format":"standard","meta":[],"categories":[61],"tags":[],"_links":{"self":[{"href":"https:\/\/www.uv.mx\/prensa\/wp-json\/wp\/v2\/posts\/53621"}],"collection":[{"href":"https:\/\/www.uv.mx\/prensa\/wp-json\/wp\/v2\/posts"}],"about":[{"href":"https:\/\/www.uv.mx\/prensa\/wp-json\/wp\/v2\/types\/post"}],"author":[{"embeddable":true,"href":"https:\/\/www.uv.mx\/prensa\/wp-json\/wp\/v2\/users\/1508"}],"replies":[{"embeddable":true,"href":"https:\/\/www.uv.mx\/prensa\/wp-json\/wp\/v2\/comments?post=53621"}],"version-history":[{"count":0,"href":"https:\/\/www.uv.mx\/prensa\/wp-json\/wp\/v2\/posts\/53621\/revisions"}],"wp:featuredmedia":[{"embeddable":true,"href":"https:\/\/www.uv.mx\/prensa\/wp-json\/wp\/v2\/media\/53643"}],"wp:attachment":[{"href":"https:\/\/www.uv.mx\/prensa\/wp-json\/wp\/v2\/media?parent=53621"}],"wp:term":[{"taxonomy":"category","embeddable":true,"href":"https:\/\/www.uv.mx\/prensa\/wp-json\/wp\/v2\/categories?post=53621"},{"taxonomy":"post_tag","embeddable":true,"href":"https:\/\/www.uv.mx\/prensa\/wp-json\/wp\/v2\/tags?post=53621"}],"curies":[{"name":"wp","href":"https:\/\/api.w.org\/{rel}","templated":true}]}}