{"id":53781,"date":"2018-09-17T11:35:53","date_gmt":"2018-09-17T16:35:53","guid":{"rendered":"https:\/\/www.uv.mx\/prensa\/?p=53781"},"modified":"2018-09-18T14:48:53","modified_gmt":"2018-09-18T19:48:53","slug":"uv-convoca-a-la-especializacion-en-estudios-cinematograficos","status":"publish","type":"post","link":"https:\/\/www.uv.mx\/prensa\/general\/uv-convoca-a-la-especializacion-en-estudios-cinematograficos\/","title":{"rendered":"UV convoca a la Especializaci\u00f3n en Estudios Cinematogr\u00e1ficos"},"content":{"rendered":"<ul>\n<li><em>El registro de aspirantes concluye el jueves 27 de septiembre<\/em><\/li>\n<li><em>Mayor informaci\u00f3n en <\/em><a href=\"https:\/\/www.uv.mx\/eec\/\"><em>https:\/\/www.uv.mx\/eec\/<\/em><\/a><\/li>\n<\/ul>\n<p><strong>\u00a0<\/strong><\/p>\n<div id=\"attachment_53782\" style=\"width: 732px\" class=\"wp-caption aligncenter\"><a href=\"https:\/\/www.uv.mx\/prensa\/files\/2018\/09\/Ninos-camara.jpg\"><img aria-describedby=\"caption-attachment-53782\" decoding=\"async\" loading=\"lazy\" class=\"size-full wp-image-53782\" src=\"https:\/\/www.uv.mx\/prensa\/files\/2018\/09\/Ninos-camara.jpg\" alt=\"\" width=\"722\" height=\"406\" srcset=\"https:\/\/www.uv.mx\/prensa\/files\/2018\/09\/Ninos-camara.jpg 722w, https:\/\/www.uv.mx\/prensa\/files\/2018\/09\/Ninos-camara-300x169.jpg 300w\" sizes=\"(max-width: 722px) 100vw, 722px\" \/><\/a><p id=\"caption-attachment-53782\" class=\"wp-caption-text\">Integrantes de la EEC apoyaron la realizaci\u00f3n del cortometraje documental <em>Mujer monta\u00f1a<\/em><\/p><\/div>\n<p><strong>\u00a0<\/strong><\/p>\n<p><strong><em>17\/09\/18, Xalapa, Ver.-<\/em><\/strong> Por segundo a\u00f1o consecutivo, la <a href=\"https:\/\/www.uv.mx\/artesplasticas\/\">Facultad de Artes Pl\u00e1sticas<\/a> (FAP) de la Universidad Veracruzana (UV) abri\u00f3 la convocatoria para cursar la Especializaci\u00f3n en Estudios Cinematogr\u00e1ficos (EEC), un posgrado escolarizado de dos semestres de duraci\u00f3n, dise\u00f1ado para ofrecer una alternativa de formaci\u00f3n cinematogr\u00e1fica de alta calidad acad\u00e9mica a quienes se han formado de manera autodidacta y con base en la pr\u00e1ctica como realizadores audiovisuales, as\u00ed como a quienes se desempe\u00f1an o buscan desempe\u00f1arse como analistas cinematogr\u00e1ficos desde el periodismo.<\/p>\n<p>La convocatoria est\u00e1 abierta para egresados de nivel licenciatura de cualquier \u00e1rea de conocimiento y el registro de aspirantes concluye el jueves 27 de septiembre.<\/p>\n<p>Como parte del proceso de admisi\u00f3n, los aspirantes deben presentar el Examen Nacional de Ingreso al posgrado (EXANI III) y realizar la evaluaci\u00f3n especial, la cual consiste en presentar evidencias sobre su nivel de alfabetizaci\u00f3n audiovisual, sobre c\u00f3mo han cultivado su cinefilia, describir los proyectos que desean realizar en la EEC y entrevistarse con profesores del programa.<\/p>\n<p><strong>\u00a0<\/strong><\/p>\n<p><strong>An\u00e1lisis y creaci\u00f3n cinematogr\u00e1fica para todos<\/strong><\/p>\n<p>En la actualidad, los estudiantes de la primera generaci\u00f3n desarrollan los proyectos de realizaci\u00f3n audiovisual y los ensayos de an\u00e1lisis cinematogr\u00e1fico con los que habr\u00e1n de titularse al finalizar este a\u00f1o. Es un grupo integrado por alumnos de perfiles acad\u00e9micos diversos, entre los que se encuentran, egresados de Animaci\u00f3n y Dise\u00f1o Gr\u00e1fico, Antropolog\u00eda, Ciencias de la Comunicaci\u00f3n, Derecho, Fotograf\u00eda, Gesti\u00f3n Intercultural para el Desarrollo, Ingenier\u00eda Ambiental, Publicidad y Relaciones P\u00fablicas, y Teatro.<\/p>\n<p>Desde la coordinaci\u00f3n de la EEC se espera que los estudiantes de la segunda generaci\u00f3n tengan perfiles y trayectorias diversos y sean tan entusiastas como los de la primera generaci\u00f3n. Para el ciclo 2019, las clases ser\u00e1n los martes y jueves de 19:00 a 21:00 horas, y los viernes de 15:00 a 21:00 en el Aula Clavijero, y los s\u00e1bados de 10:00 a 14:00 en la FAP.<\/p>\n<p>El objetivo ser\u00e1 apoyar a los estudiantes para que, con base en estudiar las cualidades de obras audiovisuales, sean capaces de rese\u00f1arlas cr\u00edticamente en textos period\u00edsticos, ofreciendo argumentos sobre la eficacia comunicativa con la que emplean la gram\u00e1tica del lenguaje cinematogr\u00e1fico y los principios de la dramaturgia, as\u00ed como aplicar su capacidad de an\u00e1lisis en la realizaci\u00f3n de su propia obra audiovisual.<\/p>\n<p>&nbsp;<\/p>\n<p><strong><em>Mujer monta\u00f1a<\/em><\/strong><\/p>\n<p>Un ejemplo la filosof\u00eda de la EEC es el cortometraje documental <em>Mujer monta\u00f1a<\/em> realizado por Annie Hervert, estudiante de la Licenciatura en Fotograf\u00eda, en colaboraci\u00f3n con estudiantes y la coordinaci\u00f3n de la EEC. Fue rodado en la sierra de Zongolica y describe c\u00f3mo Mariel M\u00e9ndez Tello, estudiante de origen nahua de la especializaci\u00f3n, se apropia del lenguaje cinematogr\u00e1fico para emplearlo como herramienta para honrar las caracter\u00edsticas distintivas de su comunidad, de su pueblo, de su cultura y su regi\u00f3n.<\/p>\n<p>En un contexto donde se ha extendido el uso de tel\u00e9fonos inteligentes con herramientas para la producci\u00f3n audiovisual de contenidos, y pr\u00e1cticamente todos tenemos la posibilidad de convertirnos en narradores audiovisuales, el objetivo del cortometraje es mostrar que el cine puede ser una herramienta de comunicaci\u00f3n para personas y colectivos diversos, no s\u00f3lo en medios urbanos, sino tambi\u00e9n en medios rurales; un instrumento para fortalecer la identidad y el sentido de pertenencia comunitario.<\/p>\n<p>En el siguiente enlace puede verse el cortometraje <a href=\"https:\/\/youtu.be\/1og-UTd6UbE\" target=\"_blank\" rel=\"noopener\">https:\/\/youtu.be\/1og-UTd6UbE<\/a>.<\/p>\n<p>Para mayor informaci\u00f3n sobre la especializaci\u00f3n y el proceso de admisi\u00f3n, visite los siguientes enlaces <a href=\"https:\/\/www.uv.mx\/eec\/\" target=\"_blank\" rel=\"noopener\">https:\/\/www.uv.mx\/eec\/<\/a> y <a href=\"https:\/\/www.uv.mx\/escolar\/posgradoenero2019\/index.html\" target=\"_blank\" rel=\"noopener\">https:\/\/www.uv.mx\/escolar\/posgradoenero2019\/index.html<\/a> o en <em>Facebook<\/em>: <a href=\"https:\/\/www.facebook.com\/EstudiosCinematograficosUV\/\" target=\"_blank\" rel=\"noopener\">https:\/\/www.facebook.com\/EstudiosCinematograficosUV\/<\/a>.<\/p>\n","protected":false},"excerpt":{"rendered":"<p>Este posgrado escolarizado, de dos semestres de duraci\u00f3n, est\u00e1 dise\u00f1ado para ofrecer una alternativa de formaci\u00f3n cinematogr\u00e1fica de alta calidad acad\u00e9mica<\/p>\n","protected":false},"author":1869,"featured_media":53782,"comment_status":"closed","ping_status":"closed","sticky":false,"template":"","format":"standard","meta":[],"categories":[1],"tags":[],"_links":{"self":[{"href":"https:\/\/www.uv.mx\/prensa\/wp-json\/wp\/v2\/posts\/53781"}],"collection":[{"href":"https:\/\/www.uv.mx\/prensa\/wp-json\/wp\/v2\/posts"}],"about":[{"href":"https:\/\/www.uv.mx\/prensa\/wp-json\/wp\/v2\/types\/post"}],"author":[{"embeddable":true,"href":"https:\/\/www.uv.mx\/prensa\/wp-json\/wp\/v2\/users\/1869"}],"replies":[{"embeddable":true,"href":"https:\/\/www.uv.mx\/prensa\/wp-json\/wp\/v2\/comments?post=53781"}],"version-history":[{"count":0,"href":"https:\/\/www.uv.mx\/prensa\/wp-json\/wp\/v2\/posts\/53781\/revisions"}],"wp:featuredmedia":[{"embeddable":true,"href":"https:\/\/www.uv.mx\/prensa\/wp-json\/wp\/v2\/media\/53782"}],"wp:attachment":[{"href":"https:\/\/www.uv.mx\/prensa\/wp-json\/wp\/v2\/media?parent=53781"}],"wp:term":[{"taxonomy":"category","embeddable":true,"href":"https:\/\/www.uv.mx\/prensa\/wp-json\/wp\/v2\/categories?post=53781"},{"taxonomy":"post_tag","embeddable":true,"href":"https:\/\/www.uv.mx\/prensa\/wp-json\/wp\/v2\/tags?post=53781"}],"curies":[{"name":"wp","href":"https:\/\/api.w.org\/{rel}","templated":true}]}}