{"id":54108,"date":"2018-09-20T08:55:06","date_gmt":"2018-09-20T13:55:06","guid":{"rendered":"https:\/\/www.uv.mx\/prensa\/?p=54108"},"modified":"2018-09-20T10:11:05","modified_gmt":"2018-09-20T15:11:05","slug":"los-ninos-carecen-de-espacios-publicos-para-jugar-leticia-lozano","status":"publish","type":"post","link":"https:\/\/www.uv.mx\/prensa\/general\/los-ninos-carecen-de-espacios-publicos-para-jugar-leticia-lozano\/","title":{"rendered":"Los ni\u00f1os carecen de espacios p\u00fablicos para jugar: Leticia Lozano"},"content":{"rendered":"<ul>\n<li><i>\u201cA trav\u00e9s del juego <\/i><i>mejoran sus capacidades f\u00edsicas y motrices, su cerebro desarrolla la comprensi\u00f3n de emociones y<\/i><i>,<\/i><i> a la vez<\/i><i>,<\/i><i> generan sus primeras relaciones sociales\u201d<\/i><\/li>\n<li><i>La integrante del <\/i><i>LabCDMX<\/i> <i>dialog\u00f3 con estudiantes de la <\/i><i>Facultad de Arquitectura de la Universidad Veracruzana<\/i><\/li>\n<\/ul>\n<p>&nbsp;<\/p>\n<p><a href=\"https:\/\/www.uv.mx\/prensa\/files\/2018\/09\/170918-CARLOS-Leticia-Lozano.jpg\"><img decoding=\"async\" loading=\"lazy\" class=\"aligncenter size-full wp-image-53899\" src=\"https:\/\/www.uv.mx\/prensa\/files\/2018\/09\/170918-CARLOS-Leticia-Lozano.jpg\" alt=\"\" width=\"722\" height=\"482\" srcset=\"https:\/\/www.uv.mx\/prensa\/files\/2018\/09\/170918-CARLOS-Leticia-Lozano.jpg 722w, https:\/\/www.uv.mx\/prensa\/files\/2018\/09\/170918-CARLOS-Leticia-Lozano-300x200.jpg 300w\" sizes=\"(max-width: 722px) 100vw, 722px\" \/><\/a><\/p>\n<blockquote><p><span class=\"TextRun SCXW223001092\" lang=\"ES-MX\" xml:lang=\"ES-MX\"><span class=\"NormalTextRun SCXW223001092\">\u201cL<\/span><\/span><span class=\"TextRun SCXW223001092\" lang=\"ES-MX\" xml:lang=\"ES-MX\"><span class=\"NormalTextRun SCXW223001092\">os peque\u00f1os que no juegan carecen de habilidades sociales al no convivir con sus semejantes, hecho que favorece los principios de diversas afectaciones como obesidad y miop\u00eda\u201d<\/span><\/span><\/p><\/blockquote>\n<p>&nbsp;<\/p>\n<p><b><i>Carlos Hugo Hermida Rosales<\/i><\/b><\/p>\n<p><b><i>20\/09\/<\/i><\/b><b><i>18<\/i><\/b><b><i>,<\/i><\/b> <b><i>Xalapa, <\/i><\/b><b><i>Ver.<\/i><\/b><b><i>&#8211;<\/i><\/b> Leticia Lozano, coordinadora del eje \u201cCiudad l\u00fadica\u201d del programa Laboratorio para la Ciudad de M\u00e9xico (LabCDMX), plante\u00f3 que las pol\u00edticas de planeaci\u00f3n urbana actuales ignoran las necesidades de los ni\u00f1os y les han arrebatado espacios p\u00fablicos para que jueguen.<\/p>\n<p>\u201cLas autoridades del ramo han olvidado a trav\u00e9s de los a\u00f1os que los ni\u00f1os tienen algo que decir sobre lo que sucede a su alrededor, ya que son los m\u00e1s afectados cuando se desarrolla una mala planeaci\u00f3n y dise\u00f1o urbano\u201d, mencion\u00f3.<\/p>\n<p>La arquitecta dict\u00f3 la conferencia \u201cHacia una ciudad l\u00fadica\u201d, el 14 de septiembre en la <a href=\"https:\/\/www.uv.mx\/arquitectura\/\/\">Facultad de Arquitectura de la Universidad Veracruzana<\/a> (UV). Coment\u00f3 que a nivel nacional como mundial la sociedad atraviesa por una crisis del juego, debido a la falta de espacios p\u00fabicos para los ni\u00f1os.<\/p>\n<p>Enunci\u00f3 que las planeaciones urbanas en M\u00e9xico no se realizan centradas en el peat\u00f3n, y que aunado a esto los ni\u00f1os no pueden transitar solos por las calles debido a los altos niveles de inseguridad, ya que los adultos piensan que la mejor forma de protegerlos es no dejarlos salir.<\/p>\n<p>Enfatiz\u00f3 que es de extrema importancia que los ni\u00f1os jueguen, pues mejoran sus capacidades f\u00edsicas y motrices, su cerebro desarrolla la comprensi\u00f3n de emociones y, a la vez, generan sus primeras relaciones sociales.<\/p>\n<p>\u201cJugar en la ni\u00f1ez genera la personalidad adulta, y los peque\u00f1os que no juegan carecen de habilidades sociales al no convivir con sus semejantes, hecho que favorece los principios de diversas afectaciones como obesidad y miop\u00eda\u201d, afirm\u00f3.<\/p>\n<p>Leticia Lozano agreg\u00f3 que hace falta modificar el pensamiento y deshacerse del \u201cadultocentrismo\u201d, para as\u00ed cambiar procesos dentro del gobierno y sociedad civil sobre c\u00f3mo se dise\u00f1an y planean las ciudades.<\/p>\n<p>\u201cEl adulto debe cambiar su manera de pensar hacia el ni\u00f1o como parte de la poblaci\u00f3n vulnerable, verlo como un sujeto de derecho y entenderlo como un par que tiene algo que decir de su ciudad\u201d, concluy\u00f3.<\/p>\n","protected":false},"excerpt":{"rendered":"<p>La integrante del LabCDMX dialog\u00f3 con estudiantes de la Facultad de Arquitectura<\/p>\n","protected":false},"author":1508,"featured_media":53899,"comment_status":"closed","ping_status":"closed","sticky":false,"template":"","format":"standard","meta":[],"categories":[1],"tags":[],"_links":{"self":[{"href":"https:\/\/www.uv.mx\/prensa\/wp-json\/wp\/v2\/posts\/54108"}],"collection":[{"href":"https:\/\/www.uv.mx\/prensa\/wp-json\/wp\/v2\/posts"}],"about":[{"href":"https:\/\/www.uv.mx\/prensa\/wp-json\/wp\/v2\/types\/post"}],"author":[{"embeddable":true,"href":"https:\/\/www.uv.mx\/prensa\/wp-json\/wp\/v2\/users\/1508"}],"replies":[{"embeddable":true,"href":"https:\/\/www.uv.mx\/prensa\/wp-json\/wp\/v2\/comments?post=54108"}],"version-history":[{"count":0,"href":"https:\/\/www.uv.mx\/prensa\/wp-json\/wp\/v2\/posts\/54108\/revisions"}],"wp:featuredmedia":[{"embeddable":true,"href":"https:\/\/www.uv.mx\/prensa\/wp-json\/wp\/v2\/media\/53899"}],"wp:attachment":[{"href":"https:\/\/www.uv.mx\/prensa\/wp-json\/wp\/v2\/media?parent=54108"}],"wp:term":[{"taxonomy":"category","embeddable":true,"href":"https:\/\/www.uv.mx\/prensa\/wp-json\/wp\/v2\/categories?post=54108"},{"taxonomy":"post_tag","embeddable":true,"href":"https:\/\/www.uv.mx\/prensa\/wp-json\/wp\/v2\/tags?post=54108"}],"curies":[{"name":"wp","href":"https:\/\/api.w.org\/{rel}","templated":true}]}}