{"id":54298,"date":"2018-09-22T09:00:19","date_gmt":"2018-09-22T14:00:19","guid":{"rendered":"https:\/\/www.uv.mx\/prensa\/?p=54298"},"modified":"2018-09-24T12:08:12","modified_gmt":"2018-09-24T17:08:12","slug":"la-uv-se-esta-transformando-para-bien-arturo-miguel-chipuli","status":"publish","type":"post","link":"https:\/\/www.uv.mx\/prensa\/banner\/la-uv-se-esta-transformando-para-bien-arturo-miguel-chipuli\/","title":{"rendered":"La UV se est\u00e1 transformando para bien: Arturo Miguel Ch\u00edpuli"},"content":{"rendered":"<ul>\n<li><em>El jurista opin\u00f3 respecto a la reciente reforma al Art\u00edculo 34 de la Constituci\u00f3n Pol\u00edtica del Estado de Veracruz<\/em><\/li>\n<li><em>Le concede a la UV autonom\u00eda, organizaci\u00f3n y funcionamiento<\/em><\/li>\n<li><em>Plante\u00f3 que los \u00f3rganos de rendici\u00f3n de cuentas tambi\u00e9n deben democratizarse<\/em><\/li>\n<\/ul>\n<p>&nbsp;<\/p>\n<div id=\"attachment_54302\" style=\"width: 732px\" class=\"wp-caption aligncenter\"><a href=\"https:\/\/www.uv.mx\/prensa\/files\/2018\/09\/220918-REFORMA-ART-34.jpg\"><img aria-describedby=\"caption-attachment-54302\" decoding=\"async\" loading=\"lazy\" class=\"size-full wp-image-54302\" src=\"https:\/\/www.uv.mx\/prensa\/files\/2018\/09\/220918-REFORMA-ART-34.jpg\" alt=\"\" width=\"722\" height=\"481\" srcset=\"https:\/\/www.uv.mx\/prensa\/files\/2018\/09\/220918-REFORMA-ART-34.jpg 722w, https:\/\/www.uv.mx\/prensa\/files\/2018\/09\/220918-REFORMA-ART-34-300x200.jpg 300w\" sizes=\"(max-width: 722px) 100vw, 722px\" \/><\/a><p id=\"caption-attachment-54302\" class=\"wp-caption-text\">Arturo Miguel Ch\u00edpuli Castillo, miembro del Instituto de Investigaciones Jur\u00eddicas<\/p><\/div>\n<p>&nbsp;<\/p>\n<p><strong><em>Claudia Peralta V<\/em><\/strong><strong><em>\u00e1zquez<\/em><\/strong><\/p>\n<p><strong><em>22\/09\/18, Xalapa, Ver.-<\/em><\/strong> La Universidad Veracruzana (UV) se est\u00e1 transformando para bien, la renovaci\u00f3n de los \u00f3rganos p\u00fablicos siempre debe generar oportunidades no s\u00f3lo para brindar un buen servicio, sino para reafirmar la fortaleza de la m\u00e1xima casa de estudios considerada como el espacio educativo de mayor trascendencia del estado de Veracruz, destac\u00f3 Arturo Miguel Ch\u00edpuli Castillo, del <a href=\"https:\/\/www.uv.mx\/iij\/\">Instituto de Investigaciones Jur\u00eddicas<\/a> (IIJ).<\/p>\n<p>Al opinar respecto a la reforma del Art\u00edculo 34 de la Constituci\u00f3n Pol\u00edtica del Estado de Veracruz, la cual le confiere a la UV la facultad de iniciar leyes y decretos sobre su organizaci\u00f3n, autonom\u00eda y funcionamiento, el jurista destac\u00f3 que esta evoluci\u00f3n es trascendental pues la funci\u00f3n de autogobierno es un tema que se ha comentado en los \u00faltimos a\u00f1os, a ra\u00edz de la facultad de autonom\u00eda plena que requiere para desempe\u00f1ar sus funciones.<\/p>\n<p>\u201cEs muy importante toda vez que permitir\u00e1 a la UV llevar a cabo planteamientos de iniciativas para realizar su legislaci\u00f3n\u201d, resalt\u00f3 en torno al decreto publicado en la Gaceta Oficial, \u00d3rgano del Gobierno del Estado de Veracruz, el jueves 6 de septiembre.<\/p>\n<p>Ch\u00edpuli Castillo consider\u00f3 que esta evoluci\u00f3n abarcar\u00e1 tanto el campo presupuestal y de gobierno, como las funciones administrativas y pol\u00edticas que son necesarias para una adecuada gesti\u00f3n.<\/p>\n<p>Asegur\u00f3 que al interior de la m\u00e1xima casa de estudios se requieren muchos cambios y uno de ellos es la Ley Org\u00e1nica, pero tambi\u00e9n se ha hablado de un replanteamiento de las funciones al interior de la propia Universidad.<\/p>\n<p>\u201cLo que se requiere es restructurar, pues la \u00faltima reforma que se hizo fue en la d\u00e9cada de los noventa.\u201d<\/p>\n<p>De inicio, dijo, debe replantearse cu\u00e1les son los organismos gubernamentales y administrativos para hacer un diagn\u00f3stico de las funciones desarrolladas respecto a los problemas que se han presentado, y analizar si tienen la capacidad necesaria para generar soluciones.<\/p>\n<p>La Universidad es un campo muy amplio en el que ocurren diversas problem\u00e1ticas que necesitan de una pol\u00edtica p\u00fablica, mediante la cual puedan resolverse de forma adecuada.<\/p>\n<p>De tal forma que esta restructuraci\u00f3n debe diagnosticar y establecer pautas, a\u00f1adi\u00f3 el investigador y asegur\u00f3 que a nivel interno se cuenta con varios reglamentos y estatutos que requerir\u00e1n de una atenci\u00f3n plena.<\/p>\n<p>Con relaci\u00f3n a los \u00f3rganos de rendici\u00f3n de cuentas al interior de la propia Universidad, como la Contralor\u00eda General, la Coordinaci\u00f3n de Acceso a la Informaci\u00f3n y la Defensor\u00eda de los Derechos Universitarios, plante\u00f3 que dichas estructuras tambi\u00e9n deben democratizarse.<\/p>\n<p>No s\u00f3lo se trata de reformar leyes, \u201csino de replantear los \u00f3rganos de rendici\u00f3n de cuentas para democratizar y reducir los espacios de arbitrariedad que pudiese haber.\u201d<\/p>\n<p>En este sentido, subray\u00f3 que el planteamiento de la Ley Org\u00e1nica pretende modificar justamente esa pauta para iniciar la normatividad interna, donde valdr\u00eda la pena tambi\u00e9n incluir a las entidades acad\u00e9micas, pues quiz\u00e1 ah\u00ed haya un espacio de oportunidad que debe ser aprovechado para generar las bases y lograr que toda la legislaci\u00f3n general se aplique de una forma m\u00e1s id\u00f3nea.<\/p>\n<p>Al respecto, puntualiz\u00f3 que la transformaci\u00f3n debe darse de manera progresiva, \u201cprimero debe adaptarse la legislaci\u00f3n general y de ah\u00ed pasar a la secundaria\u201d.<\/p>\n<p>Asimismo, es necesario que exista una coordinaci\u00f3n interinstitucional entre los distintos organismos de la UV y se d\u00e9 cabida a la voz de los sectores populares, con el fin de que adviertan qu\u00e9 problem\u00e1ticas deben controlarse a trav\u00e9s de la legislaci\u00f3n.<\/p>\n<p>El especialista con Maestr\u00eda en Derecho Constitucional y Juicio de Amparo, se congratul\u00f3 por el respaldo de la actual Legislatura del Estado de Veracruz a esta causa, pues refleja su postura pol\u00edtica a favor de la UV. Generalmente, en otras entidades del pa\u00eds no se ha visto un apoyo tan incondicional a la universidad p\u00fablica.<\/p>\n<p>\u201cLa clase pol\u00edtica ha asumido la postura de que la UV es un espacio que debe desarrollarse, pues es la base fundamental de la democracia en muchos sentidos.\u201d<\/p>\n<p>Con relaci\u00f3n a su participaci\u00f3n en el an\u00e1lisis del anteproyecto de la Ley Org\u00e1nica, expuso que sus propuestas se han centrado en dar relevancia al tema de los par\u00e1metros de gobierno abierto, que tiene que ver con transparencia, acceso a la informaci\u00f3n, rendici\u00f3n de cuentas y participaci\u00f3n, a trav\u00e9s del uso de las tecnolog\u00edas de la informaci\u00f3n y la comunicaci\u00f3n (TIC).<\/p>\n","protected":false},"excerpt":{"rendered":"<p>El jurista opin\u00f3 sobre la reforma al Art\u00edculo 34 de la Constituci\u00f3n de Veracruz y plante\u00f3 que los \u00f3rganos de rendici\u00f3n de cuentas tambi\u00e9n deben democratizarse<\/p>\n","protected":false},"author":1869,"featured_media":54301,"comment_status":"closed","ping_status":"closed","sticky":false,"template":"","format":"standard","meta":[],"categories":[61],"tags":[],"_links":{"self":[{"href":"https:\/\/www.uv.mx\/prensa\/wp-json\/wp\/v2\/posts\/54298"}],"collection":[{"href":"https:\/\/www.uv.mx\/prensa\/wp-json\/wp\/v2\/posts"}],"about":[{"href":"https:\/\/www.uv.mx\/prensa\/wp-json\/wp\/v2\/types\/post"}],"author":[{"embeddable":true,"href":"https:\/\/www.uv.mx\/prensa\/wp-json\/wp\/v2\/users\/1869"}],"replies":[{"embeddable":true,"href":"https:\/\/www.uv.mx\/prensa\/wp-json\/wp\/v2\/comments?post=54298"}],"version-history":[{"count":0,"href":"https:\/\/www.uv.mx\/prensa\/wp-json\/wp\/v2\/posts\/54298\/revisions"}],"wp:featuredmedia":[{"embeddable":true,"href":"https:\/\/www.uv.mx\/prensa\/wp-json\/wp\/v2\/media\/54301"}],"wp:attachment":[{"href":"https:\/\/www.uv.mx\/prensa\/wp-json\/wp\/v2\/media?parent=54298"}],"wp:term":[{"taxonomy":"category","embeddable":true,"href":"https:\/\/www.uv.mx\/prensa\/wp-json\/wp\/v2\/categories?post=54298"},{"taxonomy":"post_tag","embeddable":true,"href":"https:\/\/www.uv.mx\/prensa\/wp-json\/wp\/v2\/tags?post=54298"}],"curies":[{"name":"wp","href":"https:\/\/api.w.org\/{rel}","templated":true}]}}