{"id":54300,"date":"2018-09-22T08:58:32","date_gmt":"2018-09-22T13:58:32","guid":{"rendered":"https:\/\/www.uv.mx\/prensa\/?p=54300"},"modified":"2018-09-21T18:10:09","modified_gmt":"2018-09-21T23:10:09","slug":"surgen-campeones-del-festival-deportivo-universitario","status":"publish","type":"post","link":"https:\/\/www.uv.mx\/prensa\/deportes\/surgen-campeones-del-festival-deportivo-universitario\/","title":{"rendered":"Surgen campeones del Festival Deportivo Universitario"},"content":{"rendered":"<ul>\n<li><em>T\u00edtulos para Coatza-Mina, Poza Rica-Tuxpan, Veracruz y Xalapa<\/em><\/li>\n<\/ul>\n<p>&nbsp;<\/p>\n<div id=\"attachment_54320\" style=\"width: 732px\" class=\"wp-caption aligncenter\"><a href=\"https:\/\/www.uv.mx\/prensa\/files\/2018\/09\/220918-PRINCIPALES-BANNER-UV-DEPORTES-Campeones-1.jpg\"><img aria-describedby=\"caption-attachment-54320\" decoding=\"async\" loading=\"lazy\" class=\"size-full wp-image-54320\" src=\"https:\/\/www.uv.mx\/prensa\/files\/2018\/09\/220918-PRINCIPALES-BANNER-UV-DEPORTES-Campeones-1.jpg\" alt=\"\" width=\"722\" height=\"400\" srcset=\"https:\/\/www.uv.mx\/prensa\/files\/2018\/09\/220918-PRINCIPALES-BANNER-UV-DEPORTES-Campeones-1.jpg 722w, https:\/\/www.uv.mx\/prensa\/files\/2018\/09\/220918-PRINCIPALES-BANNER-UV-DEPORTES-Campeones-1-300x166.jpg 300w\" sizes=\"(max-width: 722px) 100vw, 722px\" \/><\/a><p id=\"caption-attachment-54320\" class=\"wp-caption-text\">Selecci\u00f3n Femenil de Futbol de Veracruz, campeonas del Festival Deportivo<\/p><\/div>\n<p>&nbsp;<\/p>\n<p><strong><em>Santiago Morales Ortiz<\/em><\/strong><\/p>\n<p><strong><em>22\/09\/18, Xalapa, Ver.-<\/em><\/strong> En los encuentros disputados el jueves 20 de septiembre se mostr\u00f3 el alto nivel competitivo que ha alcanzado el deporte de la Universidad Veracruzana en sus cinco regiones, de los cuales surgieron los campeones del Festival Deportivo Universitario.<\/p>\n<p>En futbol asociaci\u00f3n, las batallas fueron intensas en las dos ramas. El equipo femenil de Veracruz, base de la Selecci\u00f3n de <em>Halcones<\/em> en la Copa <em>Telmex<\/em>, se coron\u00f3 al sumar cuatro puntos, luego de intensa batalla ante la regi\u00f3n Xalapa, con la que empat\u00f3 a un gol y perdi\u00f3 en los tiros penales, sin embargo le vali\u00f3 la victoria que obtuvo sobre Orizaba-C\u00f3rdoba por 2-1, para llevarse los m\u00e1ximos honores.<\/p>\n<p>En la rama varonil todo se decidi\u00f3 en el \u00faltimo juego entre Poza Rica-Tuxpan y Veracruz, que luego de terminar 1-1 en el tiempo normal se fueron a los penales. Ambos equipos sumaron 10 puntos, pero la corona fue para Poza Rica-Tuxpan por mejor producci\u00f3n de goles.<\/p>\n<p>&nbsp;<\/p>\n<p><strong>Futbol r\u00e1pido<\/strong><\/p>\n<p>En futbol r\u00e1pido varonil la corona fue para Coatzacoalcos-Minatitl\u00e1n, que cerr\u00f3 en forma invicta el torneo con 12 puntos, al vencer con marcador de 6-5 a Orizaba-C\u00f3rdoba.<\/p>\n<p>En la rama femenil, Xalapa fue el campe\u00f3n al cerrar con 10 puntos, tras la victoria sobre Orizaba-C\u00f3rdoba con marcador de 5-1.<\/p>\n<p>&nbsp;<\/p>\n<p><strong>Voleibol<\/strong><\/p>\n<p>Dentro del voleibol de sala, los t\u00edtulos en ambas ramas fueron para Veracruz.<\/p>\n<p>Los equipos porte\u00f1os cerraron con triunfos en dos <em>sets<\/em> sobre los conjuntos de Coatzacoalcos-Minatitl\u00e1n.<\/p>\n<p>La segunda parte del Festival Deportivo Universitario continuar\u00e1 la semana pr\u00f3xima con ajedrez, atletismo, taekwondo y karate do, en Xalapa; beisbol y softbol en Coatzacoalcos-Minatitl\u00e1n, y voleibol de playa en Poza Rica-Tuxpan.<\/p>\n<p>&nbsp;<\/p>\n<div id=\"attachment_54319\" style=\"width: 732px\" class=\"wp-caption aligncenter\"><a href=\"https:\/\/www.uv.mx\/prensa\/files\/2018\/09\/220918-PRINCIPALES-BANNER-UV-DEPORTES-Campeones-2.jpg\"><img aria-describedby=\"caption-attachment-54319\" decoding=\"async\" loading=\"lazy\" class=\"size-full wp-image-54319\" src=\"https:\/\/www.uv.mx\/prensa\/files\/2018\/09\/220918-PRINCIPALES-BANNER-UV-DEPORTES-Campeones-2.jpg\" alt=\"\" width=\"722\" height=\"542\" srcset=\"https:\/\/www.uv.mx\/prensa\/files\/2018\/09\/220918-PRINCIPALES-BANNER-UV-DEPORTES-Campeones-2.jpg 722w, https:\/\/www.uv.mx\/prensa\/files\/2018\/09\/220918-PRINCIPALES-BANNER-UV-DEPORTES-Campeones-2-300x225.jpg 300w\" sizes=\"(max-width: 722px) 100vw, 722px\" \/><\/a><p id=\"caption-attachment-54319\" class=\"wp-caption-text\">Coatza-Mina, campe\u00f3n del futbol r\u00e1pido<\/p><\/div>\n","protected":false},"excerpt":{"rendered":"<p>T\u00edtulos para Coatza-Mina, Poza Rica-Tuxpan, Veracruz y Xalapa; la segunda parte continuar\u00e1 la semana pr\u00f3xima con ajedrez, atletismo, taekwondo, karate do, beisbol, softbol y voleibol de playa<\/p>\n","protected":false},"author":1869,"featured_media":54312,"comment_status":"closed","ping_status":"closed","sticky":false,"template":"","format":"standard","meta":[],"categories":[12,61],"tags":[],"_links":{"self":[{"href":"https:\/\/www.uv.mx\/prensa\/wp-json\/wp\/v2\/posts\/54300"}],"collection":[{"href":"https:\/\/www.uv.mx\/prensa\/wp-json\/wp\/v2\/posts"}],"about":[{"href":"https:\/\/www.uv.mx\/prensa\/wp-json\/wp\/v2\/types\/post"}],"author":[{"embeddable":true,"href":"https:\/\/www.uv.mx\/prensa\/wp-json\/wp\/v2\/users\/1869"}],"replies":[{"embeddable":true,"href":"https:\/\/www.uv.mx\/prensa\/wp-json\/wp\/v2\/comments?post=54300"}],"version-history":[{"count":0,"href":"https:\/\/www.uv.mx\/prensa\/wp-json\/wp\/v2\/posts\/54300\/revisions"}],"wp:featuredmedia":[{"embeddable":true,"href":"https:\/\/www.uv.mx\/prensa\/wp-json\/wp\/v2\/media\/54312"}],"wp:attachment":[{"href":"https:\/\/www.uv.mx\/prensa\/wp-json\/wp\/v2\/media?parent=54300"}],"wp:term":[{"taxonomy":"category","embeddable":true,"href":"https:\/\/www.uv.mx\/prensa\/wp-json\/wp\/v2\/categories?post=54300"},{"taxonomy":"post_tag","embeddable":true,"href":"https:\/\/www.uv.mx\/prensa\/wp-json\/wp\/v2\/tags?post=54300"}],"curies":[{"name":"wp","href":"https:\/\/api.w.org\/{rel}","templated":true}]}}