{"id":54350,"date":"2018-09-23T08:59:46","date_gmt":"2018-09-23T13:59:46","guid":{"rendered":"https:\/\/www.uv.mx\/prensa\/?p=54350"},"modified":"2018-09-24T10:38:26","modified_gmt":"2018-09-24T15:38:26","slug":"uv-apoya-equidad-de-genero-derechos-humanos-y-sustentabilidad","status":"publish","type":"post","link":"https:\/\/www.uv.mx\/prensa\/banner\/uv-apoya-equidad-de-genero-derechos-humanos-y-sustentabilidad\/","title":{"rendered":"UV apoya equidad de g\u00e9nero, derechos humanos y sustentabilidad"},"content":{"rendered":"<ul>\n<li><em>Tambi\u00e9n cuenta con programas de promoci\u00f3n de la salud para atender a la comunidad universitaria<\/em><\/li>\n<\/ul>\n<p>&nbsp;<\/p>\n<div id=\"attachment_53892\" style=\"width: 732px\" class=\"wp-caption aligncenter\"><a href=\"https:\/\/www.uv.mx\/prensa\/files\/2018\/09\/170918-PAOLA-Salud-y-sustentabilidad-1-100k.jpg\"><img aria-describedby=\"caption-attachment-53892\" decoding=\"async\" loading=\"lazy\" class=\"size-full wp-image-53892\" src=\"https:\/\/www.uv.mx\/prensa\/files\/2018\/09\/170918-PAOLA-Salud-y-sustentabilidad-1-100k.jpg\" alt=\"\" width=\"722\" height=\"481\" srcset=\"https:\/\/www.uv.mx\/prensa\/files\/2018\/09\/170918-PAOLA-Salud-y-sustentabilidad-1-100k.jpg 722w, https:\/\/www.uv.mx\/prensa\/files\/2018\/09\/170918-PAOLA-Salud-y-sustentabilidad-1-100k-300x200.jpg 300w\" sizes=\"(max-width: 722px) 100vw, 722px\" \/><\/a><p id=\"caption-attachment-53892\" class=\"wp-caption-text\">UV cuenta con programas de atenci\u00f3n a la salud de su comunidad<\/p><\/div>\n<p><strong><em>\u00a0<\/em><\/strong><\/p>\n<p><strong><em>Paola Cort<\/em><\/strong><strong><em>\u00e9s P<\/em><\/strong><strong><em>\u00e9rez<\/em><\/strong><\/p>\n<p><strong><em>23\/09\/18, Xalapa, Ver.-<\/em><\/strong> Como instituci\u00f3n p\u00fablica generadora de conocimiento y formadora de profesionistas de calidad, a trav\u00e9s de diversos programas la Universidad Veracruzana (UV) difunde e informa a la comunidad universitaria y la sociedad en general sobre la equidad de g\u00e9nero, sustentabilidad, promoci\u00f3n de la salud, derechos humanos y justicia, as\u00ed como prevenci\u00f3n del riesgo y la seguridad, mencion\u00f3 la rectora Sara Ladr\u00f3n de Guevara en su Primer Informe de Actividades, correspondiente al periodo septiembre 2017-agosto 2018.<\/p>\n<p>A trav\u00e9s del <a href=\"https:\/\/www.uv.mx\/cendhiu\/\">Centro para el Desarrollo Humano e Integral de los Universitarios<\/a> (<em>Cendhiu<\/em>), el Examen de Salud Integral (ESI), el M\u00f3dulo de Atenci\u00f3n de Primeros Auxilios en la Unidad Central de Rector\u00eda, el Programa de Salud a Estudiantes Embarazadas de la UV (<em>Proseembuv<\/em>), Atenci\u00f3n Integral para la Salud del Deportista y la campa\u00f1a \u201cA quitarnos un kilo de encima, la familia y a UV nos necesitan\u201d, la Universidad ofrece a la comunidad universitaria una gran diversidad de programas de salud.<\/p>\n<p>Adem\u00e1s, tambi\u00e9n est\u00e1n las Rodadas Universitarias, el Sistema de Atenci\u00f3n Integral a la Salud (SAISUV) y la Cl\u00ednica Universitaria de Salud Reproductiva y Sexual (CUSRS), que adem\u00e1s brinda atenci\u00f3n a la poblaci\u00f3n en general.<\/p>\n<p>Durante el periodo en menci\u00f3n fueron atendidos 11 mil 119 estudiantes en el ESI; 12 mil en el <em>Cendhiu<\/em>; tres mil 615 usuarios de la comunidad universitaria asistieron al M\u00f3dulo de Atenci\u00f3n de Primeros Auxilios en Rector\u00eda.<\/p>\n<p>Cuatro mil 707 consultas en la CUSRS; 21 estudiantes atendidas en <em>Proseembuv<\/em>; seis mil 300 j\u00f3venes universitarios recibieron Atenci\u00f3n Integral para la Salud del Deportista, y se tienen 14 mil 260 derechohabientes y dependientes en el SAISUV.<\/p>\n<p>Por lo que respecta a la promoci\u00f3n de la igualdad de derechos y oportunidades, y la equidad de g\u00e9nero, se impartieron los cursos: \u201cEstrategias participativas para la promoci\u00f3n de una cultura de igualdad de g\u00e9nero\u201d; \u201cMasculinidades, feminicidios y diversidad sexo gen\u00e9rica desde un enfoque de derechos humanos\u201d; \u201cIncorporaci\u00f3n de la perspectiva de g\u00e9nero en <em>PlaDEA<\/em> y <em>PlaDE<\/em>\u201d.<\/p>\n<p>Tambi\u00e9n se realiz\u00f3 el Foro Diversidad, Inclusi\u00f3n y No Discriminaci\u00f3n; la conferencia \u201cViolencia de g\u00e9nero en M\u00e9xico y Espa\u00f1a\u201d, y la campa\u00f1a <em>#ElSilencioMarcaTuVida<\/em>, que busca visibilizar la violencia y promover la denuncia de casos de acoso y hostigamiento sexual, discriminaci\u00f3n y cualquier tipo de violencia de g\u00e9nero.<\/p>\n<p>&nbsp;<\/p>\n<div id=\"attachment_53905\" style=\"width: 732px\" class=\"wp-caption aligncenter\"><a href=\"https:\/\/www.uv.mx\/prensa\/files\/2018\/09\/170918-PAOLA-Salud-y-sustentabilidad-2-100k.jpg\"><img aria-describedby=\"caption-attachment-53905\" decoding=\"async\" loading=\"lazy\" class=\"size-full wp-image-53905\" src=\"https:\/\/www.uv.mx\/prensa\/files\/2018\/09\/170918-PAOLA-Salud-y-sustentabilidad-2-100k.jpg\" alt=\"\" width=\"722\" height=\"478\" srcset=\"https:\/\/www.uv.mx\/prensa\/files\/2018\/09\/170918-PAOLA-Salud-y-sustentabilidad-2-100k.jpg 722w, https:\/\/www.uv.mx\/prensa\/files\/2018\/09\/170918-PAOLA-Salud-y-sustentabilidad-2-100k-300x199.jpg 300w\" sizes=\"(max-width: 722px) 100vw, 722px\" \/><\/a><p id=\"caption-attachment-53905\" class=\"wp-caption-text\">Entre las actividades de medio ambiente y sustentabilidad, la UV realiz\u00f3 ExpoSustenta<\/p><\/div>\n<p>&nbsp;<\/p>\n<p>En el tema de medio ambiente y sustentabilidad, 62 entidades y dependencias realizaron actividades relacionadas y se elaboraron 47 planes de sustentabilidad de entidades acad\u00e9micas, mientras la UV mantiene la Secretar\u00eda Ejecutiva del Consorcio Mexicano de Programas Ambientales Universitarios para el Desarrollo Sustentable (COMPLEXUS).<\/p>\n<p>Asimismo, 160 acad\u00e9micos y 665 estudiantes participaron en actividades de formaci\u00f3n en el tema de sustentabilidad; 360 estudiantes cursaron la experiencia educativa (EE) de elecci\u00f3n libre Ven a la Cultura; se registraron 14 mil 970 participantes en diversos eventos y acciones enfocados a fortalecer la vinculaci\u00f3n y la responsabilidad social, cultura humanista y sustentabilidad.<\/p>\n<p>Tambi\u00e9n se realiz\u00f3 la Feria Universitaria ExpoSustenta 2017; se puso en marcha el programa de pr\u00e9stamo de bicicletas Bici UV en el Campus para la Cultura, las Artes y el Deporte; se crearon 14 huertos comunitarios medicinales y alimenticios; se realizaron siete ediciones del Tianguis Agroecol\u00f3gico Universitario; se cre\u00f3 el sello Cafeter\u00eda Sustentable; Tele UV transmiti\u00f3 10 cap\u00edtulos del programa de <em>Tlayolohtli<\/em> (coraz\u00f3n de tierra); se realiz\u00f3 un programa en Radiotelevisi\u00f3n de Veracruz (RTV), entre otras acciones.<\/p>\n<p>&nbsp;<\/p>\n<p><strong>Prevenci\u00f3n del riesgo y seguridad<\/strong><\/p>\n<p>En este tema, la Universidad cuenta con el Sistema Universitario de Gesti\u00f3n Integral del Riesgo (SUGIR), que ha actuado en su orden de protecci\u00f3n de prioridades, privilegiando la seguridad de la comunidad universitaria.<\/p>\n<p>En este a\u00f1o, la UV particip\u00f3 en la Campa\u00f1a Universidades Sostenibles y Resilientes de la Red Universitaria de Am\u00e9rica Latina y el Caribe para la Reducci\u00f3n de Riesgo de Desastres (REDULAC\/RRD), siendo seleccionada como una de las 10 universidades de la regi\u00f3n continental y \u00fanica de M\u00e9xico, en las que se implementar\u00e1 dicha campa\u00f1a durante 2018 y 2019.<\/p>\n<p>Esta campa\u00f1a consiste en promover la transferencia de conocimientos y pr\u00e1cticas enfocadas a la gesti\u00f3n de la sostenibilidad y la resiliencia que permitan reducir la inequidad, la fragilidad ambiental, el impacto del cambio clim\u00e1tico y el riesgo de desastres en los recintos universitarios.<\/p>\n<p>&nbsp;<\/p>\n<div id=\"attachment_53893\" style=\"width: 732px\" class=\"wp-caption aligncenter\"><a href=\"https:\/\/www.uv.mx\/prensa\/files\/2018\/09\/170918-PAOLA-Salud-y-sustentabilidad-3-100k.jpg\"><img aria-describedby=\"caption-attachment-53893\" decoding=\"async\" loading=\"lazy\" class=\"size-full wp-image-53893\" src=\"https:\/\/www.uv.mx\/prensa\/files\/2018\/09\/170918-PAOLA-Salud-y-sustentabilidad-3-100k.jpg\" alt=\"\" width=\"722\" height=\"481\" srcset=\"https:\/\/www.uv.mx\/prensa\/files\/2018\/09\/170918-PAOLA-Salud-y-sustentabilidad-3-100k.jpg 722w, https:\/\/www.uv.mx\/prensa\/files\/2018\/09\/170918-PAOLA-Salud-y-sustentabilidad-3-100k-300x200.jpg 300w\" sizes=\"(max-width: 722px) 100vw, 722px\" \/><\/a><p id=\"caption-attachment-53893\" class=\"wp-caption-text\">Se puso en marcha el programa Bici UV<\/p><\/div>\n","protected":false},"excerpt":{"rendered":"<p>En este a\u00f1o, la UV particip\u00f3 en la Campa\u00f1a Universidades Sostenibles y Resilientes de la REDULAC\/RRD, como una de las 10 universidades de la regi\u00f3n continental en las que se implementar\u00e1 la iniciativa<\/p>\n","protected":false},"author":1869,"featured_media":54351,"comment_status":"closed","ping_status":"closed","sticky":false,"template":"","format":"standard","meta":[],"categories":[61],"tags":[],"_links":{"self":[{"href":"https:\/\/www.uv.mx\/prensa\/wp-json\/wp\/v2\/posts\/54350"}],"collection":[{"href":"https:\/\/www.uv.mx\/prensa\/wp-json\/wp\/v2\/posts"}],"about":[{"href":"https:\/\/www.uv.mx\/prensa\/wp-json\/wp\/v2\/types\/post"}],"author":[{"embeddable":true,"href":"https:\/\/www.uv.mx\/prensa\/wp-json\/wp\/v2\/users\/1869"}],"replies":[{"embeddable":true,"href":"https:\/\/www.uv.mx\/prensa\/wp-json\/wp\/v2\/comments?post=54350"}],"version-history":[{"count":0,"href":"https:\/\/www.uv.mx\/prensa\/wp-json\/wp\/v2\/posts\/54350\/revisions"}],"wp:featuredmedia":[{"embeddable":true,"href":"https:\/\/www.uv.mx\/prensa\/wp-json\/wp\/v2\/media\/54351"}],"wp:attachment":[{"href":"https:\/\/www.uv.mx\/prensa\/wp-json\/wp\/v2\/media?parent=54350"}],"wp:term":[{"taxonomy":"category","embeddable":true,"href":"https:\/\/www.uv.mx\/prensa\/wp-json\/wp\/v2\/categories?post=54350"},{"taxonomy":"post_tag","embeddable":true,"href":"https:\/\/www.uv.mx\/prensa\/wp-json\/wp\/v2\/tags?post=54350"}],"curies":[{"name":"wp","href":"https:\/\/api.w.org\/{rel}","templated":true}]}}