{"id":54463,"date":"2018-09-24T19:49:42","date_gmt":"2018-09-25T00:49:42","guid":{"rendered":"https:\/\/www.uv.mx\/prensa\/?p=54463"},"modified":"2018-09-25T10:40:15","modified_gmt":"2018-09-25T15:40:15","slug":"uv-difunde-innovaciones-en-electronica-y-computacion","status":"publish","type":"post","link":"https:\/\/www.uv.mx\/prensa\/general\/uv-difunde-innovaciones-en-electronica-y-computacion\/","title":{"rendered":"UV difunde innovaciones en electr\u00f3nica y computaci\u00f3n"},"content":{"rendered":"<ul>\n<li><i>F<\/i><i>ue inaugurada la Conferencia de Investigaci\u00f3n e Innovaci\u00f3n en Electr\u00f3nica y Computaci\u00f3n (CIIEC) 2018<\/i><\/li>\n<li><i>Es organizada por la Facultad de Instrumentaci\u00f3n Electr\u00f3nica y la Maestr\u00eda en Ingenier\u00eda Electr\u00f3nica y Computaci\u00f3n<\/i><\/li>\n<\/ul>\n<p>&nbsp;<\/p>\n<div id=\"attachment_54464\" style=\"width: 732px\" class=\"wp-caption aligncenter\"><a href=\"https:\/\/www.uv.mx\/prensa\/files\/2018\/09\/240918-CIIEC-2018-1.JPG\"><img aria-describedby=\"caption-attachment-54464\" decoding=\"async\" loading=\"lazy\" class=\"wp-image-54464 size-full\" src=\"https:\/\/www.uv.mx\/prensa\/files\/2018\/09\/240918-CIIEC-2018-1.JPG\" alt=\"\" width=\"722\" height=\"391\" srcset=\"https:\/\/www.uv.mx\/prensa\/files\/2018\/09\/240918-CIIEC-2018-1.JPG 722w, https:\/\/www.uv.mx\/prensa\/files\/2018\/09\/240918-CIIEC-2018-1-300x162.jpg 300w\" sizes=\"(max-width: 722px) 100vw, 722px\" \/><\/a><p id=\"caption-attachment-54464\" class=\"wp-caption-text\">\u00c1ngel Trigos Landa, director general de Investigaciones, inaugur\u00f3 la CIIEC-2018<\/p><\/div>\n<p>&nbsp;<\/p>\n<p><b><i>Claudia Peralta V\u00e1zquez<\/i><\/b><\/p>\n<p><b><i>24<\/i><\/b><b><i>\/<\/i><\/b><b><i>09<\/i><\/b><b><i>\/<\/i><\/b><b><i>18, Xalapa, Ver.-<\/i><\/b> \u00c1ngel Trigos Landa, director general de Investigaciones (DGI) de la Universidad Veracruzana (UV), inaugur\u00f3 el lunes 24 de septiembre la Conferencia de Investigaci\u00f3n e Innovaci\u00f3n en Electr\u00f3nica y Computaci\u00f3n (CIIEC) 2018, organizada por la<a href=\"https:\/\/www.uv.mx\/instru\/\"> Facultad de Instrumentaci\u00f3n Electr\u00f3nica<\/a> (FIE) y la Maestr\u00eda en Ingenier\u00eda Electr\u00f3nica y Computaci\u00f3n de esta casa de estudios.<\/p>\n<p>En su mensaje a los acad\u00e9micos y alumnos de ambos programas educativos (PE) \u2013que participan los d\u00edas 24 y 25 de septiembre en este evento coordinado por Jos\u00e9 Luis Garc\u00eda Gervacio\u2013 destac\u00f3 el avance y los cambios notables de la ciencia y la tecnolog\u00eda.<\/p>\n<p>\u201cEs f\u00e1cil imaginar que dentro de poco habr\u00e1 autom\u00f3viles el\u00e9ctricos y robots, aunque para ustedes ya es algo com\u00fan el empleo de fibra \u00f3ptica, microprocesadores, im\u00e1genes de resonancia, medicina nuclear, tel\u00e9fonos celulares inteligentes, drones e impresoras 3D.\u201d<\/p>\n<p>Durante este acto realizado en la sala de videoconferencias de la Unidad de Servicios Bibliotecarios y de Informaci\u00f3n (USBI), el funcionario reflexion\u00f3 en torno al progreso que se avecina con el desarrollo de la Industria 4.0 y de la inteligencia artificial.<\/p>\n<p>Asimismo, celebr\u00f3 que dentro del CIIEC-2018 se aborden temas relacionados con la evoluci\u00f3n de la electr\u00f3nica, ecosistema de dise\u00f1o de circuitos, micro y nanodispositivos, ingenier\u00eda del lenguaje y del conocimiento, transistores, estrategias de programaci\u00f3n, telemedicina, e Industria 4.0<\/p>\n<p>Adem\u00e1s, propuso que posteriormente se toquen aspectos sobre la protecci\u00f3n de proyectos y del conocimiento, lo cual todo cient\u00edfico, tecn\u00f3logo e innovador debe saber.<\/p>\n<p>En tanto, H\u00e9ctor V\u00e1zquez Leal, coordinador de la Maestr\u00eda en Ingenier\u00eda Electr\u00f3nica y Computaci\u00f3n, inst\u00f3 a los estudiantes a aprovechar al m\u00e1ximo las ponencias de los especialistas invitados, quienes demostrar\u00e1n el trabajo que se hace fuera de la UV.<\/p>\n<p>\u201cTratamos de que el evento plasme lo que actualmente est\u00e1 en desarrollo y en el futuro, que veamos hacia donde avanzamos como sociedad que genera conocimiento.\u201d<\/p>\n<p>En el evento estuvo Pablo Samuel Luna Lozano, director de la Facultad de Instrumentaci\u00f3n Electr\u00f3nica, e Isidro Vicencio Delgadillo, representante del \u00c1rea Acad\u00e9mica T\u00e9cnica.<\/p>\n<p>El martes 25 de septiembre, a partir de las 10:00 horas, las actividades contin\u00faan con la ponencia \u201cEl memristor: de concepto a dispositivo e innovativas aplicaciones\u201d, por Arturo Sarmiento Reyes, del Instituto Nacional de Astrof\u00edsica, \u00d3ptica y Electr\u00f3nica (INAOE).<\/p>\n<p>A las 11:00 horas, Agust\u00edn Herrera May, del Centro de Investigaci\u00f3n en Micro y Nanotecnolog\u00eda (<i>Microna<\/i>) de la Facultad de Ingenier\u00eda El\u00e9ctrica y Electr\u00f3nica, regi\u00f3n Veracruz, intervendr\u00e1 con \u201cMicro y nanodispositivos para aplicaciones en ingenier\u00eda y biomedicina\u201d.<\/p>\n<p>Posteriormente, a las 12.20 horas, Alexandro Gir\u00f3n Allende, de Intel Guadalajara Design Center, hablar\u00e1 de \u201cLa innovaci\u00f3n como un proceso de transformaci\u00f3n\u201d; y a las 13:20 Edgard Ben\u00edtez Guerrero, de la UV, expondr\u00e1 \u201cHacia una infraestructura para agilizar el desarrollo de sistemas centrados en el usuario\u201d.<\/p>\n<p>&nbsp;<\/p>\n<div id=\"attachment_54465\" style=\"width: 732px\" class=\"wp-caption aligncenter\"><a href=\"https:\/\/www.uv.mx\/prensa\/files\/2018\/09\/240918-CIIEC-2018-2.JPG\"><img aria-describedby=\"caption-attachment-54465\" decoding=\"async\" loading=\"lazy\" class=\"size-full wp-image-54465\" src=\"https:\/\/www.uv.mx\/prensa\/files\/2018\/09\/240918-CIIEC-2018-2.JPG\" alt=\"\" width=\"722\" height=\"481\" srcset=\"https:\/\/www.uv.mx\/prensa\/files\/2018\/09\/240918-CIIEC-2018-2.JPG 722w, https:\/\/www.uv.mx\/prensa\/files\/2018\/09\/240918-CIIEC-2018-2-300x200.jpg 300w\" sizes=\"(max-width: 722px) 100vw, 722px\" \/><\/a><p id=\"caption-attachment-54465\" class=\"wp-caption-text\">Estudiantes de la FIE y de la Maestr\u00eda en Ingenier\u00eda Electr\u00f3nica y Computaci\u00f3n asistieron a la CIIEC-2018<\/p><\/div>\n","protected":false},"excerpt":{"rendered":"<p>Inici\u00f3 la Conferencia de Investigaci\u00f3n e Innovaci\u00f3n en Electr\u00f3nica y Computaci\u00f3n 2018, organizada por la Facultad de Instrumentaci\u00f3n Electr\u00f3nica y la Maestr\u00eda en Ingenier\u00eda Electr\u00f3nica y Computaci\u00f3n<\/p>\n","protected":false},"author":1508,"featured_media":54464,"comment_status":"closed","ping_status":"closed","sticky":false,"template":"","format":"standard","meta":[],"categories":[1],"tags":[],"_links":{"self":[{"href":"https:\/\/www.uv.mx\/prensa\/wp-json\/wp\/v2\/posts\/54463"}],"collection":[{"href":"https:\/\/www.uv.mx\/prensa\/wp-json\/wp\/v2\/posts"}],"about":[{"href":"https:\/\/www.uv.mx\/prensa\/wp-json\/wp\/v2\/types\/post"}],"author":[{"embeddable":true,"href":"https:\/\/www.uv.mx\/prensa\/wp-json\/wp\/v2\/users\/1508"}],"replies":[{"embeddable":true,"href":"https:\/\/www.uv.mx\/prensa\/wp-json\/wp\/v2\/comments?post=54463"}],"version-history":[{"count":0,"href":"https:\/\/www.uv.mx\/prensa\/wp-json\/wp\/v2\/posts\/54463\/revisions"}],"wp:featuredmedia":[{"embeddable":true,"href":"https:\/\/www.uv.mx\/prensa\/wp-json\/wp\/v2\/media\/54464"}],"wp:attachment":[{"href":"https:\/\/www.uv.mx\/prensa\/wp-json\/wp\/v2\/media?parent=54463"}],"wp:term":[{"taxonomy":"category","embeddable":true,"href":"https:\/\/www.uv.mx\/prensa\/wp-json\/wp\/v2\/categories?post=54463"},{"taxonomy":"post_tag","embeddable":true,"href":"https:\/\/www.uv.mx\/prensa\/wp-json\/wp\/v2\/tags?post=54463"}],"curies":[{"name":"wp","href":"https:\/\/api.w.org\/{rel}","templated":true}]}}