{"id":54477,"date":"2018-09-24T18:52:45","date_gmt":"2018-09-24T23:52:45","guid":{"rendered":"https:\/\/www.uv.mx\/prensa\/?p=54477"},"modified":"2018-09-25T10:35:06","modified_gmt":"2018-09-25T15:35:06","slug":"sistema-escolar-en-uruguay-usa-medicacion-como-solucion-de-conflictos-nilia-viscardi","status":"publish","type":"post","link":"https:\/\/www.uv.mx\/prensa\/general\/sistema-escolar-en-uruguay-usa-medicacion-como-solucion-de-conflictos-nilia-viscardi\/","title":{"rendered":"Sistema escolar en Uruguay usa medicaci\u00f3n como soluci\u00f3n de conflictos: Nilia Viscardi"},"content":{"rendered":"<ul>\n<li><em><span class=\"TextRun SCXW254942245\" lang=\"ES-US\" xml:lang=\"ES-US\"><span class=\"NormalTextRun SCXW254942245\"><span class=\"TextRun SCXW229403879\" lang=\"ES-US\" xml:lang=\"ES-US\"><span class=\"SpellingError SCXW229403879\">La a<\/span><\/span>cad\u00e9mica de la U. de la Rep\u00fablica <\/span><\/span><span class=\"TextRun SCXW254942245\" lang=\"ES-US\" xml:lang=\"ES-US\"><span class=\"NormalTextRun SCXW254942245\">de Uruguay\u00a0<\/span><\/span><span class=\"TextRun SCXW254942245\" lang=\"ES-US\" xml:lang=\"ES-US\"><span class=\"NormalTextRun SCXW254942245\">dijo que el 40 por ciento de los ni\u00f1os de primaria son medicados por alg\u00fan supuesto trastorno de conducta<\/span><\/span><\/em><\/li>\n<\/ul>\n<p>&nbsp;<\/p>\n<div id=\"attachment_54478\" style=\"width: 732px\" class=\"wp-caption aligncenter\"><a href=\"https:\/\/www.uv.mx\/prensa\/files\/2018\/09\/240918-Violencia-escolar.jpg\"><img aria-describedby=\"caption-attachment-54478\" decoding=\"async\" loading=\"lazy\" class=\"size-full wp-image-54478\" src=\"https:\/\/www.uv.mx\/prensa\/files\/2018\/09\/240918-Violencia-escolar.jpg\" alt=\"\" width=\"722\" height=\"481\" srcset=\"https:\/\/www.uv.mx\/prensa\/files\/2018\/09\/240918-Violencia-escolar.jpg 722w, https:\/\/www.uv.mx\/prensa\/files\/2018\/09\/240918-Violencia-escolar-300x200.jpg 300w\" sizes=\"(max-width: 722px) 100vw, 722px\" \/><\/a><p id=\"caption-attachment-54478\" class=\"wp-caption-text\">Nilia Viscardi dict\u00f3 conferencia sobre violencia escolar en Uruguay<\/p><\/div>\n<p>&nbsp;<\/p>\n<p><b><i>Paola Cort\u00e9s P\u00e9rez<\/i><\/b><\/p>\n<p><b><i>24<\/i><\/b><b><i>\/09\/18, Xalapa, Ver.-<\/i><\/b> Nilia Viscardi, profesora de la Facultad de Humanidades y Ciencias Sociales de la Universidad de la Rep\u00fablica (UR), Uruguay, dijo que en su pa\u00eds de origen hay una hipervisibilidad de la violencia ejercida por los j\u00f3venes para ocultar la violencia de los adultos, al dictar la conferencia magistral \u201cLa prevenci\u00f3n de la violencia escolar\u201d, la tarde del 20 de septiembre.<\/p>\n<p>Lo anterior, en el marco del Seminario Internacional \u201cLa inclusi\u00f3n social y la ciudadan\u00eda de las\/los j\u00f3venes en entornos de violencia, vulnerabilidad y exclusi\u00f3n\u201d, que tuvo como sede el <a href=\"https:\/\/www.uv.mx\/iihs\/\">Instituto de Investigaciones Hist\u00f3rico-Sociales (IIH-S) de la Universidad Veracruzana (UV)<\/a>.<\/p>\n<p>Coment\u00f3 que a nivel internacional, los j\u00f3venes varones tienden a involucrarse en la mayor\u00eda de los actos violentos que ponen por delante el uso del cuerpo; le siguen la violencia delictiva, dom\u00e9stica, los delitos de cuello blanco, las amenazas, ajustes de cuentas, donde los protagonistas son los hombres adultos.<\/p>\n<p>\u201cLa funci\u00f3n de mostrar sistem\u00e1ticamente la violencia ejercida por los j\u00f3venes pobres es la de ocultar las violencias ejercidas por el mundo adulto, de este modo se sobreexponen los actos violentos de los j\u00f3venes.\u201d<\/p>\n<p>Conforme a un censo realizado en el 80 por ciento de los centros escolares de Uruguay, mencion\u00f3 que la condena del conflicto, la disociaci\u00f3n del trabajo con las familias, la comunidad de padres \u2013que no integra a la comunidad escolar\u2013 y la falta de hospitalidad de los centros educativos, son algunos de los l\u00edmites m\u00e1s fuertes que inhiben la participaci\u00f3n y aumentan el conflicto escolar.<\/p>\n<p>Tambi\u00e9n se pregunt\u00f3 a los directores cu\u00e1les eran las reglas de convivencia que exist\u00edan en los centros educativos, entre las m\u00faltiples respuestas sobresalen: respeto, convivencia y solidaridad.<\/p>\n<p>De igual manera, se les pregunt\u00f3 a los responsables de los planteles educativos por qu\u00e9 ped\u00edan medidas de seguridad, dijo que la mayor\u00eda respondi\u00f3 que lo hacen porque entienden que hay situaciones de conflicto al interior de la escuela, conflictos entre integrantes del centro educativo y del barrio, y porque tienen problemas con el entorno.<\/p>\n<p>\u201cLos motivos m\u00e1s importantes por los que solicitan medidas de seguridad es que previenen y disuaden, es el temor m\u00e1s que la violencia real lo que lleva a pedir medidas permanentes de seguridad.\u201d<\/p>\n<p>Asegur\u00f3 que el sistema educativo, pese a los problemas que tiene, es el \u00fanico espacio donde ni\u00f1os y adolescentes pueden socializar y experimentar los derechos; es decir, un espacio de experiencia ciudadana donde sean escuchados, llevar sus propuestas, se les ense\u00f1e a argumentar, entre otras.<\/p>\n<p>Sin embargo, dijo que en Uruguay enfrentan una problem\u00e1tica de consideraci\u00f3n: al interior del sistema escolar muchos j\u00f3venes son criminalizados por cuestiones educativas y una manera en que resuelven el problema es a trav\u00e9s de la medicaci\u00f3n y la terapia, hasta el momento es una medida que s\u00f3lo ha funcionado en la clase alta de la sociedad.<\/p>\n<p>\u201cEn este conflicto el m\u00e1s vulnerable es el ni\u00f1o que recibe medicamento a temprana edad, ya que muchos estudios indican que no hay un diagn\u00f3stico serio respecto a estas patolog\u00edas relacionadas con la falta de atenci\u00f3n escolar, pero que el sistema escolar las utiliza como un mecanismo r\u00e1pido de soluci\u00f3n de conflictos al administrar una pastillita para que los ni\u00f1os se queden quietos.\u201d<\/p>\n<p>Subray\u00f3 que el \u201cchaleco qu\u00edmico\u201d es tan violento como las rejas, pero de alguna manera ahorra el llegar al extremo de la violencia, \u00bfla resuelve? \u2013pregunt\u00f3\u2013. No, por el contrario, ha derivado en un alto \u00edndice de casos de suicidio.<\/p>\n<p>Estudios demuestran que en este pa\u00eds sudamericano, el 40 por ciento de los ni\u00f1os que cursan el nivel primaria reciben medicaci\u00f3n por alg\u00fan \u201csupuesto\u201d trastorno de conducta.<\/p>\n<p>\u201cEl discurso respecto a la violencia es: la medicaci\u00f3n y la exclusi\u00f3n ha surtido su efecto, por lo tanto hay cada vez menos violencia en el sentido criminol\u00f3gico, pero tambi\u00e9n hay m\u00e1s malestar escolar, siendo la participaci\u00f3n la \u00fanica vacuna sana\u201d, concluy\u00f3.<\/p>\n","protected":false},"excerpt":{"rendered":"<p>\u201cEs el temor, m\u00e1s que la violencia real, lo que lleva a pedir medidas permanentes de seguridad\u201d, se\u00f1al\u00f3 la acad\u00e9mica de la Universidad de la Rep\u00fablica, Uruguay, al participar en el seminario \u201cLa inclusi\u00f3n social y la ciudadan\u00eda de las\/los j\u00f3venes en entornos de violencia, vulnerabilidad y exclusi\u00f3n\u201d<\/p>\n","protected":false},"author":1508,"featured_media":54478,"comment_status":"closed","ping_status":"closed","sticky":false,"template":"","format":"standard","meta":[],"categories":[1],"tags":[],"_links":{"self":[{"href":"https:\/\/www.uv.mx\/prensa\/wp-json\/wp\/v2\/posts\/54477"}],"collection":[{"href":"https:\/\/www.uv.mx\/prensa\/wp-json\/wp\/v2\/posts"}],"about":[{"href":"https:\/\/www.uv.mx\/prensa\/wp-json\/wp\/v2\/types\/post"}],"author":[{"embeddable":true,"href":"https:\/\/www.uv.mx\/prensa\/wp-json\/wp\/v2\/users\/1508"}],"replies":[{"embeddable":true,"href":"https:\/\/www.uv.mx\/prensa\/wp-json\/wp\/v2\/comments?post=54477"}],"version-history":[{"count":0,"href":"https:\/\/www.uv.mx\/prensa\/wp-json\/wp\/v2\/posts\/54477\/revisions"}],"wp:featuredmedia":[{"embeddable":true,"href":"https:\/\/www.uv.mx\/prensa\/wp-json\/wp\/v2\/media\/54478"}],"wp:attachment":[{"href":"https:\/\/www.uv.mx\/prensa\/wp-json\/wp\/v2\/media?parent=54477"}],"wp:term":[{"taxonomy":"category","embeddable":true,"href":"https:\/\/www.uv.mx\/prensa\/wp-json\/wp\/v2\/categories?post=54477"},{"taxonomy":"post_tag","embeddable":true,"href":"https:\/\/www.uv.mx\/prensa\/wp-json\/wp\/v2\/tags?post=54477"}],"curies":[{"name":"wp","href":"https:\/\/api.w.org\/{rel}","templated":true}]}}