{"id":54766,"date":"2018-09-27T20:56:19","date_gmt":"2018-09-28T01:56:19","guid":{"rendered":"https:\/\/www.uv.mx\/prensa\/?p=54766"},"modified":"2018-09-28T12:57:37","modified_gmt":"2018-09-28T17:57:37","slug":"fcq-realiza-3er-simposio-de-ingenieria-de-procesos","status":"publish","type":"post","link":"https:\/\/www.uv.mx\/prensa\/general\/fcq-realiza-3er-simposio-de-ingenieria-de-procesos\/","title":{"rendered":"FCQ realiza 3er Simposio de Ingenier\u00eda de Procesos"},"content":{"rendered":"<ul>\n<li><i>Fue inaugurado este jueves 27 de septiembre por Eduardo Gasca<\/i> <i>Herrera, director del \u00c1rea Acad\u00e9mica T\u00e9cnica<\/i><\/li>\n<li><i>Es organizado por los CA<\/i> <i>Matem\u00e1ticas Aplicadas para el An\u00e1lisis de Procesos, e Ingenier\u00eda de los<\/i><i> Procesos Qu\u00edmicos y Biol\u00f3gicos<\/i><\/li>\n<li><i>El objetivo es la vinculaci\u00f3n acad\u00e9mica <\/i><i>y <\/i><i>estudiantil<\/i><\/li>\n<\/ul>\n<p>&nbsp;<\/p>\n<div id=\"attachment_54767\" style=\"width: 732px\" class=\"wp-caption aligncenter\"><a href=\"https:\/\/www.uv.mx\/prensa\/files\/2018\/09\/270918-SIMPOSIO-INGENIERIA-DE-PROCESOS-1.jpg\"><img aria-describedby=\"caption-attachment-54767\" decoding=\"async\" loading=\"lazy\" class=\"wp-image-54767 size-full\" src=\"https:\/\/www.uv.mx\/prensa\/files\/2018\/09\/270918-SIMPOSIO-INGENIERIA-DE-PROCESOS-1.jpg\" alt=\"\" width=\"722\" height=\"382\" srcset=\"https:\/\/www.uv.mx\/prensa\/files\/2018\/09\/270918-SIMPOSIO-INGENIERIA-DE-PROCESOS-1.jpg 722w, https:\/\/www.uv.mx\/prensa\/files\/2018\/09\/270918-SIMPOSIO-INGENIERIA-DE-PROCESOS-1-300x159.jpg 300w\" sizes=\"(max-width: 722px) 100vw, 722px\" \/><\/a><p id=\"caption-attachment-54767\" class=\"wp-caption-text\">Eduardo Gasca Herrera, titular de la DGAAT, inaugur\u00f3 el 3er Simposio de Ingenier\u00eda de Procesos<\/p><\/div>\n<p>&nbsp;<\/p>\n<p><b><i>Claudia Peralta V\u00e1zquez<\/i><\/b><\/p>\n<p><b><i>27<\/i><\/b><b><i>\/<\/i><\/b><b><i>09<\/i><\/b><b><i>\/<\/i><\/b><b><i>18, Xalapa, Ver.- <\/i><\/b>La <a href=\"https:\/\/www.uv.mx\/cq\/\">Facultad de Ciencias Qu\u00edmicas<\/a> (FCQ) de la Universidad Veracruzana (UV), a trav\u00e9s de los cuerpos acad\u00e9micos (CA) Matem\u00e1ticas Aplicadas para el An\u00e1lisis de Procesos, e Ingenier\u00eda de los Procesos Qu\u00edmicos y Biol\u00f3gicos, realiza del 26 al 28 de septiembre el 3er Simposio de Ingenier\u00eda de Procesos.<\/p>\n<p>En el Auditorio de la Facultad de Ingenier\u00eda Civil, Eduardo Gasca Herrera, titular de la Direcci\u00f3n General del \u00c1rea Acad\u00e9mica T\u00e9cnica (DGAAT), inaugur\u00f3 este foro el jueves 27 de septiembre. En su mensaje resalt\u00f3 la presencia de investigadores, acad\u00e9micos y alumnos que comparten avances tecnol\u00f3gicos y las tendencias de los procesos de transformaci\u00f3n, a trav\u00e9s de ponencias, conferencias y exposici\u00f3n de carteles.<\/p>\n<p>Afirm\u00f3 que este simposio contribuye a la formaci\u00f3n integral de los alumnos y representa una oportunidad para el fortalecimiento de los lazos de colaboraci\u00f3n entre las diferentes instituciones que asisten.<\/p>\n<p>Al dar la bienvenida a los participantes, Irma Liliana Dom\u00ednguez Ca\u00f1edo, directora de la FCQ, reconoci\u00f3 la labor de los integrantes de los CA que organizan este evento, y agreg\u00f3 que su desempe\u00f1o est\u00e1 m\u00e1s que consolidado en beneficio de la formaci\u00f3n de la comunidad estudiantil de esta entidad acad\u00e9mica.<\/p>\n<p>Eliseo Hern\u00e1ndez Mart\u00ednez, responsable de CA Matem\u00e1ticas Aplicadas para el An\u00e1lisis de Procesos, dio a conocer que la organizaci\u00f3n de este simposio radica en la transmisi\u00f3n de conocimientos a los estudiantes de la FCQ, por parte de expertos de instituciones nacionales e internacionales.<\/p>\n<p>En el plano acad\u00e9mico, dijo, se considera importante establecer redes de comunicaci\u00f3n e investigaci\u00f3n, pero tambi\u00e9n se busca la proyecci\u00f3n de los posgrados de la FCQ: las maestr\u00edas en Ingenier\u00eda Qu\u00edmica e Ingenier\u00eda de la Calidad, y la Especialidad en Diagn\u00f3stico y Gesti\u00f3n Ambiental.<\/p>\n<p>Mencion\u00f3 que la ingenier\u00eda de procesos es la disciplina que se encarga de los procesos de transformaci\u00f3n en materia qu\u00edmica, ambiental y de alimentos.<\/p>\n<p>Producto de dos ediciones anteriores, se ha establecido una estrecha vinculaci\u00f3n que ha permitido a los universitarios realizar estancias de movilidad acad\u00e9mica en las universidades de Guanajuato, Aut\u00f3noma Metropolitana, de Guadalajara, y en el Instituto Tecnol\u00f3gico de Nuevo Le\u00f3n, por citar algunas, en las que han iniciado o dado continuidad a proyectos de investigaci\u00f3n y de tesis; en tanto, las vinculaciones entre acad\u00e9micos han propiciado la instalaci\u00f3n de redes para la generaci\u00f3n de conocimiento y gesti\u00f3n de proyectos de investigaci\u00f3n.<\/p>\n<p>En este contexto, actualmente se eval\u00faan tres proyectos desarrollados con ponentes del pasado foro.<\/p>\n<p>Durante los tres d\u00edas de actividades habr\u00e1 cursos, talleres y conferencias en las \u00e1reas de ingenier\u00eda qu\u00edmica, ambiental y de alimentos.<\/p>\n<p>Entre los ponentes destacan: Roberto Guzm\u00e1n, de la Universidad de Arizona, y Gustavo Fuentes Zurita, de la Universidad Aut\u00f3noma Metropolitana (UAM) Unidad Iztapalapa.<\/p>\n<p>Tambi\u00e9n se desarrollar\u00e1n los talleres sobre: t\u00e9cnicas cualitativas y cuantitativas utilizadas en el dise\u00f1o, an\u00e1lisis y caracterizaci\u00f3n de alimentos; biorremediaci\u00f3n; y sistemas reaccionantes: modelado y aplicaciones.<\/p>\n<p>En el pres\u00eddium estuvieron: Betzab\u00e9 Mora Murrieta, secretaria de la FCQ y de la Facultad de Qu\u00edmica Farmac\u00e9utica Biol\u00f3gica; Alejandro Ortiz Vidal, jefe de carrera de Ingenier\u00eda Qu\u00edmica, y Miguel \u00c1ngel Morales Cabrera, acad\u00e9mico y presidente de la Academia Mexicana de Investigaci\u00f3n y Docencia en Ingenier\u00eda Qu\u00edmica.<\/p>\n<p>&nbsp;<\/p>\n<div id=\"attachment_54768\" style=\"width: 732px\" class=\"wp-caption aligncenter\"><a href=\"https:\/\/www.uv.mx\/prensa\/files\/2018\/09\/270918-SIMPOSIO-INGENIERIA-DE-PROCESOS-2.jpg\"><img aria-describedby=\"caption-attachment-54768\" decoding=\"async\" loading=\"lazy\" class=\"wp-image-54768 size-full\" src=\"https:\/\/www.uv.mx\/prensa\/files\/2018\/09\/270918-SIMPOSIO-INGENIERIA-DE-PROCESOS-2.jpg\" alt=\"\" width=\"722\" height=\"435\" srcset=\"https:\/\/www.uv.mx\/prensa\/files\/2018\/09\/270918-SIMPOSIO-INGENIERIA-DE-PROCESOS-2.jpg 722w, https:\/\/www.uv.mx\/prensa\/files\/2018\/09\/270918-SIMPOSIO-INGENIERIA-DE-PROCESOS-2-300x181.jpg 300w\" sizes=\"(max-width: 722px) 100vw, 722px\" \/><\/a><p id=\"caption-attachment-54768\" class=\"wp-caption-text\">Estudiantes, acad\u00e9micos e investigadores de la FCQ participan en el evento<\/p><\/div>\n","protected":false},"excerpt":{"rendered":"<p>Es organizado por los CA Matem\u00e1ticas Aplicadas para el An\u00e1lisis de Procesos, e Ingenier\u00eda de los Procesos Qu\u00edmicos y Biol\u00f3gicos<\/p>\n","protected":false},"author":1508,"featured_media":54767,"comment_status":"closed","ping_status":"closed","sticky":false,"template":"","format":"standard","meta":[],"categories":[1],"tags":[],"_links":{"self":[{"href":"https:\/\/www.uv.mx\/prensa\/wp-json\/wp\/v2\/posts\/54766"}],"collection":[{"href":"https:\/\/www.uv.mx\/prensa\/wp-json\/wp\/v2\/posts"}],"about":[{"href":"https:\/\/www.uv.mx\/prensa\/wp-json\/wp\/v2\/types\/post"}],"author":[{"embeddable":true,"href":"https:\/\/www.uv.mx\/prensa\/wp-json\/wp\/v2\/users\/1508"}],"replies":[{"embeddable":true,"href":"https:\/\/www.uv.mx\/prensa\/wp-json\/wp\/v2\/comments?post=54766"}],"version-history":[{"count":0,"href":"https:\/\/www.uv.mx\/prensa\/wp-json\/wp\/v2\/posts\/54766\/revisions"}],"wp:featuredmedia":[{"embeddable":true,"href":"https:\/\/www.uv.mx\/prensa\/wp-json\/wp\/v2\/media\/54767"}],"wp:attachment":[{"href":"https:\/\/www.uv.mx\/prensa\/wp-json\/wp\/v2\/media?parent=54766"}],"wp:term":[{"taxonomy":"category","embeddable":true,"href":"https:\/\/www.uv.mx\/prensa\/wp-json\/wp\/v2\/categories?post=54766"},{"taxonomy":"post_tag","embeddable":true,"href":"https:\/\/www.uv.mx\/prensa\/wp-json\/wp\/v2\/tags?post=54766"}],"curies":[{"name":"wp","href":"https:\/\/api.w.org\/{rel}","templated":true}]}}