{"id":54778,"date":"2018-09-28T10:07:02","date_gmt":"2018-09-28T15:07:02","guid":{"rendered":"https:\/\/www.uv.mx\/prensa\/?p=54778"},"modified":"2021-11-08T08:29:38","modified_gmt":"2021-11-08T14:29:38","slug":"uv-escucha-a-padres-de-los-43","status":"publish","type":"post","link":"https:\/\/www.uv.mx\/prensa\/general\/uv-escucha-a-padres-de-los-43\/","title":{"rendered":"UV escucha a padres de los 43"},"content":{"rendered":"<ul>\n<li><i>El padre de uno de los<\/i><i> normalistas desaparecidos <\/i><i>el 26 de septiembre <\/i><i>de 2014<\/i><i> en Iguala, Guerrero<\/i><i>,<\/i><i> convers\u00f3 con estudiantes<\/i><\/li>\n<li><i>Como parte de las Jornadas Acad\u00e9micas \u201cDe Tlatelolco a Ayotzinapa. Un paso adelante y tres atr\u00e1s\u201d<\/i><i>, <\/i><i>Ernesto Casta\u00f1eda present\u00f3 <\/i><i>el libro <\/i>43: una vida detr\u00e1s de cada nombre<\/li>\n<\/ul>\n<p>&nbsp;<\/p>\n<div id=\"attachment_54779\" style=\"width: 732px\" class=\"wp-caption aligncenter\"><a href=\"https:\/\/www.uv.mx\/prensa\/files\/2018\/09\/270918-Jornadas-Tlatelolco-Ayotzinapa.jpg\"><img aria-describedby=\"caption-attachment-54779\" decoding=\"async\" loading=\"lazy\" class=\"size-full wp-image-54779\" src=\"https:\/\/www.uv.mx\/prensa\/files\/2018\/09\/270918-Jornadas-Tlatelolco-Ayotzinapa.jpg\" alt=\"\" width=\"722\" height=\"482\" srcset=\"https:\/\/www.uv.mx\/prensa\/files\/2018\/09\/270918-Jornadas-Tlatelolco-Ayotzinapa.jpg 722w, https:\/\/www.uv.mx\/prensa\/files\/2018\/09\/270918-Jornadas-Tlatelolco-Ayotzinapa-300x200.jpg 300w\" sizes=\"(max-width: 722px) 100vw, 722px\" \/><\/a><p id=\"caption-attachment-54779\" class=\"wp-caption-text\">\u201cNo nos hemos ca\u00eddo, hemos luchado y gracias a esa lucha tenemos la esperanza de volver a ver a nuestros hijos\u201d: Bernab\u00e9 Abraj\u00e1n<\/p><\/div>\n<p>&nbsp;<\/p>\n<p><b><i>Karina de la Paz Reyes D\u00edaz<\/i><\/b><\/p>\n<p><b><i>28<\/i><\/b><b><i>\/09\/18, Xalapa, Ver.-<\/i><\/b> \u201cCumplimos cuatro a\u00f1os sin saber de ellos, cuatro a\u00f1os de dolor, cuatro a\u00f1os sin saber c\u00f3mo est\u00e1n nuestros hijos\u201d, expres\u00f3 Bernab\u00e9 Abraj\u00e1n, padre de Ad\u00e1n Abraj\u00e1n de la Cruz, uno de los 43 estudiantes de la Normal Rural \u201cRa\u00fal Isidro Burgos\u201d de Ayotzinapa, Guerrero, desaparecidos el 26 de septiembre de 2014.<\/p>\n<p>Acompa\u00f1ado de Esther Hern\u00e1ndez Palacios Mir\u00f3n, coordinadora de la Unidad de G\u00e9nero y del programa \u201cTendiendo puentes para la paz\u201d de la UV, Bernab\u00e9 Abraj\u00e1n acudi\u00f3 con Ernesto Casta\u00f1eda, estudiante de Filosof\u00eda, a la Unidad de Humanidades, donde ya lo esperaban universitarios.<\/p>\n<p>El encuentro \u201cAyotzinapa, una mirada desde la Universidad Veracruzana\u201d se desarroll\u00f3 el 27 de septiembre, en el marco de las Jornadas Acad\u00e9micas \u201cDe Tlatelolco a Ayotzinapa. Un paso adelante y tres atr\u00e1s\u201d, organizadas por la m\u00e1xima casa de estudios de Veracruz y el Ayuntamiento de Xalapa.<\/p>\n<p>Ernesto Casta\u00f1eda, coautor del libro colectivo <i>43: Una vida detr\u00e1s de cada nombre<\/i>, de Editorial UV, narr\u00f3 que era estudiante de Letras Espa\u00f1olas cuando se origin\u00f3 el suceso y viaj\u00f3 a Guerrero para entrevistar a padres de los j\u00f3venes desaparecidos.<\/p>\n<p>Hern\u00e1ndez Palacios record\u00f3 que en aquel momento, junto con sus entonces alumnos Ernesto Casta\u00f1eda y Enrique Padilla, tuvieron la iniciativa de escribir un texto y pronto se sumaron 40 colaboradores, entre estudiantes y acad\u00e9micos.<\/p>\n<p>En su oportunidad, Bernab\u00e9 Abraj\u00e1n habl\u00f3 sobre la lucha que los padres de los normalistas emprendieron para encontrarlos; del viaje que hicieron en 2015 a Ginebra, Suiza, para presentar el caso ante el Comit\u00e9 contra Desapariciones Forzadas de la Organizaci\u00f3n de las Naciones Unidas; las controversias entre esta instancia internacional y el gobierno mexicano, y el reciente encuentro con el presidente electo, Andr\u00e9s Manuel L\u00f3pez Obrador.<\/p>\n<p>\u201cCumplimos cuatro a\u00f1os sin saber de ellos, cuatro a\u00f1os de dolor, cuatro a\u00f1os sin saber c\u00f3mo est\u00e1n nuestros hijos, si comen o no comen. Para nosotros es dif\u00edcil, porque hemos tenido obst\u00e1culos, piedras que nos pone este gobierno, pero no hemos parado, no nos hemos ca\u00eddo, hemos luchado y gracias a esa lucha tenemos la esperanza de volver a verlos.\u201d<\/p>\n<p>Al finalizar el encuentro, Ernesto Casta\u00f1eda asever\u00f3 que no s\u00f3lo son 43 los desaparecidos en los \u00faltimos a\u00f1os en el pa\u00eds, sino miles: \u201cLo importante es dejar de verlos como una cifra y empezar a sentirlos como lo que son: personas\u201d.<\/p>\n","protected":false},"excerpt":{"rendered":"<p>Bernab\u00e9 Abraj\u00e1n, padre de uno de los normalistas desaparecidos en Iguala, Guerrero, convers\u00f3 con estudiantes en el marco de las Jornadas Acad\u00e9micas \u201cDe Tlatelolco a Ayotzinapa. Un paso adelante y tres atr\u00e1s\u201d<\/p>\n","protected":false},"author":1508,"featured_media":54779,"comment_status":"closed","ping_status":"closed","sticky":false,"template":"","format":"standard","meta":[],"categories":[1],"tags":[],"_links":{"self":[{"href":"https:\/\/www.uv.mx\/prensa\/wp-json\/wp\/v2\/posts\/54778"}],"collection":[{"href":"https:\/\/www.uv.mx\/prensa\/wp-json\/wp\/v2\/posts"}],"about":[{"href":"https:\/\/www.uv.mx\/prensa\/wp-json\/wp\/v2\/types\/post"}],"author":[{"embeddable":true,"href":"https:\/\/www.uv.mx\/prensa\/wp-json\/wp\/v2\/users\/1508"}],"replies":[{"embeddable":true,"href":"https:\/\/www.uv.mx\/prensa\/wp-json\/wp\/v2\/comments?post=54778"}],"version-history":[{"count":1,"href":"https:\/\/www.uv.mx\/prensa\/wp-json\/wp\/v2\/posts\/54778\/revisions"}],"predecessor-version":[{"id":104720,"href":"https:\/\/www.uv.mx\/prensa\/wp-json\/wp\/v2\/posts\/54778\/revisions\/104720"}],"wp:featuredmedia":[{"embeddable":true,"href":"https:\/\/www.uv.mx\/prensa\/wp-json\/wp\/v2\/media\/54779"}],"wp:attachment":[{"href":"https:\/\/www.uv.mx\/prensa\/wp-json\/wp\/v2\/media?parent=54778"}],"wp:term":[{"taxonomy":"category","embeddable":true,"href":"https:\/\/www.uv.mx\/prensa\/wp-json\/wp\/v2\/categories?post=54778"},{"taxonomy":"post_tag","embeddable":true,"href":"https:\/\/www.uv.mx\/prensa\/wp-json\/wp\/v2\/tags?post=54778"}],"curies":[{"name":"wp","href":"https:\/\/api.w.org\/{rel}","templated":true}]}}