{"id":55060,"date":"2018-10-02T18:08:52","date_gmt":"2018-10-02T23:08:52","guid":{"rendered":"https:\/\/www.uv.mx\/prensa\/?p=55060"},"modified":"2021-11-08T08:29:03","modified_gmt":"2021-11-08T14:29:03","slug":"las-fotos-mas-conocidas-del-68-en-exhibicion-en-el-iih-s","status":"publish","type":"post","link":"https:\/\/www.uv.mx\/prensa\/general\/las-fotos-mas-conocidas-del-68-en-exhibicion-en-el-iih-s\/","title":{"rendered":"Las fotos m\u00e1s conocidas \u201cdel 68\u201d, en exhibici\u00f3n en el IIH-S"},"content":{"rendered":"<ul>\n<li>\u00a0<i>Las fotos <\/i><i>de H\u00e9ctor Garc\u00eda <\/i><i>son las m\u00e1s conocidas del movimiento <\/i><i>estudiantil <\/i><i>han sido reproducidas infinidad de veces en documentales, libros, peri\u00f3dico y revistas<\/i><\/li>\n<\/ul>\n<p>&nbsp;<\/p>\n<div id=\"attachment_55041\" style=\"width: 732px\" class=\"wp-caption aligncenter\"><a href=\"https:\/\/www.uv.mx\/prensa\/files\/2018\/10\/011018-CARLOS-Exposicion-Hector-Garcia-Serie-1968.jpg\"><img aria-describedby=\"caption-attachment-55041\" decoding=\"async\" loading=\"lazy\" class=\"wp-image-55041 size-full\" src=\"https:\/\/www.uv.mx\/prensa\/files\/2018\/10\/011018-CARLOS-Exposicion-Hector-Garcia-Serie-1968.jpg\" alt=\"\" width=\"722\" height=\"481\" srcset=\"https:\/\/www.uv.mx\/prensa\/files\/2018\/10\/011018-CARLOS-Exposicion-Hector-Garcia-Serie-1968.jpg 722w, https:\/\/www.uv.mx\/prensa\/files\/2018\/10\/011018-CARLOS-Exposicion-Hector-Garcia-Serie-1968-300x200.jpg 300w\" sizes=\"(max-width: 722px) 100vw, 722px\" \/><\/a><p id=\"caption-attachment-55041\" class=\"wp-caption-text\">Adri\u00e1n Mendieta realiz\u00f3 una visita guiada en la exposici\u00f3n<\/p><\/div>\n<p>&nbsp;<\/p>\n<p><b><i>Carlos Hugo Hermida Rosales<\/i><\/b><\/p>\n<p><b><i>02\/10\/18, Xalapa, Ver.- <\/i><\/b>La Universidad Veracruzana (UV), a trav\u00e9s de la Direcci\u00f3n General del \u00c1rea Acad\u00e9mica de Humanidades y el programa \u201cTendiendo puentes para la paz\u201d, inaugur\u00f3 el 28 de septiembre en el Instituto de Investigaciones Hist\u00f3rico-Sociales (IIH-S) la exposici\u00f3n fotogr\u00e1fica <i>H\u00e9ctor Garc\u00eda. Serie 1968<\/i>.<\/p>\n<p>Este evento se llev\u00f3 a cabo dentro de las Jornadas Acad\u00e9micas \u201cDe Tlatelolco a Ayotzinapa. Un paso adelante y tres atr\u00e1s\u201d, realizadas por la UV en coordinaci\u00f3n con el Ayuntamiento de Xalapa del 26 de septiembre al 19 de octubre, con motivo de los 50 a\u00f1os del movimiento estudiantil de 1968.<\/p>\n<p>El acto inaugural de esta muestra que se encuentra conformada por 30 im\u00e1genes del fotoperiodista H\u00e9ctor Garc\u00eda, fue encabezado por Esther del Carmen Hern\u00e1ndez Palacios Mir\u00f3n, coordinadora de la Unidad de G\u00e9nero, quien expres\u00f3 la relevancia de sacar a la luz esta colecci\u00f3n fotogr\u00e1fica propiedad de la UV \u2013donada a esta casa de estudios por su autor.<\/p>\n<p>Adem\u00e1s se cont\u00f3 con una visita guiada a cargo de Adri\u00e1n Mendieta, profesor jubilado del Instituto de Artes Pl\u00e1sticas de la UV, quien brind\u00f3 una explicaci\u00f3n acerca de lo que refleja cada una de las fotograf\u00edas.<\/p>\n<p>Alfonso Colorado Hern\u00e1ndez, becario del Centro de Estudios de la Cultura y la Comunicaci\u00f3n (CECC) de la UV, mencion\u00f3 que la importancia de esta exposici\u00f3n fotogr\u00e1fica es inmensa pues H\u00e9ctor Garc\u00eda es uno de los fot\u00f3grafos m\u00e1s importantes del siglo XX en M\u00e9xico.<\/p>\n<p>\u201cSu obra est\u00e1 en museos de gran importancia mundial como el de Arte Moderno de Nueva York, y el \u201cJ. Paul Getty\u201d de los \u00c1ngeles.\u201d<\/p>\n<p>Afirm\u00f3 que estas fotos son las m\u00e1s conocidas del movimiento de 1968 y han sido reproducidas infinidad de veces en documentales, libros, peri\u00f3dico y revistas.<\/p>\n<p>\u201cEstas fotos son un documento hist\u00f3rico de un hecho fundamental en el pa\u00eds, por lo que exponerlas en un espacio acad\u00e9mico conlleva un gran m\u00e9rito\u201d, asever\u00f3.<\/p>\n<p>En la inauguraci\u00f3n de la exposici\u00f3n se cont\u00f3 con la presencia de: Raciel Dam\u00f3n Mart\u00ednez G\u00f3mez, director general de Comunicaci\u00f3n Universitaria; H\u00e9ctor Vinicio Reyes Contreras, director del Instituto de Artes Pl\u00e1sticas; Mario Mu\u00f1oz, director de la revista <i>La Palabra y el Hombre<\/i>; adem\u00e1s de acad\u00e9micos, investigadores, estudiantes y p\u00fablico en general.<\/p>\n<p>La exposici\u00f3n <i>H\u00e9ctor Garc\u00eda. Serie 1968<\/i> estar\u00e1 disponible hasta el viernes 19 de octubre, con entrada libre para todo p\u00fablico.<\/p>\n","protected":false},"excerpt":{"rendered":"<p>Las im\u00e1genes captadas por H\u00e9ctor Garc\u00eda son las m\u00e1s conocidas del movimiento estudiantil y han sido reproducidas diversos en documentales, libros, peri\u00f3dico y revistas<\/p>\n","protected":false},"author":1508,"featured_media":55087,"comment_status":"closed","ping_status":"closed","sticky":false,"template":"","format":"standard","meta":[],"categories":[1],"tags":[],"_links":{"self":[{"href":"https:\/\/www.uv.mx\/prensa\/wp-json\/wp\/v2\/posts\/55060"}],"collection":[{"href":"https:\/\/www.uv.mx\/prensa\/wp-json\/wp\/v2\/posts"}],"about":[{"href":"https:\/\/www.uv.mx\/prensa\/wp-json\/wp\/v2\/types\/post"}],"author":[{"embeddable":true,"href":"https:\/\/www.uv.mx\/prensa\/wp-json\/wp\/v2\/users\/1508"}],"replies":[{"embeddable":true,"href":"https:\/\/www.uv.mx\/prensa\/wp-json\/wp\/v2\/comments?post=55060"}],"version-history":[{"count":1,"href":"https:\/\/www.uv.mx\/prensa\/wp-json\/wp\/v2\/posts\/55060\/revisions"}],"predecessor-version":[{"id":104712,"href":"https:\/\/www.uv.mx\/prensa\/wp-json\/wp\/v2\/posts\/55060\/revisions\/104712"}],"wp:featuredmedia":[{"embeddable":true,"href":"https:\/\/www.uv.mx\/prensa\/wp-json\/wp\/v2\/media\/55087"}],"wp:attachment":[{"href":"https:\/\/www.uv.mx\/prensa\/wp-json\/wp\/v2\/media?parent=55060"}],"wp:term":[{"taxonomy":"category","embeddable":true,"href":"https:\/\/www.uv.mx\/prensa\/wp-json\/wp\/v2\/categories?post=55060"},{"taxonomy":"post_tag","embeddable":true,"href":"https:\/\/www.uv.mx\/prensa\/wp-json\/wp\/v2\/tags?post=55060"}],"curies":[{"name":"wp","href":"https:\/\/api.w.org\/{rel}","templated":true}]}}